{"id":4382,"date":"2025-10-16T09:39:45","date_gmt":"2025-10-16T12:39:45","guid":{"rendered":"https:\/\/focas.uniso.br\/?p=4382"},"modified":"2025-10-16T09:39:45","modified_gmt":"2025-10-16T12:39:45","slug":"outubro-rosa-quem-procura-acha-e-quem-acha-cuida","status":"publish","type":"post","link":"https:\/\/focas.uniso.br\/index.php\/2025\/10\/16\/outubro-rosa-quem-procura-acha-e-quem-acha-cuida\/","title":{"rendered":"Outubro Rosa: \u201cQuem procura, acha, e quem acha, cuida\u201d"},"content":{"rendered":"\n<p><em>No Outubro Rosa, a hist\u00f3ria de Rita Almeida, que venceu o c\u00e2ncer de mama, simboliza a import\u00e2ncia do diagn\u00f3stico precoce e do cuidado com a pr\u00f3pria sa\u00fade<\/em><\/p>\n\n\n\n<p>Por Alyne Troiano (Ag\u00eancia Focas \u2013 Jornalismo Uniso)<\/p>\n\n\n\n<p>Desde 2002, o d\u00e9cimo m\u00eas do calend\u00e1rio \u00e9 dedicado \u00e0 campanha Outubro Rosa, uma mobiliza\u00e7\u00e3o mundial que busca conscientizar sobre a import\u00e2ncia da preven\u00e7\u00e3o e do diagn\u00f3stico precoce do c\u00e2ncer de mama e do colo do \u00fatero. De acordo com o Instituto Nacional de C\u00e2ncer (INCA), o c\u00e2ncer de mama \u00e9 o tipo que mais afeta mulheres no Brasil, com estimativa de 74 mil novos casos por ano at\u00e9 2025. J\u00e1 o c\u00e2ncer do colo do \u00fatero ocupa o terceiro lugar, com cerca de 17 mil casos anuais, ficando atr\u00e1s do c\u00e2ncer de c\u00f3lon e reto, que tem incid\u00eancia estimada de 24 mil novos casos no recorte entre 2023 e 2025.<\/p>\n\n\n\n<p>O Minist\u00e9rio da Sa\u00fade recomenda que mulheres a partir dos 40 anos realizem o exame cl\u00ednico das mamas anualmente e que, entre 50 e 69 anos, fa\u00e7am a mamografia a cada dois anos. No entanto, \u00e9 importante refor\u00e7ar que conhecer o pr\u00f3prio corpo e observar altera\u00e7\u00f5es nas mamas, como caro\u00e7os, retra\u00e7\u00f5es na pele ou secre\u00e7\u00f5es, \u00e9 essencial para identificar precocemente poss\u00edveis sinais da doen\u00e7a. Segundo o INCA, as chances de cura ultrapassam 90% quando o diagn\u00f3stico \u00e9 feito no in\u00edcio.<\/p>\n\n\n\n<p>A bibliotec\u00e1ria Rita Almeida, hoje com 48 anos, descobriu o primeiro n\u00f3dulo nas mamas aos 37. Na \u00e9poca, o exame apontou que se tratava de um n\u00f3dulo benigno, mas cerca de um ano depois, em 2017, ap\u00f3s um assalto que a deixou extremamente nervosa, percebeu que sua mama direita estava r\u00edgida como pedra. \u201cFiz os exames e recebi o diagn\u00f3stico. Foi um momento extremamente dif\u00edcil. A primeira rea\u00e7\u00e3o \u00e9 negar que estamos doentes. A gente pensa que vai morrer antes disso, que chegou o fim da nossa vida\u201d, relembra.<\/p>\n\n\n\n<p>Depois do diagn\u00f3stico, Rita precisou tomar uma das decis\u00f5es mais dif\u00edceis, iniciar o tratamento com quimioterapia ou optar pela mastectomia, a retirada total da mama direita. \u201cAl\u00e9m de n\u00e3o querer morrer, eu fiquei tamb\u00e9m naquela grande d\u00favida de ficar careca ou ficar sem mama\u201d, conta. Seguindo as recomenda\u00e7\u00f5es m\u00e9dicas, ela decidiu realizar a mastectomia com reconstru\u00e7\u00e3o mam\u00e1ria imediata. O exame de bi\u00f3psia mostrou que o tumor estava \u201cin situ\u201d, ou seja, n\u00e3o havia se espalhado para outros locais, o que permitiu que Rita n\u00e3o precisasse passar por quimioterapia ou radioterapia. \u201cGra\u00e7as a Deus, eu tive esse privil\u00e9gio, em que pude fazer a mastectomia da mama direita com reconstru\u00e7\u00e3o mam\u00e1ria\u201d, afirma.<\/p>\n\n\n\n<p>Desde 1999, o Sistema \u00danico de Sa\u00fade (SUS) oferece cirurgia de reconstru\u00e7\u00e3o mam\u00e1ria para mulheres que perderam a mama total ou parcialmente em decorr\u00eancia do c\u00e2ncer. Em julho de 2024, a legisla\u00e7\u00e3o foi ampliada para incluir tamb\u00e9m mulheres que precisarem da reconstru\u00e7\u00e3o por outros motivos, al\u00e9m de garantir acompanhamento psicol\u00f3gico e suporte multidisciplinar especializado durante o tratamento e a recupera\u00e7\u00e3o. A reconstru\u00e7\u00e3o mam\u00e1ria \u00e9 considerada um passo fundamental na reabilita\u00e7\u00e3o f\u00edsica e emocional das pacientes, pois ajuda na recupera\u00e7\u00e3o da autoestima e no enfrentamento da doen\u00e7a.<\/p>\n\n\n\n<p>Rita conta que sua f\u00e9 em Nossa Senhora de Nazar\u00e9 foi essencial para enfrentar o c\u00e2ncer. Apesar da cura, o tratamento trouxe consequ\u00eancias. Por motivos hormonais e para evitar a reincid\u00eancia da doen\u00e7a, ela precisou realizar uma cirurgia para retirada do \u00fatero. \u201cO c\u00e2ncer te faz ser uma nova pessoa. Eu estava prestes a completar 40 anos, uma fase em que a mulher se sente grata por chegar at\u00e9 ali. No meu caso, recebi um turbilh\u00e3o de sentimentos: ser paciente oncol\u00f3gica e, ao mesmo tempo, lidar com o fato de n\u00e3o poder ser m\u00e3e. Essa \u00e9 a parte mais triste para mim\u201d, compartilha.<\/p>\n\n\n\n<p>Hoje, Rita \u00e9 considerada curada pelos m\u00e9dicos e se tornou uma voz ativa, por meio de palestras na conscientiza\u00e7\u00e3o sobre a import\u00e2ncia dos exames preventivos. \u201cA mensagem que eu deixo \u00e9 que quem procura, acha, e quem acha, cuida. \u00c9 necess\u00e1rio praticar o autocuidado, fazer os exames periodicamente, o check-up, porque o diagn\u00f3stico precoce salva vidas.\u201d<\/p>\n\n\n\n<p>Al\u00e9m do autoexame e da mamografia, o INCA orienta que algumas mudan\u00e7as no estilo de vida ajudam a reduzir o risco de desenvolver c\u00e2ncer de mama. Entre elas est\u00e3o manter uma alimenta\u00e7\u00e3o saud\u00e1vel, rica em frutas, verduras e gr\u00e3os integrais; praticar atividade f\u00edsica regularmente; evitar o consumo excessivo de \u00e1lcool e cigarro; controlar o peso corporal; e procurar atendimento m\u00e9dico diante de qualquer altera\u00e7\u00e3o nas mamas.<\/p>\n\n\n\n<p>O Outubro Rosa nos lembra que cuidar da pr\u00f3pria sa\u00fade n\u00e3o \u00e9 apenas um ato de preven\u00e7\u00e3o, mas tamb\u00e9m de coragem e amor pr\u00f3prio. Hist\u00f3rias como a de Rita mostram que o diagn\u00f3stico precoce pode salvar vidas, transformar realidades e dar \u00e0 mulher a chance de reescrever sua hist\u00f3ria, enfrentando o c\u00e2ncer com for\u00e7a e determina\u00e7\u00e3o.<\/p>\n\n\n\n<p><strong>Servi\u00e7o<\/strong><\/p>\n\n\n\n<p>&nbsp;&nbsp;&nbsp;&nbsp;&nbsp;&nbsp;&nbsp;&nbsp;&nbsp;&nbsp;&nbsp; A Secretaria de Sa\u00fade de Sorocaba promove ao longo do m\u00eas uma s\u00e9rie de a\u00e7\u00f5es nas Unidades B\u00e1sicas de Sa\u00fade da cidade em alus\u00e3o ao Outubro Rosa. As datas e locais das atividades podem ser consultados no site da Prefeitura de Sorocaba, confira no link.<\/p>\n\n\n\n<figure class=\"wp-block-embed\"><div class=\"wp-block-embed__wrapper\">\nhttps:\/\/noticias.sorocaba.sp.gov.br\/ubss-de-sorocaba-realizam-programacao-alusiva-a-campanha-outubro-rosa\n<\/div><\/figure>\n\n\n\n<figure class=\"wp-block-gallery has-nested-images columns-default is-cropped wp-block-gallery-1 is-layout-flex wp-block-gallery-is-layout-flex\">\n<figure class=\"wp-block-image size-large\"><img loading=\"lazy\" decoding=\"async\" width=\"720\" height=\"720\" data-id=\"4387\" src=\"https:\/\/focas.uniso.br\/wp-content\/uploads\/2025\/10\/WhatsApp-Image-2025-10-13-at-18.59.15.jpeg\" alt=\"\" class=\"wp-image-4387\" srcset=\"https:\/\/focas.uniso.br\/wp-content\/uploads\/2025\/10\/WhatsApp-Image-2025-10-13-at-18.59.15.jpeg 720w, https:\/\/focas.uniso.br\/wp-content\/uploads\/2025\/10\/WhatsApp-Image-2025-10-13-at-18.59.15-300x300.jpeg 300w, https:\/\/focas.uniso.br\/wp-content\/uploads\/2025\/10\/WhatsApp-Image-2025-10-13-at-18.59.15-150x150.jpeg 150w\" sizes=\"auto, (max-width: 720px) 100vw, 720px\" \/><figcaption class=\"wp-element-caption\">Foto- Arquivo Pessoal<\/figcaption><\/figure>\n\n\n\n<figure class=\"wp-block-image size-large\"><img loading=\"lazy\" decoding=\"async\" width=\"635\" height=\"637\" data-id=\"4386\" src=\"https:\/\/focas.uniso.br\/wp-content\/uploads\/2025\/10\/WhatsApp-Image-2025-10-13-at-18.59.16.jpeg\" alt=\"\" class=\"wp-image-4386\" srcset=\"https:\/\/focas.uniso.br\/wp-content\/uploads\/2025\/10\/WhatsApp-Image-2025-10-13-at-18.59.16.jpeg 635w, https:\/\/focas.uniso.br\/wp-content\/uploads\/2025\/10\/WhatsApp-Image-2025-10-13-at-18.59.16-300x300.jpeg 300w, https:\/\/focas.uniso.br\/wp-content\/uploads\/2025\/10\/WhatsApp-Image-2025-10-13-at-18.59.16-150x150.jpeg 150w\" sizes=\"auto, (max-width: 635px) 100vw, 635px\" \/><figcaption class=\"wp-element-caption\">Foto- Arquivo Pessoal<\/figcaption><\/figure>\n\n\n\n<figure class=\"wp-block-image size-large\"><img loading=\"lazy\" decoding=\"async\" width=\"818\" height=\"1024\" data-id=\"4385\" src=\"https:\/\/focas.uniso.br\/wp-content\/uploads\/2025\/10\/WhatsApp-Image-2025-10-13-at-18.59.16-1-818x1024.jpeg\" alt=\"\" class=\"wp-image-4385\" srcset=\"https:\/\/focas.uniso.br\/wp-content\/uploads\/2025\/10\/WhatsApp-Image-2025-10-13-at-18.59.16-1-818x1024.jpeg 818w, https:\/\/focas.uniso.br\/wp-content\/uploads\/2025\/10\/WhatsApp-Image-2025-10-13-at-18.59.16-1-240x300.jpeg 240w, https:\/\/focas.uniso.br\/wp-content\/uploads\/2025\/10\/WhatsApp-Image-2025-10-13-at-18.59.16-1-768x961.jpeg 768w, https:\/\/focas.uniso.br\/wp-content\/uploads\/2025\/10\/WhatsApp-Image-2025-10-13-at-18.59.16-1.jpeg 1078w\" sizes=\"auto, (max-width: 818px) 100vw, 818px\" \/><figcaption class=\"wp-element-caption\">Foto- Arquivo Pessoal<\/figcaption><\/figure>\n\n\n\n<figure class=\"wp-block-image size-large\"><img loading=\"lazy\" decoding=\"async\" width=\"928\" height=\"1024\" data-id=\"4384\" src=\"https:\/\/focas.uniso.br\/wp-content\/uploads\/2025\/10\/WhatsApp-Image-2025-10-13-at-18.59.16-2-928x1024.jpeg\" alt=\"\" class=\"wp-image-4384\" srcset=\"https:\/\/focas.uniso.br\/wp-content\/uploads\/2025\/10\/WhatsApp-Image-2025-10-13-at-18.59.16-2-928x1024.jpeg 928w, https:\/\/focas.uniso.br\/wp-content\/uploads\/2025\/10\/WhatsApp-Image-2025-10-13-at-18.59.16-2-272x300.jpeg 272w, https:\/\/focas.uniso.br\/wp-content\/uploads\/2025\/10\/WhatsApp-Image-2025-10-13-at-18.59.16-2-768x847.jpeg 768w, https:\/\/focas.uniso.br\/wp-content\/uploads\/2025\/10\/WhatsApp-Image-2025-10-13-at-18.59.16-2.jpeg 1078w\" sizes=\"auto, (max-width: 928px) 100vw, 928px\" \/><figcaption class=\"wp-element-caption\">Foto- Arquivo Pessoal<\/figcaption><\/figure>\n\n\n\n<figure class=\"wp-block-image size-large\"><img loading=\"lazy\" decoding=\"async\" width=\"1021\" height=\"1024\" data-id=\"4383\" src=\"https:\/\/focas.uniso.br\/wp-content\/uploads\/2025\/10\/WhatsApp-Image-2025-10-13-at-18.59.16-3-1021x1024.jpeg\" alt=\"\" class=\"wp-image-4383\" srcset=\"https:\/\/focas.uniso.br\/wp-content\/uploads\/2025\/10\/WhatsApp-Image-2025-10-13-at-18.59.16-3-1021x1024.jpeg 1021w, https:\/\/focas.uniso.br\/wp-content\/uploads\/2025\/10\/WhatsApp-Image-2025-10-13-at-18.59.16-3-300x300.jpeg 300w, https:\/\/focas.uniso.br\/wp-content\/uploads\/2025\/10\/WhatsApp-Image-2025-10-13-at-18.59.16-3-150x150.jpeg 150w, https:\/\/focas.uniso.br\/wp-content\/uploads\/2025\/10\/WhatsApp-Image-2025-10-13-at-18.59.16-3-768x770.jpeg 768w, https:\/\/focas.uniso.br\/wp-content\/uploads\/2025\/10\/WhatsApp-Image-2025-10-13-at-18.59.16-3.jpeg 1078w\" sizes=\"auto, (max-width: 1021px) 100vw, 1021px\" \/><figcaption class=\"wp-element-caption\">Foto- Arquivo Pessoal<\/figcaption><\/figure>\n<\/figure>\n","protected":false},"excerpt":{"rendered":"<p>No Outubro Rosa, a hist\u00f3ria de Rita Almeida, que venceu o c\u00e2ncer de mama, simboliza a import\u00e2ncia do diagn\u00f3stico precoce<\/p>\n","protected":false},"author":1,"featured_media":0,"comment_status":"open","ping_status":"open","sticky":false,"template":"","format":"standard","meta":{"colormag_page_container_layout":"default_layout","colormag_page_sidebar_layout":"default_layout","footnotes":""},"categories":[15,9,37,14],"tags":[30,41,29,28],"class_list":["post-4382","post","type-post","status-publish","format-standard","hentry","category-jornalismo","category-jornalismo-online","category-sorocaba","category-uniso","tag-focas","tag-focas-na-rede","tag-jornalismo","tag-uniso"],"featured_image_urls":{"full":"","thumbnail":"","medium":"","medium_large":"","large":"","1536x1536":"","2048x2048":"","colormag-highlighted-post":"","colormag-featured-post-medium":"","colormag-featured-post-small":"","colormag-featured-image":"","colormag-default-news":"","colormag-featured-image-large":""},"author_info":{"info":["focas"]},"category_info":"<a href=\"https:\/\/focas.uniso.br\/index.php\/category\/jornalismo\/\" rel=\"category tag\">Jornalismo<\/a> <a href=\"https:\/\/focas.uniso.br\/index.php\/category\/jornalismo-online\/\" rel=\"category tag\">jornalismo online<\/a> <a href=\"https:\/\/focas.uniso.br\/index.php\/category\/sorocaba\/\" rel=\"category tag\">Sorocaba<\/a> <a href=\"https:\/\/focas.uniso.br\/index.php\/category\/uniso\/\" rel=\"category tag\">Uniso<\/a>","tag_info":"Uniso","comment_count":"0","_links":{"self":[{"href":"https:\/\/focas.uniso.br\/index.php\/wp-json\/wp\/v2\/posts\/4382","targetHints":{"allow":["GET"]}}],"collection":[{"href":"https:\/\/focas.uniso.br\/index.php\/wp-json\/wp\/v2\/posts"}],"about":[{"href":"https:\/\/focas.uniso.br\/index.php\/wp-json\/wp\/v2\/types\/post"}],"author":[{"embeddable":true,"href":"https:\/\/focas.uniso.br\/index.php\/wp-json\/wp\/v2\/users\/1"}],"replies":[{"embeddable":true,"href":"https:\/\/focas.uniso.br\/index.php\/wp-json\/wp\/v2\/comments?post=4382"}],"version-history":[{"count":1,"href":"https:\/\/focas.uniso.br\/index.php\/wp-json\/wp\/v2\/posts\/4382\/revisions"}],"predecessor-version":[{"id":4388,"href":"https:\/\/focas.uniso.br\/index.php\/wp-json\/wp\/v2\/posts\/4382\/revisions\/4388"}],"wp:attachment":[{"href":"https:\/\/focas.uniso.br\/index.php\/wp-json\/wp\/v2\/media?parent=4382"}],"wp:term":[{"taxonomy":"category","embeddable":true,"href":"https:\/\/focas.uniso.br\/index.php\/wp-json\/wp\/v2\/categories?post=4382"},{"taxonomy":"post_tag","embeddable":true,"href":"https:\/\/focas.uniso.br\/index.php\/wp-json\/wp\/v2\/tags?post=4382"}],"curies":[{"name":"wp","href":"https:\/\/api.w.org\/{rel}","templated":true}]}}