{"id":4389,"date":"2025-10-14T10:22:59","date_gmt":"2025-10-14T13:22:59","guid":{"rendered":"https:\/\/focas.uniso.br\/?p=4389"},"modified":"2025-10-14T10:22:59","modified_gmt":"2025-10-14T13:22:59","slug":"reflexoes-fotograficas","status":"publish","type":"post","link":"https:\/\/focas.uniso.br\/index.php\/2025\/10\/14\/reflexoes-fotograficas\/","title":{"rendered":"Reflex\u00f5es Fotogr\u00e1ficas"},"content":{"rendered":"\n<p>Esses dias algo me fez refletir sobre qual a import\u00e2ncia de uma foto.<\/p>\n\n\n\n<p>Eu estava procurando fotos do rec\u00e9m falecido professor Ademir Barros para uma mem\u00f3ria p\u00f3stuma. Descobri que n\u00e3o tinha <strong>nenhuma <\/strong>ao seu lado, somente de sua figura de maneira individual ou junto com outras pessoas. Fiquei pensando, como assim n\u00e3o tenho nenhuma foto com ele? Acabei descobrindo que ele n\u00e3o era o \u00fanico.<\/p>\n\n\n\n<p>Demorou para cair a ficha, mas depois me lembrei que na maioria de nossos encontros \u2013 por conta da l\u00f3gica de trabalho multitarefa, cada vez mais o jornalista exerce n\u00e3o apenas uma fun\u00e7\u00e3o, mas v\u00e1rias \u2013 eu estava atuando como fot\u00f3grafo do evento\/reuni\u00e3o, e <strong>fot\u00f3grafo n\u00e3o sai nas fotos<\/strong>.<\/p>\n\n\n\n<p>Ser\u00e1 uma solid\u00e3o fotogr\u00e1fica perp\u00e9tua?<\/p>\n\n\n\n<p>N\u00e3o sair nas fotos gera uma sensa\u00e7\u00e3o de n\u00e3o estar?<\/p>\n\n\n\n<p>Como fica o acervo do fot\u00f3grafo? Somente em sua mem\u00f3ria?<\/p>\n\n\n\n<p>Em uma viagem mental voltei a 2019 quando entrei no curso de Jornalismo, minhas fotos eram p\u00e9ssimas. A porcentagem de perda era de 70%, ou seja, a cada 10 fotos s\u00f3 tr\u00eas se salvavam. Lembro-me do meu professor Jos\u00e9 Neto n\u00e3o me deixar desistir quando eu ficava desanimado. Quando acertava, eu dizia \u201cprofessor, fiz uma foto na cagada\u201d e ele respondia \u201cn\u00e3o existe foto na cagada, sua mente j\u00e1 visualizou aquela cena antes de voc\u00ea dar o click com o dedo\u201d. E para me incentivar ele dizia que \u201co mais dif\u00edcil voc\u00ea j\u00e1 tem, que \u00e9 a <strong>percep\u00e7\u00e3o<\/strong>. Agora s\u00f3 lhe falta a t\u00e9cnica\u201d.<\/p>\n\n\n\n<p>Devagarzinho as coisas foram melhorando, a margem caiu para 50%, 30% e hoje em dia creio est\u00e1 em 20%.<\/p>\n\n\n\n<p>Ainda na minha viagem fui vasculhar minhas galerias e fiz uma descoberta, tenho muito mais fotos de outras pessoas\/ambientes do que de <strong>mim mesmo<\/strong>. Ser\u00e1 que a posi\u00e7\u00e3o de fot\u00f3grafo me moldou a ser uma pessoa despreocupada com selfies, ao contr\u00e1rio da maioria das pessoas? E olha que sou leonino e filho de Ox\u00f3ssi.<\/p>\n\n\n\n<p>Na busca achei uma foto minha, 3&#215;4, para utilizar em um documento. Foi uma sensa\u00e7\u00e3o muito diferente parar para <strong>me olhar<\/strong>. A\u00ed te fa\u00e7o uma pergunta: <strong><em>quando foi a \u00faltima vez que voc\u00ea parou para se olhar em uma foto?<\/em><\/strong> O exerc\u00edcio vale a pena.<\/p>\n\n\n\n<p>Talvez pela proximidade ao rosto que este tipo de foto requer, meu olhar estava bem vis\u00edvel nela. Fiquei tempos \u201cme olhando\u201d. Foi uma conversa profunda comigo mesmo, parecia que eu estava olhando para minha alma. Me fiz perguntas, \u201cvoc\u00ea viu o quanto voc\u00ea mudou? O quanto evolui nessa vida? Est\u00e1 feliz consigo mesmo?\u201d<\/p>\n\n\n\n<p>Foi muito bom! (olhar fotos \u00e9 muito bom, talvez estejamos esquecendo disso).<\/p>\n\n\n\n<p>Dizem que fotografar \u00e9 congelar o tempo e \u2013 relembrando o slogan do Rep\u00f3rter Esso \u2013 que o fot\u00f3grafo \u00e9 uma testemunha ocular da hist\u00f3ria.<\/p>\n\n\n\n<p>Quero continuar assim.<\/p>\n\n\n\n<p>Lembrando que foto n\u00e3o \u00e9 apenas para fazemos v\u00e1rios cliques porque o \u201cbiquinho\u201d n\u00e3o ficou t\u00e3o instagram\u00e1vel.<\/p>\n\n\n\n<p>Demorei um pouco para compreender e por mais que muitas vezes seja estranho ou bata uma dorzinha de arrependimento, n\u00e3o estar em todas as fotos n\u00e3o \u00e9 nenhuma falta de cuidado consigo mesmo. N\u00e3o se culpe. Na verdade, voc\u00ea n\u00e3o est\u00e1 na foto pois estava fazendo algo muito mais importante do que imagina, o <em>registro do <strong>momento<\/strong> coletivo<\/em>.<\/p>\n\n\n\n<p><strong>Foto \u00e9<\/strong> registro; mem\u00f3ria; carinho; prazer; retratar o Outro (sim, com letra mai\u00fascula assim como ensina Sodr\u00e9); produ\u00e7\u00e3o de algo que ser\u00e1 para uso coletivo; documento hist\u00f3rico e jornal\u00edstico, mesmo que voc\u00ea n\u00e3o esteja nela, lembre-se disso.<\/p>\n\n\n\n<figure class=\"wp-block-image size-full\"><img loading=\"lazy\" decoding=\"async\" width=\"817\" height=\"222\" src=\"https:\/\/focas.uniso.br\/wp-content\/uploads\/2025\/04\/WhatsApp-Image-2025-04-08-at-09.40.58.jpeg\" alt=\"\" class=\"wp-image-2969\" srcset=\"https:\/\/focas.uniso.br\/wp-content\/uploads\/2025\/04\/WhatsApp-Image-2025-04-08-at-09.40.58.jpeg 817w, https:\/\/focas.uniso.br\/wp-content\/uploads\/2025\/04\/WhatsApp-Image-2025-04-08-at-09.40.58-300x82.jpeg 300w, https:\/\/focas.uniso.br\/wp-content\/uploads\/2025\/04\/WhatsApp-Image-2025-04-08-at-09.40.58-768x209.jpeg 768w\" sizes=\"auto, (max-width: 817px) 100vw, 817px\" \/><\/figure>\n","protected":false},"excerpt":{"rendered":"<p>Esses dias algo me fez refletir sobre qual a import\u00e2ncia de uma foto. Eu estava procurando fotos do rec\u00e9m falecido<\/p>\n","protected":false},"author":1,"featured_media":2968,"comment_status":"open","ping_status":"open","sticky":false,"template":"","format":"standard","meta":{"colormag_page_container_layout":"default_layout","colormag_page_sidebar_layout":"default_layout","footnotes":""},"categories":[6],"tags":[30,41,29,28],"class_list":["post-4389","post","type-post","status-publish","format-standard","has-post-thumbnail","hentry","category-coluna","tag-focas","tag-focas-na-rede","tag-jornalismo","tag-uniso"],"featured_image_urls":{"full":["https:\/\/focas.uniso.br\/wp-content\/uploads\/2025\/04\/WhatsApp-Image-2025-04-08-at-09.38.16.jpeg",851,315,false],"thumbnail":["https:\/\/focas.uniso.br\/wp-content\/uploads\/2025\/04\/WhatsApp-Image-2025-04-08-at-09.38.16-150x150.jpeg",150,150,true],"medium":["https:\/\/focas.uniso.br\/wp-content\/uploads\/2025\/04\/WhatsApp-Image-2025-04-08-at-09.38.16-300x111.jpeg",300,111,true],"medium_large":["https:\/\/focas.uniso.br\/wp-content\/uploads\/2025\/04\/WhatsApp-Image-2025-04-08-at-09.38.16-768x284.jpeg",768,284,true],"large":["https:\/\/focas.uniso.br\/wp-content\/uploads\/2025\/04\/WhatsApp-Image-2025-04-08-at-09.38.16.jpeg",800,296,false],"1536x1536":["https:\/\/focas.uniso.br\/wp-content\/uploads\/2025\/04\/WhatsApp-Image-2025-04-08-at-09.38.16.jpeg",851,315,false],"2048x2048":["https:\/\/focas.uniso.br\/wp-content\/uploads\/2025\/04\/WhatsApp-Image-2025-04-08-at-09.38.16.jpeg",851,315,false],"colormag-highlighted-post":["https:\/\/focas.uniso.br\/wp-content\/uploads\/2025\/04\/WhatsApp-Image-2025-04-08-at-09.38.16-392x272.jpeg",392,272,true],"colormag-featured-post-medium":["https:\/\/focas.uniso.br\/wp-content\/uploads\/2025\/04\/WhatsApp-Image-2025-04-08-at-09.38.16-390x205.jpeg",390,205,true],"colormag-featured-post-small":["https:\/\/focas.uniso.br\/wp-content\/uploads\/2025\/04\/WhatsApp-Image-2025-04-08-at-09.38.16-130x90.jpeg",130,90,true],"colormag-featured-image":["https:\/\/focas.uniso.br\/wp-content\/uploads\/2025\/04\/WhatsApp-Image-2025-04-08-at-09.38.16-800x315.jpeg",800,315,true],"colormag-default-news":["https:\/\/focas.uniso.br\/wp-content\/uploads\/2025\/04\/WhatsApp-Image-2025-04-08-at-09.38.16-150x150.jpeg",150,150,true],"colormag-featured-image-large":["https:\/\/focas.uniso.br\/wp-content\/uploads\/2025\/04\/WhatsApp-Image-2025-04-08-at-09.38.16.jpeg",851,315,false]},"author_info":{"info":["focas"]},"category_info":"<a href=\"https:\/\/focas.uniso.br\/index.php\/category\/coluna\/\" rel=\"category tag\">Coluna<\/a>","tag_info":"Coluna","comment_count":"0","_links":{"self":[{"href":"https:\/\/focas.uniso.br\/index.php\/wp-json\/wp\/v2\/posts\/4389","targetHints":{"allow":["GET"]}}],"collection":[{"href":"https:\/\/focas.uniso.br\/index.php\/wp-json\/wp\/v2\/posts"}],"about":[{"href":"https:\/\/focas.uniso.br\/index.php\/wp-json\/wp\/v2\/types\/post"}],"author":[{"embeddable":true,"href":"https:\/\/focas.uniso.br\/index.php\/wp-json\/wp\/v2\/users\/1"}],"replies":[{"embeddable":true,"href":"https:\/\/focas.uniso.br\/index.php\/wp-json\/wp\/v2\/comments?post=4389"}],"version-history":[{"count":1,"href":"https:\/\/focas.uniso.br\/index.php\/wp-json\/wp\/v2\/posts\/4389\/revisions"}],"predecessor-version":[{"id":4390,"href":"https:\/\/focas.uniso.br\/index.php\/wp-json\/wp\/v2\/posts\/4389\/revisions\/4390"}],"wp:featuredmedia":[{"embeddable":true,"href":"https:\/\/focas.uniso.br\/index.php\/wp-json\/wp\/v2\/media\/2968"}],"wp:attachment":[{"href":"https:\/\/focas.uniso.br\/index.php\/wp-json\/wp\/v2\/media?parent=4389"}],"wp:term":[{"taxonomy":"category","embeddable":true,"href":"https:\/\/focas.uniso.br\/index.php\/wp-json\/wp\/v2\/categories?post=4389"},{"taxonomy":"post_tag","embeddable":true,"href":"https:\/\/focas.uniso.br\/index.php\/wp-json\/wp\/v2\/tags?post=4389"}],"curies":[{"name":"wp","href":"https:\/\/api.w.org\/{rel}","templated":true}]}}