{"id":4408,"date":"2025-10-16T14:02:38","date_gmt":"2025-10-16T17:02:38","guid":{"rendered":"https:\/\/focas.uniso.br\/?p=4408"},"modified":"2025-10-16T14:02:38","modified_gmt":"2025-10-16T17:02:38","slug":"no-dia-dos-professores-homenagens-e-muita-resiliencia","status":"publish","type":"post","link":"https:\/\/focas.uniso.br\/index.php\/2025\/10\/16\/no-dia-dos-professores-homenagens-e-muita-resiliencia\/","title":{"rendered":"No Dia dos Professores, homenagens e muita resili\u00eancia"},"content":{"rendered":"\n<p>Por Fabrizio&nbsp;Setti&nbsp;(Ag\u00eancia Focas \u2013 Jornalismo&nbsp;Uniso)<\/p>\n\n\n\n<p>Em&nbsp;15 de outubro de 1947,&nbsp;foi realizada a primeira celebra\u00e7\u00e3o do \u201cDia dos Professores\u201d&nbsp;em uma escola na cidade de S\u00e3o Paulo. A comemora\u00e7\u00e3o foi idealizada&nbsp;pelo Professor Salom\u00e3o Becker&nbsp;e,&nbsp;inicialmente, seria&nbsp;um dia&nbsp;depausa no meio do ano letivo para&nbsp;que&nbsp;professores e pais analisassem em conjunto&nbsp;o que havia sido feito e o que estava previsto para&nbsp;o restante do ano letivo. A data n\u00e3o foi escolhida aleatoriamente, essa foi a mesma data em que, em&nbsp;1827, Dom&nbsp;Pedro I assinou a lei que definiu a constru\u00e7\u00e3o de escolas de ensino fundamental&nbsp;\u2013 chamadas de&nbsp;Escolas de Primeiras Letras, na \u00e9poca&nbsp;\u2013&nbsp;e estipulou a contrata\u00e7\u00e3o&nbsp;e o pagamento de sal\u00e1rios para&nbsp;professores.Mas,&nbsp;foi apenas no dia 13 de outubro de 1963 que o Decreto Federal n\u00ba 52.682, que oficializou o Dia dos Professores,&nbsp;foi assinado, tornando a data&nbsp;feriado escolar no Brasil.<\/p>\n\n\n\n<p>O significado dessa data mudou ao longo dos anos, muitas pessoas adotaram o dia para&nbsp;expressar&nbsp;carinho porseus professores.&nbsp;As&nbsp;pessoas&nbsp;manifestam sua gratid\u00e3o&nbsp;pela dedica\u00e7\u00e3o de seus professores, algumas&nbsp;homenagens s\u00e3o realizadas&nbsp;para um professor&nbsp;ou professora&nbsp;espec\u00edfico, entre outras formas de demonstrar a relev\u00e2ncia desses e dessas profissionais, como relembra&nbsp;Ulisses&nbsp;MatiolaTodorov, estudante universit\u00e1rio de Anima\u00e7\u00e3o.&nbsp;\u201cUm dos melhores professores que tive foi na faculdade.&nbsp;Ele lecionou&nbsp;seis&nbsp;mat\u00e9rias diferentes para minha turma ao longo do curso. Independente da mat\u00e9ria ele sempre tinha o mesmo n\u00edvel de excel\u00eancia e&nbsp;de&nbsp;aten\u00e7\u00e3o com cada aluno\u201d.&nbsp;Ao&nbsp;ser perguntado sobre qual sua melhor lembran\u00e7a&nbsp;desse professor, Ulisses&nbsp;diz que&nbsp;\u201cfoi durante uma das aulas de Tratamento de Imagem&nbsp;em que&nbsp;ele ficou mais de 30 minutos ap\u00f3s a aula me ajudando a fazer o&nbsp;redesign&nbsp;de uma logo que eu tinha que entregar at\u00e9 o fim do dia.&nbsp;Na lembran\u00e7a do ex-aluno, esse professor \u00e9 especial porque&nbsp;\u201cindependente do problema que o aluno tivesse mesmo que n\u00e3o fosse relacionado com a aula diretamente, ele ajudava sem problema algum\u201d.<\/p>\n\n\n\n<p>J\u00e1 os professores&nbsp;entendem o dia como uma data marcada pela resili\u00eancia necess\u00e1rio para o exerc\u00edcio dessa profiss\u00e3o.&nbsp;A professora Andreia&nbsp;Moraes Clemente, educadora do ensino fundamental,&nbsp;comenta&nbsp;que hoje \u201cser professora \u00e9 um ato que precisa&nbsp;de&nbsp;muita resili\u00eancia e paix\u00e3o&nbsp;[e que]&nbsp;a profiss\u00e3o se transformou em um exerc\u00edcio constante de supera\u00e7\u00e3o\u201d.&nbsp;Para muitos professores, os desafios s\u00e3o grandes, a valoriza\u00e7\u00e3o da profiss\u00e3o \u00e9 baixa e o apoio do governo quase n\u00e3o existe.&nbsp;Andreia cita esses problemas e&nbsp;ainda menciona os baixos sal\u00e1rios&nbsp;comoproblemas&nbsp;que&nbsp;\u201crefletem uma desvaloriza\u00e7\u00e3o social do papel essencial que o educador desempenha\u201d. Por\u00e9m, mesmo em meio&nbsp;a tantos&nbsp;desafios, muitos professores demonstram carinho e apre\u00e7o pela profiss\u00e3o que exercem,Andreia&nbsp;\u00e9 um deles.&nbsp;\u201cApesar de toda dificuldade, formar e instruir alunos \u00e9 muito satisfat\u00f3rio e isto nos motiva a cada dia.\u201d<\/p>\n\n\n\n<p>N\u00e3o&nbsp;\u00e9 dif\u00edcil&nbsp;encontrar&nbsp;mensagens&nbsp;em&nbsp;homenagem a esse dia&nbsp;em publica\u00e7\u00f5es de texto e v\u00eddeo nas redes sociais,ou mesmo falas saudosas&nbsp;em encontros ocasionais&nbsp;e&nbsp;em conversas sobre o passado.&nbsp;Por isso, a equipe da Ag\u00eancia Focas expressa seu respeito e admira\u00e7\u00e3o pelos professores, especialmente aqueles que fazem parte do corpo docente da Universidade de Sorocaba.<\/p>\n\n\n\n<figure class=\"wp-block-image size-full\"><img loading=\"lazy\" decoding=\"async\" width=\"1000\" height=\"667\" src=\"https:\/\/focas.uniso.br\/wp-content\/uploads\/2025\/10\/WhatsApp-Image-2025-10-16-at-13.57.13.jpeg\" alt=\"\" class=\"wp-image-4410\" srcset=\"https:\/\/focas.uniso.br\/wp-content\/uploads\/2025\/10\/WhatsApp-Image-2025-10-16-at-13.57.13.jpeg 1000w, https:\/\/focas.uniso.br\/wp-content\/uploads\/2025\/10\/WhatsApp-Image-2025-10-16-at-13.57.13-300x200.jpeg 300w, https:\/\/focas.uniso.br\/wp-content\/uploads\/2025\/10\/WhatsApp-Image-2025-10-16-at-13.57.13-768x512.jpeg 768w\" sizes=\"auto, (max-width: 1000px) 100vw, 1000px\" \/><figcaption class=\"wp-element-caption\">Foto- Reprodu\u00e7\u00e3o: FIA Business School<\/figcaption><\/figure>\n","protected":false},"excerpt":{"rendered":"<p>Por Fabrizio&nbsp;Setti&nbsp;(Ag\u00eancia Focas \u2013 Jornalismo&nbsp;Uniso) Em&nbsp;15 de outubro de 1947,&nbsp;foi realizada a primeira celebra\u00e7\u00e3o do \u201cDia dos Professores\u201d&nbsp;em uma escola<\/p>\n","protected":false},"author":1,"featured_media":0,"comment_status":"open","ping_status":"open","sticky":false,"template":"","format":"standard","meta":{"colormag_page_container_layout":"default_layout","colormag_page_sidebar_layout":"default_layout","footnotes":""},"categories":[1],"tags":[],"class_list":["post-4408","post","type-post","status-publish","format-standard","hentry","category-uncategorized"],"featured_image_urls":{"full":"","thumbnail":"","medium":"","medium_large":"","large":"","1536x1536":"","2048x2048":"","colormag-highlighted-post":"","colormag-featured-post-medium":"","colormag-featured-post-small":"","colormag-featured-image":"","colormag-default-news":"","colormag-featured-image-large":""},"author_info":{"info":["focas"]},"category_info":"<a href=\"https:\/\/focas.uniso.br\/index.php\/category\/uncategorized\/\" rel=\"category tag\">Uncategorized<\/a>","tag_info":"Uncategorized","comment_count":"0","_links":{"self":[{"href":"https:\/\/focas.uniso.br\/index.php\/wp-json\/wp\/v2\/posts\/4408","targetHints":{"allow":["GET"]}}],"collection":[{"href":"https:\/\/focas.uniso.br\/index.php\/wp-json\/wp\/v2\/posts"}],"about":[{"href":"https:\/\/focas.uniso.br\/index.php\/wp-json\/wp\/v2\/types\/post"}],"author":[{"embeddable":true,"href":"https:\/\/focas.uniso.br\/index.php\/wp-json\/wp\/v2\/users\/1"}],"replies":[{"embeddable":true,"href":"https:\/\/focas.uniso.br\/index.php\/wp-json\/wp\/v2\/comments?post=4408"}],"version-history":[{"count":1,"href":"https:\/\/focas.uniso.br\/index.php\/wp-json\/wp\/v2\/posts\/4408\/revisions"}],"predecessor-version":[{"id":4411,"href":"https:\/\/focas.uniso.br\/index.php\/wp-json\/wp\/v2\/posts\/4408\/revisions\/4411"}],"wp:attachment":[{"href":"https:\/\/focas.uniso.br\/index.php\/wp-json\/wp\/v2\/media?parent=4408"}],"wp:term":[{"taxonomy":"category","embeddable":true,"href":"https:\/\/focas.uniso.br\/index.php\/wp-json\/wp\/v2\/categories?post=4408"},{"taxonomy":"post_tag","embeddable":true,"href":"https:\/\/focas.uniso.br\/index.php\/wp-json\/wp\/v2\/tags?post=4408"}],"curies":[{"name":"wp","href":"https:\/\/api.w.org\/{rel}","templated":true}]}}