{"id":4412,"date":"2025-10-17T11:21:08","date_gmt":"2025-10-17T14:21:08","guid":{"rendered":"https:\/\/focas.uniso.br\/?p=4412"},"modified":"2025-10-17T11:21:08","modified_gmt":"2025-10-17T14:21:08","slug":"vale-tudo-entra-na-ultima-semana-como-sucesso-absoluto-na-tv-e-nas-redes-sociais-em-diferentes-idades","status":"publish","type":"post","link":"https:\/\/focas.uniso.br\/index.php\/2025\/10\/17\/vale-tudo-entra-na-ultima-semana-como-sucesso-absoluto-na-tv-e-nas-redes-sociais-em-diferentes-idades\/","title":{"rendered":"Vale Tudo entra na \u00faltima semana como sucesso absoluto na TV e nas redes sociais em diferentes idades"},"content":{"rendered":"\n<p><em>Trama acaba hoje com forte repercuss\u00e3o no p\u00fablico<\/em><\/p>\n\n\n\n<p>Por Gustavo Guebert (Ag\u00eancia Focas \u2013 Jornalismo Uniso)<\/p>\n\n\n\n<p>O remake da novela Vale Tudo, no ar desde mar\u00e7o, pode at\u00e9 ter patinado na audi\u00eancia no in\u00edcio, mas chegou \u00e0 sua reta final como um sucesso de audi\u00eancia e de repercuss\u00e3o. No cap\u00edtulo em que a vil\u00e3 Odete Roitman \u00e9 assassinada, segundo a coluna F5 da Folha de S. Paulo, o folhetim chegou a 31 pontos de audi\u00eancia na Grande S\u00e3o Paulo, tradicional term\u00f4metro da audi\u00eancia no pa\u00eds. No Globoplay, a novela j\u00e1 \u00e9 a mais assistida da hist\u00f3ria da plataforma. A repercuss\u00e3o nas redes sociais \u00e9 enorme, com cortes no TikTok, par\u00f3dias e v\u00eddeos de teorias sobre a pergunta que ronda o telespectador: \u201cQuem matou Odete Roitman?\u201d<\/p>\n\n\n\n<p>Em 1988, o Brasil parou com a mesma pergunta, na vers\u00e3o original da novela. A dona de casa Ana L\u00facia Guebert, de 61 anos, acompanhou a Vale Tudo original e se lembra da repercuss\u00e3o. \u201cAs pessoas faziam bol\u00f5es, teorizavam, mas quase ningu\u00e9m acertou o assassino. No \u00faltimo cap\u00edtulo, quando o mist\u00e9rio \u00e9 revelado, todo mundo ficou surpreso. Foi bem legal.\u201d Sobre as adapta\u00e7\u00f5es na nova vers\u00e3o, Ana diz que algumas deram certo, outras, n\u00e3o. \u201cO Marco Aur\u00e9lio do remake \u00e9 um personagem muito mais divertido. Continua um vil\u00e3o, mas um vil\u00e3o carism\u00e1tico. A Odete Roitman da D\u00e9bora Bloch arrasou tamb\u00e9m. Mas algumas coisas ficaram sem sentido. A adapta\u00e7\u00e3o do n\u00facleo da irm\u00e3 do Marco Aur\u00e9lio com a esposa, por exemplo, ficou esquecida na trama, o casal e a filhinha ficaram sem fun\u00e7\u00e3o, jogados na trama. Essa enrola\u00e7\u00e3o com o transplante de medula do Afonso ficou sem gra\u00e7a tamb\u00e9m.\u201d<\/p>\n\n\n\n<p>A novela \u00e9 sucesso de repercuss\u00e3o na internet. Cortes com cenas do folhetim pipocam no Instagram e no TikTok, com compilados de Odete Roitman falando \u201cmeu bem\u201d ou \u201cmocinha Duprat\u201d, cenas da vil\u00e3 soltando frases marcantes, momentos divertidos da outra vil\u00e3, Maria de F\u00e1tima, al\u00e9m de par\u00f3dias, onde se destacam os v\u00eddeos do desenhista e dublador Petit Abel, que faz sucesso com Topete Roitman, em v\u00eddeos de humor com situa\u00e7\u00f5es da novela. O v\u00eddeo parodiando do cap\u00edtulo do assassinato de Odete chegou a 169 mil likes no TikTok.<\/p>\n\n\n\n<p>A como\u00e7\u00e3o em torno da novela \u00e9 tanta que chegou a ir para as ruas. No Rio de Janeiro, o bloco de Carnaval fora de \u00e9poca, batizado de D\u00e9bora Bloco, reuniu foli\u00f5es fantasiados como as personagens do folhetim. Os fashionistas tamb\u00e9m se empolgaram com a novela. O perfil no Instagram \u201cCloset da Tia Celina\u201d, que tem mais de 28 mil seguidores, descobre de onde s\u00e3o as roupas que a personagem usa e mostra os valores das pe\u00e7as. At\u00e9 crian\u00e7as amam o folhetim. A internauta Thais Acauan postou um v\u00eddeo da irm\u00e3zinha indo para uma festa a fantasia da escola vestida de Odete Roitman, com o v\u00eddeo chegando a 73 mil curtidas.<\/p>\n\n\n\n<p>Mas por que essas rea\u00e7\u00f5es no p\u00fablico? A especialista em telenovela brasileira, professora da Uniso, Ge\u00f3rgia de Mattos, diz que \u201ca telenovela brasileira \u00e9 um fen\u00f4meno cultural que extrapola o mero entretenimento e assume fun\u00e7\u00f5es sociais, pol\u00edticas e simb\u00f3licas na sociedade brasileira. Seu impacto sobre o telespectador deve ser analisado n\u00e3o apenas individualmente, mas, sobretudo, como um fen\u00f4meno coletivo, moldado por processos de media\u00e7\u00e3o cultural, identifica\u00e7\u00e3o social e constru\u00e7\u00e3o de imagin\u00e1rios.\u201d<\/p>\n\n\n\n<p>Salta aos olhos como o p\u00fablico mais jovem, da chamada Gera\u00e7\u00e3o Z, se identifica com a vil\u00e3 Maria de F\u00e1tima, que no remake passa a ser uma influenciadora digital. \u201cMary de Faty\u201d, como foi carinhosamente apelidada nas redes sociais, conversa com uma gera\u00e7\u00e3o que se sente frustrada e cansada de n\u00e3o conseguir realizar suas ambi\u00e7\u00f5es. O estudante Nicolas Teixeira, de 18 anos, fala sobre a rela\u00e7\u00e3o da personagem com esse p\u00fablico, \u201ca Maria de F\u00e1tima foi um presente pra minha gera\u00e7\u00e3o, porque ela representa aquela vontade de crescer, sobretudo na internet, um anseio por subir na vida. Claro, n\u00e3o me identifico com os crimes dela, mas com essa parte da ambi\u00e7\u00e3o, sim.\u201d Ele tamb\u00e9m conta que n\u00e3o assistiu \u00e0 vers\u00e3o original da novela, e que n\u00e3o acompanhava uma novela da Globo fazia tempo: \u201cmas essa trama de \u2018Vale a pena ser honesto no Brasil?\u2019 que tem em Vale Tudo me pegou, e \u00e9 muito legal ver a repercuss\u00e3o na internet e comentando com as pessoas, porque, mais legal do que ver novela, \u00e9 conversar sobre novela.\u201d<\/p>\n\n\n\n<p>H\u00e1 at\u00e9 quem assista \u00e0 novela mesmo sem gostar muito. Felipe Martins, de 26 anos, conta que acompanhar a trama \u201cse tornou um \u2018hate watching\u2019\u201d. Esse termo identifica a pr\u00e1tica de assistir a um filme ou programa de televis\u00e3o para falar mal ou observar os defeitos. Felipe ressalta que o saldo, com a novela quase no fim, \u00e9 \u201cagridoce\u201d. Ele acredita que o remake n\u00e3o fez jus \u00e0 produ\u00e7\u00e3o original, conhecida como uma das melhores do g\u00eanero no Brasil. \u201cA novela perdeu o tom. Tinha tudo para ser impactante e optaram por um emburrecimento dos personagens, que viraram s\u00f3 arqu\u00e9tipos. Chega a ser ris\u00edvel que, em mais de 180 epis\u00f3dios, n\u00e3o conseguiram desenvolver os personagens direito.\u201d Ele tamb\u00e9m reclama do excesso de publicidade, coisa que foi amplamente ridicularizada na internet, mas que trouxe lucro recorde no segmento de novelas da Globo, de acordo com o site Exame. Apesar das cr\u00edticas, Felipe frisa a import\u00e2ncia do senso de comunidade que acompanhar uma telenovela traz, \u201ca novela acabou sendo um ve\u00edculo importante, nesse ano, para me aproximar de amigos, familiares e pessoas queridas\u201d.&nbsp; Enfim, Vale Tudo termina hoje,&nbsp; trazendo de volta o h\u00e1bito do brasileiro de ir para a frente da televis\u00e3o, e agora tamb\u00e9m para a frente do celular ou do computador.<\/p>\n\n\n\n<figure class=\"wp-block-gallery has-nested-images columns-default is-cropped wp-block-gallery-1 is-layout-flex wp-block-gallery-is-layout-flex\">\n<figure class=\"wp-block-image size-large\"><img loading=\"lazy\" decoding=\"async\" width=\"540\" height=\"304\" data-id=\"4414\" src=\"https:\/\/focas.uniso.br\/wp-content\/uploads\/2025\/10\/WhatsApp-Image-2025-10-17-at-00.08.44.jpeg\" alt=\"\" class=\"wp-image-4414\" srcset=\"https:\/\/focas.uniso.br\/wp-content\/uploads\/2025\/10\/WhatsApp-Image-2025-10-17-at-00.08.44.jpeg 540w, https:\/\/focas.uniso.br\/wp-content\/uploads\/2025\/10\/WhatsApp-Image-2025-10-17-at-00.08.44-300x169.jpeg 300w\" sizes=\"auto, (max-width: 540px) 100vw, 540px\" \/><figcaption class=\"wp-element-caption\">Foto- Reprodu\u00e7\u00e3o: Gshow<\/figcaption><\/figure>\n\n\n\n<figure class=\"wp-block-image size-large\"><img loading=\"lazy\" decoding=\"async\" width=\"638\" height=\"385\" data-id=\"4413\" src=\"https:\/\/focas.uniso.br\/wp-content\/uploads\/2025\/10\/WhatsApp-Image-2025-10-17-at-00.08.57.jpeg\" alt=\"\" class=\"wp-image-4413\" srcset=\"https:\/\/focas.uniso.br\/wp-content\/uploads\/2025\/10\/WhatsApp-Image-2025-10-17-at-00.08.57.jpeg 638w, https:\/\/focas.uniso.br\/wp-content\/uploads\/2025\/10\/WhatsApp-Image-2025-10-17-at-00.08.57-300x181.jpeg 300w\" sizes=\"auto, (max-width: 638px) 100vw, 638px\" \/><figcaption class=\"wp-element-caption\">Foto- Reprodu\u00e7\u00e3o <\/figcaption><\/figure>\n<\/figure>\n","protected":false},"excerpt":{"rendered":"<p>Trama acaba hoje com forte repercuss\u00e3o no p\u00fablico Por Gustavo Guebert (Ag\u00eancia Focas \u2013 Jornalismo Uniso) O remake da novela<\/p>\n","protected":false},"author":1,"featured_media":0,"comment_status":"open","ping_status":"open","sticky":false,"template":"","format":"standard","meta":{"colormag_page_container_layout":"default_layout","colormag_page_sidebar_layout":"default_layout","footnotes":""},"categories":[15,9,37,14],"tags":[30,41,29,28],"class_list":["post-4412","post","type-post","status-publish","format-standard","hentry","category-jornalismo","category-jornalismo-online","category-sorocaba","category-uniso","tag-focas","tag-focas-na-rede","tag-jornalismo","tag-uniso"],"featured_image_urls":{"full":"","thumbnail":"","medium":"","medium_large":"","large":"","1536x1536":"","2048x2048":"","colormag-highlighted-post":"","colormag-featured-post-medium":"","colormag-featured-post-small":"","colormag-featured-image":"","colormag-default-news":"","colormag-featured-image-large":""},"author_info":{"info":["focas"]},"category_info":"<a href=\"https:\/\/focas.uniso.br\/index.php\/category\/jornalismo\/\" rel=\"category tag\">Jornalismo<\/a> <a href=\"https:\/\/focas.uniso.br\/index.php\/category\/jornalismo-online\/\" rel=\"category tag\">jornalismo online<\/a> <a href=\"https:\/\/focas.uniso.br\/index.php\/category\/sorocaba\/\" rel=\"category tag\">Sorocaba<\/a> <a href=\"https:\/\/focas.uniso.br\/index.php\/category\/uniso\/\" rel=\"category tag\">Uniso<\/a>","tag_info":"Uniso","comment_count":"0","_links":{"self":[{"href":"https:\/\/focas.uniso.br\/index.php\/wp-json\/wp\/v2\/posts\/4412","targetHints":{"allow":["GET"]}}],"collection":[{"href":"https:\/\/focas.uniso.br\/index.php\/wp-json\/wp\/v2\/posts"}],"about":[{"href":"https:\/\/focas.uniso.br\/index.php\/wp-json\/wp\/v2\/types\/post"}],"author":[{"embeddable":true,"href":"https:\/\/focas.uniso.br\/index.php\/wp-json\/wp\/v2\/users\/1"}],"replies":[{"embeddable":true,"href":"https:\/\/focas.uniso.br\/index.php\/wp-json\/wp\/v2\/comments?post=4412"}],"version-history":[{"count":1,"href":"https:\/\/focas.uniso.br\/index.php\/wp-json\/wp\/v2\/posts\/4412\/revisions"}],"predecessor-version":[{"id":4415,"href":"https:\/\/focas.uniso.br\/index.php\/wp-json\/wp\/v2\/posts\/4412\/revisions\/4415"}],"wp:attachment":[{"href":"https:\/\/focas.uniso.br\/index.php\/wp-json\/wp\/v2\/media?parent=4412"}],"wp:term":[{"taxonomy":"category","embeddable":true,"href":"https:\/\/focas.uniso.br\/index.php\/wp-json\/wp\/v2\/categories?post=4412"},{"taxonomy":"post_tag","embeddable":true,"href":"https:\/\/focas.uniso.br\/index.php\/wp-json\/wp\/v2\/tags?post=4412"}],"curies":[{"name":"wp","href":"https:\/\/api.w.org\/{rel}","templated":true}]}}