{"id":4416,"date":"2025-10-17T10:32:49","date_gmt":"2025-10-17T13:32:49","guid":{"rendered":"https:\/\/focas.uniso.br\/?p=4416"},"modified":"2025-10-17T13:08:40","modified_gmt":"2025-10-17T16:08:40","slug":"homenagem-a-ademir-barros-dos-santos","status":"publish","type":"post","link":"https:\/\/focas.uniso.br\/index.php\/2025\/10\/17\/homenagem-a-ademir-barros-dos-santos\/","title":{"rendered":"Homenagem a Ademir Barros dos Santos"},"content":{"rendered":"\n<p><strong><em>S\u00e9rie sexta-feira, dia de Oxal\u00e1 (In memorian de Ademir)<\/em><\/strong><\/p>\n\n\n\n<p><strong>Homenagem 1<\/strong><\/p>\n\n\n\n<p>\u201cAdemir Barros dos Santos foi um militante negro comprometido com a constru\u00e7\u00e3o de uma sociedade mais justa, plural e antirracista. Atuou com firmeza e sensibilidade na defesa da Educa\u00e7\u00e3o das Rela\u00e7\u00f5es \u00c9tnico-Raciais em Sorocaba, integrando o Grupo de A\u00e7\u00f5es Articuladas (GAAR-SEDU) em 2017, onde contribuiu ativamente para a formula\u00e7\u00e3o de uma pauta coletiva voltada \u00e0 implementa\u00e7\u00e3o das Diretrizes Curriculares Nacionais para a Educa\u00e7\u00e3o das Rela\u00e7\u00f5es \u00c9tnico-Raciais (DCNERER).<\/p>\n\n\n\n<p>Tive a alegria de partilhar com Ademir o espa\u00e7o formativo da ACIEPE ETNS-UFSCar, no dia 18 de maio de 2021, quando trabalhamos juntos o tema <em>Hist\u00f3ria e Cultura Afro-Brasileira e Africana: Religiosidade Afro-Brasileira<\/em>. Sua presen\u00e7a era potente \u2014 uma mistura de serenidade, sabedoria e compromisso \u00e9tico com a ancestralidade.<\/p>\n\n\n\n<p>Pesquisador da hist\u00f3ria e cultura afro-brasileira, Ademir tamb\u00e9m deixou sua marca no audiovisual ao participar, em 2010, do document\u00e1rio <em>A Umbanda \u00e9 Mogib\u00e1 <\/em>(Curtadoc), revelando ao p\u00fablico a profundidade da religiosidade afro-brasileira como territ\u00f3rio de resist\u00eancia, f\u00e9 e dignidade.<\/p>\n\n\n\n<p>O legado de Ademir \u00e9 de luz e continuidade. Ele nos ensinou que o conhecimento \u00e9 um ato pol\u00edtico e que a espiritualidade \u00e9 tamb\u00e9m caminho de liberta\u00e7\u00e3o. Sua voz permanece ecoando nas escolas, nos terreiros, nos grupos de pesquisa e nos cora\u00e7\u00f5es daqueles que acreditam na educa\u00e7\u00e3o como pr\u00e1tica de liberdade.\u201d<\/p>\n\n\n\n<p>Adilene Cavalheiro \u201314\/10\/2025.<\/p>\n\n\n\n<figure class=\"wp-block-image size-full\"><img loading=\"lazy\" decoding=\"async\" width=\"671\" height=\"632\" src=\"https:\/\/focas.uniso.br\/wp-content\/uploads\/2025\/10\/WhatsApp-Image-2025-10-17-at-00.16.14.jpeg\" alt=\"\" class=\"wp-image-4417\" srcset=\"https:\/\/focas.uniso.br\/wp-content\/uploads\/2025\/10\/WhatsApp-Image-2025-10-17-at-00.16.14.jpeg 671w, https:\/\/focas.uniso.br\/wp-content\/uploads\/2025\/10\/WhatsApp-Image-2025-10-17-at-00.16.14-300x283.jpeg 300w\" sizes=\"auto, (max-width: 671px) 100vw, 671px\" \/><figcaption class=\"wp-element-caption\">Print do document\u00e1rio A Umbanda \u00e9 Mogib\u00e1<\/figcaption><\/figure>\n\n\n\n<p><strong>Acessos ao document\u00e1rio a Umbanda \u00e9 Mogib\u00e1<\/strong><\/p>\n\n\n\n<figure class=\"wp-block-embed is-type-wp-embed is-provider-curtadoc wp-block-embed-curtadoc\"><div class=\"wp-block-embed__wrapper\">\n<blockquote class=\"wp-embedded-content\" data-secret=\"N06U5Z4FUr\"><a href=\"https:\/\/curtadoc.com.br\/curta\/cultura-popular\/a-umbanda-e-mogiba\/\">A Umbanda \u00e9 Mogib\u00e1<\/a><\/blockquote><iframe loading=\"lazy\" class=\"wp-embedded-content\" sandbox=\"allow-scripts\" security=\"restricted\" style=\"position: absolute; visibility: hidden;\" title=\"&#8220;A Umbanda \u00e9 Mogib\u00e1&#8221; &#8212; Curtadoc\" src=\"https:\/\/curtadoc.com.br\/curta\/cultura-popular\/a-umbanda-e-mogiba\/embed\/#?secret=UBwRzFUW15#?secret=N06U5Z4FUr\" data-secret=\"N06U5Z4FUr\" width=\"600\" height=\"338\" frameborder=\"0\" marginwidth=\"0\" marginheight=\"0\" scrolling=\"no\"><\/iframe>\n<\/div><\/figure>\n\n\n\n<figure class=\"wp-block-embed is-type-video is-provider-youtube wp-block-embed-youtube wp-embed-aspect-4-3 wp-has-aspect-ratio\"><div class=\"wp-block-embed__wrapper\">\n<iframe loading=\"lazy\" title=\"&quot;A Umbanda \u00e9 Mogib\u00e1&quot;\" width=\"800\" height=\"600\" src=\"https:\/\/www.youtube.com\/embed\/bQ_rwK3c6pI?feature=oembed\" frameborder=\"0\" allow=\"accelerometer; autoplay; clipboard-write; encrypted-media; gyroscope; picture-in-picture; web-share\" referrerpolicy=\"strict-origin-when-cross-origin\" allowfullscreen><\/iframe>\n<\/div><\/figure>\n\n\n\n<p><strong>Homenagem 2<\/strong><\/p>\n\n\n\n<p>\u201cEle sempre me chamava de &#8220;parceiro&#8221;. E isso n\u00e3o \u00e9 pouco. \u00c9ramos mais do que amigos. Est\u00e1vamos juntos numa empreitada maior que envolvia a difus\u00e3o cultural e, de certa maneira, a revela\u00e7\u00e3o de muitas hist\u00f3rias ocultas pelo p\u00f3 dos que se apoderam da sociedade para contar apenas a sua hist\u00f3ria. Realizamos alguns trabalhos juntos como passeios pelos lugares de mem\u00f3ria negra em Sorocaba e, tamb\u00e9m, v\u00eddeos sobre Jo\u00e3o de Camargo e os territ\u00f3rios negros de Sorocaba, com financiamento do SESC Sorocaba. Andamos por muitos lugares &#8211; at\u00e9 na cidade de Dois C\u00f3rregos estivemos juntos em feira liter\u00e1ria &#8211; sempre em parceria. No Cafund\u00f3 aprofundamos a nossa amizade (eu participava como aluno de um curso de cup\u00f3pia pelo Nucab). T\u00ednhamos um projeto de escrever um livro sobre a V\u00f3 Cida da Vila Am\u00e9lia. Encontrei-me com ele h\u00e1 algumas semanas. Falou em retomarmos esse projeto. Mas, infelizmente, ele se foi. Aprendi muito sobre a \u00c1frica (ou \u00c1fricas), coisas que uso at\u00e9 hoje em minhas aulas. Ademir Barros dos Santos foi um grande amigo. Mais do que isso, um parceiro com o qual tive o prazer de compartilhar momentos significativos de aprendizado.\u201d<\/p>\n\n\n\n<p>Carlos Carvalho Cavalheiro \u201314\/10\/2025.<\/p>\n\n\n\n<figure class=\"wp-block-image size-full\"><img loading=\"lazy\" decoding=\"async\" width=\"946\" height=\"631\" src=\"https:\/\/focas.uniso.br\/wp-content\/uploads\/2025\/10\/WhatsApp-Image-2025-10-17-at-00.17.17.jpeg\" alt=\"\" class=\"wp-image-4418\" srcset=\"https:\/\/focas.uniso.br\/wp-content\/uploads\/2025\/10\/WhatsApp-Image-2025-10-17-at-00.17.17.jpeg 946w, https:\/\/focas.uniso.br\/wp-content\/uploads\/2025\/10\/WhatsApp-Image-2025-10-17-at-00.17.17-300x200.jpeg 300w, https:\/\/focas.uniso.br\/wp-content\/uploads\/2025\/10\/WhatsApp-Image-2025-10-17-at-00.17.17-768x512.jpeg 768w\" sizes=\"auto, (max-width: 946px) 100vw, 946px\" \/><figcaption class=\"wp-element-caption\">Carlos e Ademir em uma de muitas feiras liter\u00e1rias que visitaram juntos | Foto: Ricardo Conrado Schadt<\/figcaption><\/figure>\n","protected":false},"excerpt":{"rendered":"<p>S\u00e9rie sexta-feira, dia de Oxal\u00e1 (In memorian de Ademir) Homenagem 1 \u201cAdemir Barros dos Santos foi um militante negro comprometido<\/p>\n","protected":false},"author":1,"featured_media":0,"comment_status":"open","ping_status":"open","sticky":false,"template":"","format":"standard","meta":{"colormag_page_container_layout":"default_layout","colormag_page_sidebar_layout":"default_layout","footnotes":""},"categories":[15,9,37,14],"tags":[30,41,29,28],"class_list":["post-4416","post","type-post","status-publish","format-standard","hentry","category-jornalismo","category-jornalismo-online","category-sorocaba","category-uniso","tag-focas","tag-focas-na-rede","tag-jornalismo","tag-uniso"],"featured_image_urls":{"full":"","thumbnail":"","medium":"","medium_large":"","large":"","1536x1536":"","2048x2048":"","colormag-highlighted-post":"","colormag-featured-post-medium":"","colormag-featured-post-small":"","colormag-featured-image":"","colormag-default-news":"","colormag-featured-image-large":""},"author_info":{"info":["focas"]},"category_info":"<a href=\"https:\/\/focas.uniso.br\/index.php\/category\/jornalismo\/\" rel=\"category tag\">Jornalismo<\/a> <a href=\"https:\/\/focas.uniso.br\/index.php\/category\/jornalismo-online\/\" rel=\"category tag\">jornalismo online<\/a> <a href=\"https:\/\/focas.uniso.br\/index.php\/category\/sorocaba\/\" rel=\"category tag\">Sorocaba<\/a> <a href=\"https:\/\/focas.uniso.br\/index.php\/category\/uniso\/\" rel=\"category tag\">Uniso<\/a>","tag_info":"Uniso","comment_count":"0","_links":{"self":[{"href":"https:\/\/focas.uniso.br\/index.php\/wp-json\/wp\/v2\/posts\/4416","targetHints":{"allow":["GET"]}}],"collection":[{"href":"https:\/\/focas.uniso.br\/index.php\/wp-json\/wp\/v2\/posts"}],"about":[{"href":"https:\/\/focas.uniso.br\/index.php\/wp-json\/wp\/v2\/types\/post"}],"author":[{"embeddable":true,"href":"https:\/\/focas.uniso.br\/index.php\/wp-json\/wp\/v2\/users\/1"}],"replies":[{"embeddable":true,"href":"https:\/\/focas.uniso.br\/index.php\/wp-json\/wp\/v2\/comments?post=4416"}],"version-history":[{"count":2,"href":"https:\/\/focas.uniso.br\/index.php\/wp-json\/wp\/v2\/posts\/4416\/revisions"}],"predecessor-version":[{"id":4431,"href":"https:\/\/focas.uniso.br\/index.php\/wp-json\/wp\/v2\/posts\/4416\/revisions\/4431"}],"wp:attachment":[{"href":"https:\/\/focas.uniso.br\/index.php\/wp-json\/wp\/v2\/media?parent=4416"}],"wp:term":[{"taxonomy":"category","embeddable":true,"href":"https:\/\/focas.uniso.br\/index.php\/wp-json\/wp\/v2\/categories?post=4416"},{"taxonomy":"post_tag","embeddable":true,"href":"https:\/\/focas.uniso.br\/index.php\/wp-json\/wp\/v2\/tags?post=4416"}],"curies":[{"name":"wp","href":"https:\/\/api.w.org\/{rel}","templated":true}]}}