{"id":4421,"date":"2025-10-17T11:56:02","date_gmt":"2025-10-17T14:56:02","guid":{"rendered":"https:\/\/focas.uniso.br\/?p=4421"},"modified":"2025-10-17T11:56:02","modified_gmt":"2025-10-17T14:56:02","slug":"radialista-adriano-castor-compartilha-experiencias-sobre-entrevistas-com-alunos-de-jornalismo","status":"publish","type":"post","link":"https:\/\/focas.uniso.br\/index.php\/2025\/10\/17\/radialista-adriano-castor-compartilha-experiencias-sobre-entrevistas-com-alunos-de-jornalismo\/","title":{"rendered":"Radialista Adriano Castor compartilha experi\u00eancias sobre entrevistas com alunos\u00a0de\u00a0Jornalismo"},"content":{"rendered":"\n<p>O radialista Adriano Castor participou, na manh\u00e3 desta sexta-feira (17), da aula de T\u00e9cnica de Reportagem e Entrevista, com a professora Evenize Batista.<\/p>\n\n\n\n<figure class=\"wp-block-image size-large\"><img loading=\"lazy\" decoding=\"async\" width=\"1024\" height=\"768\" src=\"https:\/\/focas.uniso.br\/wp-content\/uploads\/2025\/10\/WhatsApp-Image-2025-10-17-at-11.46.29-1024x768.jpeg\" alt=\"\" class=\"wp-image-4428\" srcset=\"https:\/\/focas.uniso.br\/wp-content\/uploads\/2025\/10\/WhatsApp-Image-2025-10-17-at-11.46.29-1024x768.jpeg 1024w, https:\/\/focas.uniso.br\/wp-content\/uploads\/2025\/10\/WhatsApp-Image-2025-10-17-at-11.46.29-300x225.jpeg 300w, https:\/\/focas.uniso.br\/wp-content\/uploads\/2025\/10\/WhatsApp-Image-2025-10-17-at-11.46.29-768x576.jpeg 768w, https:\/\/focas.uniso.br\/wp-content\/uploads\/2025\/10\/WhatsApp-Image-2025-10-17-at-11.46.29-1536x1152.jpeg 1536w, https:\/\/focas.uniso.br\/wp-content\/uploads\/2025\/10\/WhatsApp-Image-2025-10-17-at-11.46.29.jpeg 1600w\" sizes=\"auto, (max-width: 1024px) 100vw, 1024px\" \/><\/figure>\n\n\n\n<p>Castor falou de carreira e compartilhou experi\u00eancias, curiosidades e dicas para os futuros jornalistas.<br>O tema central da aula foi Entrevista Coletiva e Castor destacou situa\u00e7\u00f5es do cotidiano para rep\u00f3rteres e fontes. &#8220;\u00c9 preciso se preparar para a entrevista, mas principalmente estar atento ao ambiente e \u00e0s falas do entrevistado. Muitas oportunidades surgem a partir desta postura do rep\u00f3rter&#8221;, destacou.<br>Sobre os momentos marcantes da carreira, a queda do muro do P\u00e1tio Cian\u00ea foi mencionado como a cobertura mais desafiadora ao acompanhar o resgate dos corpos das v\u00edtimas e a como\u00e7\u00e3o das pessoas presentes e at\u00e9 dos socorristas. A entrevista favorita, segundo Castor foi com o governador do Estado de S\u00e3o Paulo, no Pal\u00e1cio dos Bandeirantes quando, segundo ele, alcan\u00e7ou um resultado muito superior ao que esperava. Para finalizar, o aluno Guilherme de Lima Emmerick, perguntou sobre a melhor entrevista e Castor surpreendeu a todos dizendo que ser\u00e1 &#8220;A pr\u00f3xima&#8221;. De maneira inspiradora, o radialista disse que procura se motivar sempre pensando que j\u00e1 realizou bons trabalhos, dando o seu melhor, mas que sempre est\u00e1 preparado para se superar.<\/p>\n\n\n\n<figure class=\"wp-block-gallery has-nested-images columns-default is-cropped wp-block-gallery-1 is-layout-flex wp-block-gallery-is-layout-flex\">\n<figure class=\"wp-block-image size-large\"><img loading=\"lazy\" decoding=\"async\" width=\"768\" height=\"1024\" data-id=\"4426\" src=\"https:\/\/focas.uniso.br\/wp-content\/uploads\/2025\/10\/WhatsApp-Image-2025-10-17-at-10.43.44-768x1024.jpeg\" alt=\"\" class=\"wp-image-4426\" srcset=\"https:\/\/focas.uniso.br\/wp-content\/uploads\/2025\/10\/WhatsApp-Image-2025-10-17-at-10.43.44-768x1024.jpeg 768w, https:\/\/focas.uniso.br\/wp-content\/uploads\/2025\/10\/WhatsApp-Image-2025-10-17-at-10.43.44-225x300.jpeg 225w, https:\/\/focas.uniso.br\/wp-content\/uploads\/2025\/10\/WhatsApp-Image-2025-10-17-at-10.43.44.jpeg 960w\" sizes=\"auto, (max-width: 768px) 100vw, 768px\" \/><figcaption class=\"wp-element-caption\">Foto- Evenize Batista <\/figcaption><\/figure>\n\n\n\n<figure class=\"wp-block-image size-large\"><img loading=\"lazy\" decoding=\"async\" width=\"768\" height=\"1024\" data-id=\"4425\" src=\"https:\/\/focas.uniso.br\/wp-content\/uploads\/2025\/10\/WhatsApp-Image-2025-10-17-at-10.43.45-768x1024.jpeg\" alt=\"\" class=\"wp-image-4425\" srcset=\"https:\/\/focas.uniso.br\/wp-content\/uploads\/2025\/10\/WhatsApp-Image-2025-10-17-at-10.43.45-768x1024.jpeg 768w, https:\/\/focas.uniso.br\/wp-content\/uploads\/2025\/10\/WhatsApp-Image-2025-10-17-at-10.43.45-225x300.jpeg 225w, https:\/\/focas.uniso.br\/wp-content\/uploads\/2025\/10\/WhatsApp-Image-2025-10-17-at-10.43.45.jpeg 960w\" sizes=\"auto, (max-width: 768px) 100vw, 768px\" \/><figcaption class=\"wp-element-caption\">Foto- Evenize Batista <\/figcaption><\/figure>\n\n\n\n<figure class=\"wp-block-image size-large\"><img loading=\"lazy\" decoding=\"async\" width=\"768\" height=\"1024\" data-id=\"4424\" src=\"https:\/\/focas.uniso.br\/wp-content\/uploads\/2025\/10\/WhatsApp-Image-2025-10-17-at-10.43.45-1-768x1024.jpeg\" alt=\"\" class=\"wp-image-4424\" srcset=\"https:\/\/focas.uniso.br\/wp-content\/uploads\/2025\/10\/WhatsApp-Image-2025-10-17-at-10.43.45-1-768x1024.jpeg 768w, https:\/\/focas.uniso.br\/wp-content\/uploads\/2025\/10\/WhatsApp-Image-2025-10-17-at-10.43.45-1-225x300.jpeg 225w, https:\/\/focas.uniso.br\/wp-content\/uploads\/2025\/10\/WhatsApp-Image-2025-10-17-at-10.43.45-1.jpeg 960w\" sizes=\"auto, (max-width: 768px) 100vw, 768px\" \/><figcaption class=\"wp-element-caption\">Foto- Evenize Batista <\/figcaption><\/figure>\n\n\n\n<figure class=\"wp-block-image size-large\"><img loading=\"lazy\" decoding=\"async\" width=\"1024\" height=\"768\" data-id=\"4423\" src=\"https:\/\/focas.uniso.br\/wp-content\/uploads\/2025\/10\/WhatsApp-Image-2025-10-17-at-10.43.45-2-1024x768.jpeg\" alt=\"\" class=\"wp-image-4423\" srcset=\"https:\/\/focas.uniso.br\/wp-content\/uploads\/2025\/10\/WhatsApp-Image-2025-10-17-at-10.43.45-2-1024x768.jpeg 1024w, https:\/\/focas.uniso.br\/wp-content\/uploads\/2025\/10\/WhatsApp-Image-2025-10-17-at-10.43.45-2-300x225.jpeg 300w, https:\/\/focas.uniso.br\/wp-content\/uploads\/2025\/10\/WhatsApp-Image-2025-10-17-at-10.43.45-2-768x576.jpeg 768w, https:\/\/focas.uniso.br\/wp-content\/uploads\/2025\/10\/WhatsApp-Image-2025-10-17-at-10.43.45-2.jpeg 1280w\" sizes=\"auto, (max-width: 1024px) 100vw, 1024px\" \/><figcaption class=\"wp-element-caption\">Foto- Evenize Batista <\/figcaption><\/figure>\n\n\n\n<figure class=\"wp-block-image size-large\"><img loading=\"lazy\" decoding=\"async\" width=\"768\" height=\"1024\" data-id=\"4422\" src=\"https:\/\/focas.uniso.br\/wp-content\/uploads\/2025\/10\/WhatsApp-Image-2025-10-17-at-10.43.45-3-768x1024.jpeg\" alt=\"\" class=\"wp-image-4422\" srcset=\"https:\/\/focas.uniso.br\/wp-content\/uploads\/2025\/10\/WhatsApp-Image-2025-10-17-at-10.43.45-3-768x1024.jpeg 768w, https:\/\/focas.uniso.br\/wp-content\/uploads\/2025\/10\/WhatsApp-Image-2025-10-17-at-10.43.45-3-225x300.jpeg 225w, https:\/\/focas.uniso.br\/wp-content\/uploads\/2025\/10\/WhatsApp-Image-2025-10-17-at-10.43.45-3.jpeg 960w\" sizes=\"auto, (max-width: 768px) 100vw, 768px\" \/><figcaption class=\"wp-element-caption\">Foto- Evenize Batista <\/figcaption><\/figure>\n<\/figure>\n","protected":false},"excerpt":{"rendered":"<p>O radialista Adriano Castor participou, na manh\u00e3 desta sexta-feira (17), da aula de T\u00e9cnica de Reportagem e Entrevista, com a<\/p>\n","protected":false},"author":1,"featured_media":0,"comment_status":"open","ping_status":"open","sticky":false,"template":"","format":"standard","meta":{"colormag_page_container_layout":"default_layout","colormag_page_sidebar_layout":"default_layout","footnotes":""},"categories":[15,9,37,14],"tags":[30,41,29,28],"class_list":["post-4421","post","type-post","status-publish","format-standard","hentry","category-jornalismo","category-jornalismo-online","category-sorocaba","category-uniso","tag-focas","tag-focas-na-rede","tag-jornalismo","tag-uniso"],"featured_image_urls":{"full":"","thumbnail":"","medium":"","medium_large":"","large":"","1536x1536":"","2048x2048":"","colormag-highlighted-post":"","colormag-featured-post-medium":"","colormag-featured-post-small":"","colormag-featured-image":"","colormag-default-news":"","colormag-featured-image-large":""},"author_info":{"info":["focas"]},"category_info":"<a href=\"https:\/\/focas.uniso.br\/index.php\/category\/jornalismo\/\" rel=\"category tag\">Jornalismo<\/a> <a href=\"https:\/\/focas.uniso.br\/index.php\/category\/jornalismo-online\/\" rel=\"category tag\">jornalismo online<\/a> <a href=\"https:\/\/focas.uniso.br\/index.php\/category\/sorocaba\/\" rel=\"category tag\">Sorocaba<\/a> <a href=\"https:\/\/focas.uniso.br\/index.php\/category\/uniso\/\" rel=\"category tag\">Uniso<\/a>","tag_info":"Uniso","comment_count":"0","_links":{"self":[{"href":"https:\/\/focas.uniso.br\/index.php\/wp-json\/wp\/v2\/posts\/4421","targetHints":{"allow":["GET"]}}],"collection":[{"href":"https:\/\/focas.uniso.br\/index.php\/wp-json\/wp\/v2\/posts"}],"about":[{"href":"https:\/\/focas.uniso.br\/index.php\/wp-json\/wp\/v2\/types\/post"}],"author":[{"embeddable":true,"href":"https:\/\/focas.uniso.br\/index.php\/wp-json\/wp\/v2\/users\/1"}],"replies":[{"embeddable":true,"href":"https:\/\/focas.uniso.br\/index.php\/wp-json\/wp\/v2\/comments?post=4421"}],"version-history":[{"count":3,"href":"https:\/\/focas.uniso.br\/index.php\/wp-json\/wp\/v2\/posts\/4421\/revisions"}],"predecessor-version":[{"id":4430,"href":"https:\/\/focas.uniso.br\/index.php\/wp-json\/wp\/v2\/posts\/4421\/revisions\/4430"}],"wp:attachment":[{"href":"https:\/\/focas.uniso.br\/index.php\/wp-json\/wp\/v2\/media?parent=4421"}],"wp:term":[{"taxonomy":"category","embeddable":true,"href":"https:\/\/focas.uniso.br\/index.php\/wp-json\/wp\/v2\/categories?post=4421"},{"taxonomy":"post_tag","embeddable":true,"href":"https:\/\/focas.uniso.br\/index.php\/wp-json\/wp\/v2\/tags?post=4421"}],"curies":[{"name":"wp","href":"https:\/\/api.w.org\/{rel}","templated":true}]}}