{"id":4432,"date":"2025-10-20T10:50:37","date_gmt":"2025-10-20T13:50:37","guid":{"rendered":"https:\/\/focas.uniso.br\/?p=4432"},"modified":"2025-10-20T10:50:37","modified_gmt":"2025-10-20T13:50:37","slug":"yerma-e-o-grito-da-mulher-entre-maternindade-e-identidade","status":"publish","type":"post","link":"https:\/\/focas.uniso.br\/index.php\/2025\/10\/20\/yerma-e-o-grito-da-mulher-entre-maternindade-e-identidade\/","title":{"rendered":"Yerma \u00e9 o grito da mulher entre maternindade e identidade"},"content":{"rendered":"\n<p><em>Apresentada pelos alunos do Conservat\u00f3rio de Tatu\u00ed, a pe\u00e7a convida a uma reflex\u00e3o sobre quest\u00f5es que est\u00e3o longe de ser passado<\/em><\/p>\n\n\n\n<p>Por: Let\u00edcia Am\u00e9rico Camargo (Ag\u00eancia Focas \u2013 Jornalismo Uniso)<\/p>\n\n\n\n<figure class=\"wp-block-image size-full is-resized\"><img loading=\"lazy\" decoding=\"async\" width=\"567\" height=\"425\" src=\"https:\/\/focas.uniso.br\/wp-content\/uploads\/2025\/10\/Imagem1.jpg\" alt=\"\" class=\"wp-image-4433\" style=\"width:753px;height:auto\" srcset=\"https:\/\/focas.uniso.br\/wp-content\/uploads\/2025\/10\/Imagem1.jpg 567w, https:\/\/focas.uniso.br\/wp-content\/uploads\/2025\/10\/Imagem1-300x225.jpg 300w\" sizes=\"auto, (max-width: 567px) 100vw, 567px\" \/><figcaption class=\"wp-element-caption\">Yerma, durante um de seus devaneios, se imagina com seu filho em seus bra\u00e7os &#8211; Foto: Let\u00edcia Am\u00e9rico<\/figcaption><\/figure>\n\n\n\n<p>A turma do terceiro ano de teatro do Conservat\u00f3rio de Tatu\u00ed escolheu o p\u00e1tio da F\u00e1brica S\u00e3o Martinho para uma adapta\u00e7\u00e3o intimista e inovadora da pe\u00e7a <em>Yerma<\/em>, de Federico Garc\u00eda Lorca. A apresenta\u00e7\u00e3o aconteceu na \u00faltima ter\u00e7a-feira (14), em um ambiente que, por suas caracter\u00edsticas, complementou a atmosfera de confinamento e frustra\u00e7\u00e3o presentes na trama. Atualmente tombada como patrim\u00f4nio hist\u00f3rico da cidade, a F\u00e1brica S\u00e3o Martinho foi, por muitos anos, uma das principais ind\u00fastrias t\u00eaxteis do pa\u00eds. Suas ru\u00ednas complementam a encena\u00e7\u00e3o, refletindo o ambiente in\u00f3spito e degradado vivido pelas personagens.<\/p>\n\n\n\n<p>Escrita em 1934, em um contexto de intensa repress\u00e3o social e religiosa na Espanha, a obra de Garc\u00eda Lorca coloca em cena as limita\u00e7\u00f5es de uma mulher em uma sociedade patriarcal, onde a maternidade \u00e9 vista como a \u00fanica forma de realiza\u00e7\u00e3o para as mulheres. A garota, assim como muitas jovens, vive a ilus\u00e3o de um casamento arranjado e espera uma vida de paz com seu marido, que por sua vez, \u00e0 rejeita. Ela se mostra uma mulher necessitada, da vida, das dores e da alegria de algo que n\u00e3o pode viver. Sua necessidade da maternidade, \u00e9 apenas parte de um desejo incessante por uma vida que n\u00e3o pode ter.<\/p>\n\n\n\n<p>Entre tecidos e pedregulhos, os alunos brincam com a linguagem po\u00e9tica e atual para apresentar ao p\u00fablico a vida da personagem que \u00e9 interpretada por tr\u00eas atrizes, a fim de pontuar a passagem de tempo e mostrar as diferentes nuances \u00e0 personagem, explorando as transi\u00e7\u00f5es emocionais e psicol\u00f3gicas ao longo dos anos. A escolha de m\u00faltiplas int\u00e9rpretes n\u00e3o apenas enriquece a representa\u00e7\u00e3o de Yerma, mas tamb\u00e9m simboliza as diversas facetas de uma mulher em busca de sua identidade, revelando suas contradi\u00e7\u00f5es internas e a evolu\u00e7\u00e3o de seus desejos e frustra\u00e7\u00f5es.<\/p>\n\n\n\n<p>A primeira, que interpreta a jovem no in\u00edcio de seu casamento, possui um ar doce e ao mesmo tempo certa de suas opini\u00f5es e modo de ver o mundo. A segunda, encantada com seu passado, relembra um antigo amor, que poderia, talvez, preencher e acalentar seu cora\u00e7\u00e3o. Por fim, ap\u00f3s uma d\u00e9cada de um casamento frustrado e uma vida miser\u00e1vel, Yerma se torna uma mulher que demonstra suas vontades, suas ra\u00edzes, que derruba sua m\u00e1scara e luta por todas as suas vers\u00f5es que vivem dentro de si, gritando para serem libertas.<\/p>\n\n\n\n<p>Durante seus devaneios, personagens secund\u00e1rios &#8211; mas de grande import\u00e2ncia para seu desenvolvimento &#8211; incentivam a busca pelo prazer do corpo, da alma e da exist\u00eancia, e fazem Yerma se libertar das amarras colocadas sobre si ao longo dos anos.<\/p>\n\n\n\n<p>Jo\u00e3o, o marido de Yerma, \u00e9 um reflexo da sociedade patriarcal e religiosa que a oprime. Sua atitude rejeitante e cruel em rela\u00e7\u00e3o \u00e0 esposa n\u00e3o \u00e9 apenas um reflexo de seu car\u00e1ter, mas tamb\u00e9m das imposi\u00e7\u00f5es sociais de sua \u00e9poca, que o tornam uma v\u00edtima do mesmo sistema que subjuga Yerma. O personagem, tamb\u00e9m se mostra v\u00edtima de um destino cruel e cheio de mentiras, o levando para um caminho sem volta.<\/p>\n\n\n\n<p>No fim, <em>Yerma<\/em> \u00e9 uma obra que transcende o tempo, levantando quest\u00f5es profundas sobre a condi\u00e7\u00e3o feminina, a maternidade e a busca por identidade. Mesmo escrita no s\u00e9culo XX, a pe\u00e7a ressoa com temas ainda muito atuais, retratando uma mulher fragilizada pela dor de n\u00e3o poder ser m\u00e3e. Embora capaz de encontrar, em momentos, algum consolo na vida, Yerma anseia, acima de tudo, por carregar o fruto de seu ventre nos bra\u00e7os. E, mesmo ciente de sua ang\u00fastia, a vida n\u00e3o \u00e9 piedosa com ela.<\/p>\n\n\n\n<p><strong>Pr\u00f3ximas apresenta\u00e7\u00f5es<\/strong><\/p>\n\n\n\n<p>Os alunos do curso de teatro do Conservat\u00f3rio de Tatu\u00ed devem realizar novas apresenta\u00e7\u00f5es em breve. Para saber mais sobre a agenda cultural e acompanhar as oportunidades de assistir pe\u00e7as, concertos, recitais, entre outras apresenta\u00e7\u00f5es, basta acessar o site:<\/p>\n\n\n\n<figure class=\"wp-block-embed is-type-wp-embed is-provider-conservat-rio-de-tatu wp-block-embed-conservat-rio-de-tatu\"><div class=\"wp-block-embed__wrapper\">\n<blockquote class=\"wp-embedded-content\" data-secret=\"21K5J9aT0Z\"><a href=\"https:\/\/www.conservatoriodetatui.org.br\/agenda-cultural\/\">Agenda Cultural<\/a><\/blockquote><iframe loading=\"lazy\" class=\"wp-embedded-content\" sandbox=\"allow-scripts\" security=\"restricted\" style=\"position: absolute; visibility: hidden;\" title=\"&#8220;Agenda Cultural&#8221; &#8212; Conservat\u00f3rio de Tatu\u00ed\" src=\"https:\/\/www.conservatoriodetatui.org.br\/agenda-cultural\/embed\/#?secret=4CRpeGsLI5#?secret=21K5J9aT0Z\" data-secret=\"21K5J9aT0Z\" width=\"600\" height=\"338\" frameborder=\"0\" marginwidth=\"0\" marginheight=\"0\" scrolling=\"no\"><\/iframe>\n<\/div><\/figure>\n\n\n\n<figure class=\"wp-block-gallery has-nested-images columns-default is-cropped wp-block-gallery-1 is-layout-flex wp-block-gallery-is-layout-flex\">\n<figure class=\"wp-block-image size-large\"><img loading=\"lazy\" decoding=\"async\" width=\"1024\" height=\"682\" data-id=\"4437\" src=\"https:\/\/focas.uniso.br\/wp-content\/uploads\/2025\/10\/foto1--1024x682.jpg\" alt=\"\" class=\"wp-image-4437\" srcset=\"https:\/\/focas.uniso.br\/wp-content\/uploads\/2025\/10\/foto1--1024x682.jpg 1024w, https:\/\/focas.uniso.br\/wp-content\/uploads\/2025\/10\/foto1--300x200.jpg 300w, https:\/\/focas.uniso.br\/wp-content\/uploads\/2025\/10\/foto1--768x512.jpg 768w, https:\/\/focas.uniso.br\/wp-content\/uploads\/2025\/10\/foto1--1536x1023.jpg 1536w, https:\/\/focas.uniso.br\/wp-content\/uploads\/2025\/10\/foto1-.jpg 1600w\" sizes=\"auto, (max-width: 1024px) 100vw, 1024px\" \/><figcaption class=\"wp-element-caption\">Personagens avaliam as reflex\u00f5es do passado feitas por Yerma &#8211; Foto: Let\u00edcia Am\u00e9rico <\/figcaption><\/figure>\n\n\n\n<figure class=\"wp-block-image size-large\"><img loading=\"lazy\" decoding=\"async\" width=\"682\" height=\"1024\" data-id=\"4436\" src=\"https:\/\/focas.uniso.br\/wp-content\/uploads\/2025\/10\/foto2-1-682x1024.jpg\" alt=\"\" class=\"wp-image-4436\" srcset=\"https:\/\/focas.uniso.br\/wp-content\/uploads\/2025\/10\/foto2-1-682x1024.jpg 682w, https:\/\/focas.uniso.br\/wp-content\/uploads\/2025\/10\/foto2-1-200x300.jpg 200w, https:\/\/focas.uniso.br\/wp-content\/uploads\/2025\/10\/foto2-1-768x1153.jpg 768w, https:\/\/focas.uniso.br\/wp-content\/uploads\/2025\/10\/foto2-1-1023x1536.jpg 1023w, https:\/\/focas.uniso.br\/wp-content\/uploads\/2025\/10\/foto2-1.jpg 1066w\" sizes=\"auto, (max-width: 682px) 100vw, 682px\" \/><figcaption class=\"wp-element-caption\"> Yerma se sente presa pelas press\u00f5es sociais e religiosas &#8211; Foto: Let\u00edcia Am\u00e9rico <\/figcaption><\/figure>\n<\/figure>\n\n\n\n<figure class=\"wp-block-gallery has-nested-images columns-default is-cropped wp-block-gallery-2 is-layout-flex wp-block-gallery-is-layout-flex\">\n<figure class=\"wp-block-image size-large\"><img loading=\"lazy\" decoding=\"async\" width=\"682\" height=\"1024\" data-id=\"4438\" src=\"https:\/\/focas.uniso.br\/wp-content\/uploads\/2025\/10\/foto3-682x1024.jpg\" alt=\"\" class=\"wp-image-4438\" srcset=\"https:\/\/focas.uniso.br\/wp-content\/uploads\/2025\/10\/foto3-682x1024.jpg 682w, https:\/\/focas.uniso.br\/wp-content\/uploads\/2025\/10\/foto3-200x300.jpg 200w, https:\/\/focas.uniso.br\/wp-content\/uploads\/2025\/10\/foto3-768x1153.jpg 768w, https:\/\/focas.uniso.br\/wp-content\/uploads\/2025\/10\/foto3-1023x1536.jpg 1023w, https:\/\/focas.uniso.br\/wp-content\/uploads\/2025\/10\/foto3.jpg 1066w\" sizes=\"auto, (max-width: 682px) 100vw, 682px\" \/><figcaption class=\"wp-element-caption\">A Lua vem de encontro para libertar a jovem de suas amarras pessoais &#8211; Foto: Let\u00edcia Am\u00e9rico <\/figcaption><\/figure>\n\n\n\n<figure class=\"wp-block-image size-large\"><img loading=\"lazy\" decoding=\"async\" width=\"1024\" height=\"682\" data-id=\"4439\" src=\"https:\/\/focas.uniso.br\/wp-content\/uploads\/2025\/10\/foto4-1024x682.jpg\" alt=\"\" class=\"wp-image-4439\" srcset=\"https:\/\/focas.uniso.br\/wp-content\/uploads\/2025\/10\/foto4-1024x682.jpg 1024w, https:\/\/focas.uniso.br\/wp-content\/uploads\/2025\/10\/foto4-300x200.jpg 300w, https:\/\/focas.uniso.br\/wp-content\/uploads\/2025\/10\/foto4-768x512.jpg 768w, https:\/\/focas.uniso.br\/wp-content\/uploads\/2025\/10\/foto4-1536x1023.jpg 1536w, https:\/\/focas.uniso.br\/wp-content\/uploads\/2025\/10\/foto4.jpg 1600w\" sizes=\"auto, (max-width: 1024px) 100vw, 1024px\" \/><figcaption class=\"wp-element-caption\">Os trabalhadores da f\u00e1brica conversam sobre o casamento de Yerma &#8211; Foto: Let\u00edcia Am\u00e9rico <\/figcaption><\/figure>\n<\/figure>\n\n\n\n<figure class=\"wp-block-gallery has-nested-images columns-default is-cropped wp-block-gallery-3 is-layout-flex wp-block-gallery-is-layout-flex\">\n<figure class=\"wp-block-image size-large\"><img loading=\"lazy\" decoding=\"async\" width=\"682\" height=\"1024\" data-id=\"4440\" src=\"https:\/\/focas.uniso.br\/wp-content\/uploads\/2025\/10\/foto5-682x1024.jpg\" alt=\"\" class=\"wp-image-4440\" srcset=\"https:\/\/focas.uniso.br\/wp-content\/uploads\/2025\/10\/foto5-682x1024.jpg 682w, https:\/\/focas.uniso.br\/wp-content\/uploads\/2025\/10\/foto5-200x300.jpg 200w, https:\/\/focas.uniso.br\/wp-content\/uploads\/2025\/10\/foto5-768x1153.jpg 768w, https:\/\/focas.uniso.br\/wp-content\/uploads\/2025\/10\/foto5-1023x1536.jpg 1023w, https:\/\/focas.uniso.br\/wp-content\/uploads\/2025\/10\/foto5.jpg 1066w\" sizes=\"auto, (max-width: 682px) 100vw, 682px\" \/><figcaption class=\"wp-element-caption\">Trabalhadores incentivam a jovem a fugir das press\u00f5es da sociedade &#8211; Foto: Let\u00edcia Am\u00e9rico <\/figcaption><\/figure>\n\n\n\n<figure class=\"wp-block-image size-large\"><img loading=\"lazy\" decoding=\"async\" width=\"682\" height=\"1024\" data-id=\"4441\" src=\"https:\/\/focas.uniso.br\/wp-content\/uploads\/2025\/10\/foto6-682x1024.jpg\" alt=\"\" class=\"wp-image-4441\" srcset=\"https:\/\/focas.uniso.br\/wp-content\/uploads\/2025\/10\/foto6-682x1024.jpg 682w, https:\/\/focas.uniso.br\/wp-content\/uploads\/2025\/10\/foto6-200x300.jpg 200w, https:\/\/focas.uniso.br\/wp-content\/uploads\/2025\/10\/foto6-768x1153.jpg 768w, https:\/\/focas.uniso.br\/wp-content\/uploads\/2025\/10\/foto6-1023x1536.jpg 1023w, https:\/\/focas.uniso.br\/wp-content\/uploads\/2025\/10\/foto6.jpg 1066w\" sizes=\"auto, (max-width: 682px) 100vw, 682px\" \/><figcaption class=\"wp-element-caption\">Yerma sela seu destino se casando com Jo\u00e3o &#8211; Foto: Let\u00edcia Am\u00e9rico <\/figcaption><\/figure>\n<\/figure>\n\n\n\n<figure class=\"wp-block-gallery has-nested-images columns-default is-cropped wp-block-gallery-4 is-layout-flex wp-block-gallery-is-layout-flex\">\n<figure class=\"wp-block-image size-large\"><img loading=\"lazy\" decoding=\"async\" width=\"682\" height=\"1024\" data-id=\"4442\" src=\"https:\/\/focas.uniso.br\/wp-content\/uploads\/2025\/10\/fot7-682x1024.jpg\" alt=\"\" class=\"wp-image-4442\" srcset=\"https:\/\/focas.uniso.br\/wp-content\/uploads\/2025\/10\/fot7-682x1024.jpg 682w, https:\/\/focas.uniso.br\/wp-content\/uploads\/2025\/10\/fot7-200x300.jpg 200w, https:\/\/focas.uniso.br\/wp-content\/uploads\/2025\/10\/fot7-768x1153.jpg 768w, https:\/\/focas.uniso.br\/wp-content\/uploads\/2025\/10\/fot7-1023x1536.jpg 1023w, https:\/\/focas.uniso.br\/wp-content\/uploads\/2025\/10\/fot7.jpg 1066w\" sizes=\"auto, (max-width: 682px) 100vw, 682px\" \/><figcaption class=\"wp-element-caption\">Yerma relembra seu passado e deseja seu antigo amor &#8211; Foto: Let\u00edcia Am\u00e9rico <\/figcaption><\/figure>\n\n\n\n<figure class=\"wp-block-image size-large\"><img loading=\"lazy\" decoding=\"async\" width=\"682\" height=\"1024\" data-id=\"4443\" src=\"https:\/\/focas.uniso.br\/wp-content\/uploads\/2025\/10\/foto8-682x1024.jpg\" alt=\"\" class=\"wp-image-4443\" srcset=\"https:\/\/focas.uniso.br\/wp-content\/uploads\/2025\/10\/foto8-682x1024.jpg 682w, https:\/\/focas.uniso.br\/wp-content\/uploads\/2025\/10\/foto8-200x300.jpg 200w, https:\/\/focas.uniso.br\/wp-content\/uploads\/2025\/10\/foto8-768x1153.jpg 768w, https:\/\/focas.uniso.br\/wp-content\/uploads\/2025\/10\/foto8-1023x1536.jpg 1023w, https:\/\/focas.uniso.br\/wp-content\/uploads\/2025\/10\/foto8.jpg 1066w\" sizes=\"auto, (max-width: 682px) 100vw, 682px\" \/><figcaption class=\"wp-element-caption\">A morte puxa personagem para o abismo da escurid\u00e3o &#8211; Foto: Let\u00edcia Am\u00e9rico<\/figcaption><\/figure>\n<\/figure>\n\n\n\n<figure class=\"wp-block-gallery has-nested-images columns-default is-cropped wp-block-gallery-5 is-layout-flex wp-block-gallery-is-layout-flex\">\n<figure class=\"wp-block-image size-large\"><img loading=\"lazy\" decoding=\"async\" width=\"682\" height=\"1024\" data-id=\"4444\" src=\"https:\/\/focas.uniso.br\/wp-content\/uploads\/2025\/10\/foto9-682x1024.jpg\" alt=\"\" class=\"wp-image-4444\" srcset=\"https:\/\/focas.uniso.br\/wp-content\/uploads\/2025\/10\/foto9-682x1024.jpg 682w, https:\/\/focas.uniso.br\/wp-content\/uploads\/2025\/10\/foto9-200x300.jpg 200w, https:\/\/focas.uniso.br\/wp-content\/uploads\/2025\/10\/foto9-768x1153.jpg 768w, https:\/\/focas.uniso.br\/wp-content\/uploads\/2025\/10\/foto9-1023x1536.jpg 1023w, https:\/\/focas.uniso.br\/wp-content\/uploads\/2025\/10\/foto9.jpg 1066w\" sizes=\"auto, (max-width: 682px) 100vw, 682px\" \/><figcaption class=\"wp-element-caption\">Funcion\u00e1rios da f\u00e1brica chamam a jovem para a noite de prazeres &#8211; Foto: Let\u00edcia Am\u00e9rico <\/figcaption><\/figure>\n\n\n\n<figure class=\"wp-block-image size-large\"><img loading=\"lazy\" decoding=\"async\" width=\"682\" height=\"1024\" data-id=\"4445\" src=\"https:\/\/focas.uniso.br\/wp-content\/uploads\/2025\/10\/foto10-682x1024.jpg\" alt=\"\" class=\"wp-image-4445\" srcset=\"https:\/\/focas.uniso.br\/wp-content\/uploads\/2025\/10\/foto10-682x1024.jpg 682w, https:\/\/focas.uniso.br\/wp-content\/uploads\/2025\/10\/foto10-200x300.jpg 200w, https:\/\/focas.uniso.br\/wp-content\/uploads\/2025\/10\/foto10-768x1153.jpg 768w, https:\/\/focas.uniso.br\/wp-content\/uploads\/2025\/10\/foto10-1023x1536.jpg 1023w, https:\/\/focas.uniso.br\/wp-content\/uploads\/2025\/10\/foto10.jpg 1066w\" sizes=\"auto, (max-width: 682px) 100vw, 682px\" \/><figcaption class=\"wp-element-caption\">Jovem comenta sobre o del\u00edrio de Yerma para com o filho inesistente &#8211; Foto:\u00a0Let\u00edcia\u00a0Am\u00e9rico<\/figcaption><\/figure>\n<\/figure>\n","protected":false},"excerpt":{"rendered":"<p>Apresentada pelos alunos do Conservat\u00f3rio de Tatu\u00ed, a pe\u00e7a convida a uma reflex\u00e3o sobre quest\u00f5es que est\u00e3o longe de ser<\/p>\n","protected":false},"author":1,"featured_media":0,"comment_status":"open","ping_status":"open","sticky":false,"template":"","format":"standard","meta":{"colormag_page_container_layout":"default_layout","colormag_page_sidebar_layout":"default_layout","footnotes":""},"categories":[15,9,37,1,14],"tags":[30,41,29,28],"class_list":["post-4432","post","type-post","status-publish","format-standard","hentry","category-jornalismo","category-jornalismo-online","category-sorocaba","category-uncategorized","category-uniso","tag-focas","tag-focas-na-rede","tag-jornalismo","tag-uniso"],"featured_image_urls":{"full":"","thumbnail":"","medium":"","medium_large":"","large":"","1536x1536":"","2048x2048":"","colormag-highlighted-post":"","colormag-featured-post-medium":"","colormag-featured-post-small":"","colormag-featured-image":"","colormag-default-news":"","colormag-featured-image-large":""},"author_info":{"info":["focas"]},"category_info":"<a href=\"https:\/\/focas.uniso.br\/index.php\/category\/jornalismo\/\" rel=\"category tag\">Jornalismo<\/a> <a href=\"https:\/\/focas.uniso.br\/index.php\/category\/jornalismo-online\/\" rel=\"category tag\">jornalismo online<\/a> <a href=\"https:\/\/focas.uniso.br\/index.php\/category\/sorocaba\/\" rel=\"category tag\">Sorocaba<\/a> <a href=\"https:\/\/focas.uniso.br\/index.php\/category\/uncategorized\/\" rel=\"category tag\">Uncategorized<\/a> <a href=\"https:\/\/focas.uniso.br\/index.php\/category\/uniso\/\" rel=\"category tag\">Uniso<\/a>","tag_info":"Uniso","comment_count":"0","_links":{"self":[{"href":"https:\/\/focas.uniso.br\/index.php\/wp-json\/wp\/v2\/posts\/4432","targetHints":{"allow":["GET"]}}],"collection":[{"href":"https:\/\/focas.uniso.br\/index.php\/wp-json\/wp\/v2\/posts"}],"about":[{"href":"https:\/\/focas.uniso.br\/index.php\/wp-json\/wp\/v2\/types\/post"}],"author":[{"embeddable":true,"href":"https:\/\/focas.uniso.br\/index.php\/wp-json\/wp\/v2\/users\/1"}],"replies":[{"embeddable":true,"href":"https:\/\/focas.uniso.br\/index.php\/wp-json\/wp\/v2\/comments?post=4432"}],"version-history":[{"count":2,"href":"https:\/\/focas.uniso.br\/index.php\/wp-json\/wp\/v2\/posts\/4432\/revisions"}],"predecessor-version":[{"id":4446,"href":"https:\/\/focas.uniso.br\/index.php\/wp-json\/wp\/v2\/posts\/4432\/revisions\/4446"}],"wp:attachment":[{"href":"https:\/\/focas.uniso.br\/index.php\/wp-json\/wp\/v2\/media?parent=4432"}],"wp:term":[{"taxonomy":"category","embeddable":true,"href":"https:\/\/focas.uniso.br\/index.php\/wp-json\/wp\/v2\/categories?post=4432"},{"taxonomy":"post_tag","embeddable":true,"href":"https:\/\/focas.uniso.br\/index.php\/wp-json\/wp\/v2\/tags?post=4432"}],"curies":[{"name":"wp","href":"https:\/\/api.w.org\/{rel}","templated":true}]}}