{"id":4447,"date":"2025-10-21T10:23:16","date_gmt":"2025-10-21T13:23:16","guid":{"rendered":"https:\/\/focas.uniso.br\/?p=4447"},"modified":"2025-11-24T12:23:49","modified_gmt":"2025-11-24T15:23:49","slug":"o-jornalismo-inspiracao-em-o-diabo-veste-prada","status":"publish","type":"post","link":"https:\/\/focas.uniso.br\/index.php\/2025\/10\/21\/o-jornalismo-inspiracao-em-o-diabo-veste-prada\/","title":{"rendered":"O Jornalismo-inspira\u00e7\u00e3o em O Diabo Veste Prada"},"content":{"rendered":"\n<p>At\u00e9 que ponto a imprensa \u00e9 capaz de ditar n\u00e3o apenas a opini\u00e3o p\u00fablica, mas tamb\u00e9m tend\u00eancias de comportamento e at\u00e9 o gosto pessoal das pessoas? Essa quest\u00e3o est\u00e1 posta no filme O Diabo Veste Prada, de 2006. Nele, acompanhamos Andrea Sachs, uma jornalista rec\u00e9m-formada, sonhadora, que passou a gradua\u00e7\u00e3o fazendo reportagens de cunho pol\u00edtico e engajado. Sua vis\u00e3o sobre o of\u00edcio do jornalista est\u00e1 pautada na den\u00fancia, em mostrar a verdade. Por\u00e9m, suas perspectivas s\u00e3o confrontadas quando ela \u00e9 contratada para ser assistente de Miranda Priestly, editora-chefe de uma prestigiada revista de moda, a Runway. O dia a dia da revista parece a Andrea ultrajante. Ela considera absurdo o tempo e o dinheiro gastos em algo que ela considera f\u00fatil. Ela diz, em dada cena, que aquele trabalho se trata de \u201cvender para as pessoas coisas de que elas n\u00e3o precisam\u201d.<\/p>\n\n\n\n<p>Por\u00e9m, no dia a dia do novo trabalho, Andrea toma um choque de realidade atr\u00e1s do outro. O primeiro choque \u00e9 ver o quanto a reda\u00e7\u00e3o de uma revista de grande porte numa cidade das dimens\u00f5es de Nova York pode ser competitiva e hostil. Ela se assusta com o autoritarismo de Miranda e com o crescente stress de sua colega de trabalho, Emily. A \u00fanica pessoa que lhe demonstra um pouco de respeito e cuidado \u00e9 Nigel, um dos funcion\u00e1rios mais competentes da revista e bra\u00e7o direito de Miranda.<\/p>\n\n\n\n<p>E \u00e9 justamente Nigel quem lhe d\u00e1 outro choque de realidade, numa cena onde Andrea est\u00e1 cansada de n\u00e3o ter seu esfor\u00e7o reconhecido. Nigel lhe fala sobre a import\u00e2ncia da moda como uma forma n\u00e3o s\u00f3 de arte, mas de pertencimento e empoderamento, e ressalta que a postura de desd\u00e9m de Andrea sobre o assunto da revista n\u00e3o passa despercebido e \u00e9 considerado ofensivo, pois \u201cem um lugar onde milhares de garotas morreriam para trabalhar, voc\u00ea s\u00f3 se esfor\u00e7a para trabalhar.\u201d Essa fala de Nigel faz com que Andrea comece a ter uma vis\u00e3o mais ampla n\u00e3o s\u00f3 sobre a moda, mas sobre as possibilidades que o of\u00edcio de jornalista pode oferecer. Ela percebe que qualquer tema pode ser relevante, e tamb\u00e9m que jornalismo n\u00e3o \u00e9 apenas para den\u00fancia, para buscar a verdade, mas para tamb\u00e9m construir a verdade. Isso fica muito claro na cena em que Miranda assiste \u00e0 pr\u00e9via da cole\u00e7\u00e3o de um estilista, detesta tudo e o obriga a reformular a cole\u00e7\u00e3o inteira. Nigel lhe explica que a opini\u00e3o de Miranda \u201c\u00e9 a \u00fanica que importa\u201d. Essa fala, obviamente, n\u00e3o \u00e9 literal, mas ela d\u00e1 uma dimens\u00e3o da influ\u00eancia que uma revista de moda pode ter sobre a opini\u00e3o do p\u00fablico que consome moda. Assim, Andrea percebe que existe uma linha ligando o trabalho do estilista, a opini\u00e3o da imprensa sobre esse trabalho e a opini\u00e3o p\u00fablica sobre ele, que por sua vez culmina em tend\u00eancias, padr\u00f5es de vestir que chegam a pessoas que sequer se importam com moda. Esse desencadeamento de eventos \u00e9 explicitado pela pr\u00f3pria Miranda na cena em que ela humilha Andrea lhe falando sobre como a cor de seu su\u00e9ter foi, em \u00faltima inst\u00e2ncia, ditada por pessoas do jornalismo de moda.<\/p>\n\n\n\n<p>Essa tomada de consci\u00eancia amplia os horizontes de Andrea na mesma medida em que a deixa deslumbrada com as possibilidades que o mundo da moda oferece, ao ponto de ela se perder de quem era, uma jornalista rec\u00e9m-formada que escrevia reportagens sobre as condi\u00e7\u00f5es de trabalho dos faxineiros da universidade. Ela se encanta por Miranda na mesma medida em que passa por cima dos pr\u00f3prios princ\u00edpios para subir na hierarquia da revista. Esse deslumbramento s\u00f3 tem fim quando ela se d\u00e1 conta das crueldades que os ambientes muito competitivos podem levar uma pessoa a cometer, e se reconhece nessas crueldades.<\/p>\n\n\n\n<p>\u00c9 a partir da\u00ed que Andrea encontra um equil\u00edbrio e entende que ser jornalista pode ser muitas coisas. Pode ser informar, denunciar, mas tamb\u00e9m pode ser inspirar, dar ferramentas \u00e0 criatividade do leitor ou expectador. Andrea termina o filme se reencontrando num emprego novo num jornal pequeno, com uma reda\u00e7\u00e3o tradicional e reportagens politizadas, por\u00e9m muito bem vestida e arrumada, o que simboliza que ela aprendeu a import\u00e2ncia de n\u00e3o julgar a relev\u00e2ncia de um assunto por sua aparente futilidade. No nosso of\u00edcio, o mais importante \u00e9 n\u00e3o perder de vista a humanidade, que pode ser tocada de muitas formas, mas que s\u00e3o igualmente v\u00e1lidas.<\/p>\n\n\n\n<figure class=\"wp-block-image size-full\"><img loading=\"lazy\" decoding=\"async\" width=\"600\" height=\"200\" src=\"https:\/\/focas.uniso.br\/wp-content\/uploads\/2025\/10\/Coluna-Jornalismo-em-obras-3.jpg\" alt=\"\" class=\"wp-image-4451\" srcset=\"https:\/\/focas.uniso.br\/wp-content\/uploads\/2025\/10\/Coluna-Jornalismo-em-obras-3.jpg 600w, https:\/\/focas.uniso.br\/wp-content\/uploads\/2025\/10\/Coluna-Jornalismo-em-obras-3-300x100.jpg 300w\" sizes=\"auto, (max-width: 600px) 100vw, 600px\" \/><\/figure>\n","protected":false},"excerpt":{"rendered":"<p>At\u00e9 que ponto a imprensa \u00e9 capaz de ditar n\u00e3o apenas a opini\u00e3o p\u00fablica, mas tamb\u00e9m tend\u00eancias de comportamento e<\/p>\n","protected":false},"author":1,"featured_media":4457,"comment_status":"open","ping_status":"open","sticky":false,"template":"","format":"standard","meta":{"colormag_page_container_layout":"default_layout","colormag_page_sidebar_layout":"default_layout","footnotes":""},"categories":[6,92],"tags":[30,41,29,28],"class_list":["post-4447","post","type-post","status-publish","format-standard","has-post-thumbnail","hentry","category-coluna","category-jornalismo-em-obras","tag-focas","tag-focas-na-rede","tag-jornalismo","tag-uniso"],"featured_image_urls":{"full":["https:\/\/focas.uniso.br\/wp-content\/uploads\/2025\/10\/Design-sem-nome-2-e1761053688923.png",1063,415,false],"thumbnail":["https:\/\/focas.uniso.br\/wp-content\/uploads\/2025\/10\/Design-sem-nome-2-e1761053688923-150x150.png",150,150,true],"medium":["https:\/\/focas.uniso.br\/wp-content\/uploads\/2025\/10\/Design-sem-nome-2-e1761053688923-300x117.png",300,117,true],"medium_large":["https:\/\/focas.uniso.br\/wp-content\/uploads\/2025\/10\/Design-sem-nome-2-e1761053688923-768x300.png",768,300,true],"large":["https:\/\/focas.uniso.br\/wp-content\/uploads\/2025\/10\/Design-sem-nome-2-e1761053688923-1024x400.png",800,313,true],"1536x1536":["https:\/\/focas.uniso.br\/wp-content\/uploads\/2025\/10\/Design-sem-nome-2-e1761053688923.png",1063,415,false],"2048x2048":["https:\/\/focas.uniso.br\/wp-content\/uploads\/2025\/10\/Design-sem-nome-2-e1761053688923.png",1063,415,false],"colormag-highlighted-post":["https:\/\/focas.uniso.br\/wp-content\/uploads\/2025\/10\/Design-sem-nome-2-e1761053688923-392x272.png",392,272,true],"colormag-featured-post-medium":["https:\/\/focas.uniso.br\/wp-content\/uploads\/2025\/10\/Design-sem-nome-2-e1761053688923-390x205.png",390,205,true],"colormag-featured-post-small":["https:\/\/focas.uniso.br\/wp-content\/uploads\/2025\/10\/Design-sem-nome-2-e1761053688923-130x90.png",130,90,true],"colormag-featured-image":["https:\/\/focas.uniso.br\/wp-content\/uploads\/2025\/10\/Design-sem-nome-2-e1761053688923-800x415.png",800,415,true],"colormag-default-news":["https:\/\/focas.uniso.br\/wp-content\/uploads\/2025\/10\/Design-sem-nome-2-e1761053688923-150x150.png",150,150,true],"colormag-featured-image-large":["https:\/\/focas.uniso.br\/wp-content\/uploads\/2025\/10\/Design-sem-nome-2-1063x600.png",1063,600,true]},"author_info":{"info":["focas"]},"category_info":"<a href=\"https:\/\/focas.uniso.br\/index.php\/category\/coluna\/\" rel=\"category tag\">Coluna<\/a> <a href=\"https:\/\/focas.uniso.br\/index.php\/category\/jornalismo-em-obras\/\" rel=\"category tag\">Jornalismo em Obras<\/a>","tag_info":"Jornalismo em Obras","comment_count":"0","_links":{"self":[{"href":"https:\/\/focas.uniso.br\/index.php\/wp-json\/wp\/v2\/posts\/4447","targetHints":{"allow":["GET"]}}],"collection":[{"href":"https:\/\/focas.uniso.br\/index.php\/wp-json\/wp\/v2\/posts"}],"about":[{"href":"https:\/\/focas.uniso.br\/index.php\/wp-json\/wp\/v2\/types\/post"}],"author":[{"embeddable":true,"href":"https:\/\/focas.uniso.br\/index.php\/wp-json\/wp\/v2\/users\/1"}],"replies":[{"embeddable":true,"href":"https:\/\/focas.uniso.br\/index.php\/wp-json\/wp\/v2\/comments?post=4447"}],"version-history":[{"count":1,"href":"https:\/\/focas.uniso.br\/index.php\/wp-json\/wp\/v2\/posts\/4447\/revisions"}],"predecessor-version":[{"id":4453,"href":"https:\/\/focas.uniso.br\/index.php\/wp-json\/wp\/v2\/posts\/4447\/revisions\/4453"}],"wp:featuredmedia":[{"embeddable":true,"href":"https:\/\/focas.uniso.br\/index.php\/wp-json\/wp\/v2\/media\/4457"}],"wp:attachment":[{"href":"https:\/\/focas.uniso.br\/index.php\/wp-json\/wp\/v2\/media?parent=4447"}],"wp:term":[{"taxonomy":"category","embeddable":true,"href":"https:\/\/focas.uniso.br\/index.php\/wp-json\/wp\/v2\/categories?post=4447"},{"taxonomy":"post_tag","embeddable":true,"href":"https:\/\/focas.uniso.br\/index.php\/wp-json\/wp\/v2\/tags?post=4447"}],"curies":[{"name":"wp","href":"https:\/\/api.w.org\/{rel}","templated":true}]}}