{"id":4462,"date":"2025-10-23T09:32:44","date_gmt":"2025-10-23T12:32:44","guid":{"rendered":"https:\/\/focas.uniso.br\/?p=4462"},"modified":"2025-10-23T09:32:44","modified_gmt":"2025-10-23T12:32:44","slug":"inteligencia-emocional-e-empregabilidade-sao-temas-de-palestra","status":"publish","type":"post","link":"https:\/\/focas.uniso.br\/index.php\/2025\/10\/23\/inteligencia-emocional-e-empregabilidade-sao-temas-de-palestra\/","title":{"rendered":"Intelig\u00eancia emocional e empregabilidade s\u00e3o temas de palestra"},"content":{"rendered":"\n<p><em>Realizada na disciplina de Gest\u00e3o de Marketing e conduzida pelo professor F\u00e1bio Pelicer Souza, a atividade reuniu alunos de diferentes cursos superiores de tecnologia para discutir compet\u00eancias comportamentais, mentalidade empreendedora e preparo para o mercado de trabalho<\/em><\/p>\n\n\n\n<p>Por Maria Clara Russini (Ag\u00eancia Focas \u2013 Jornalismo Uniso)<\/p>\n\n\n\n<p>O audit\u00f3rio do bloco D da Universidade de Sorocaba (Uniso) recebeu, na noite de segunda-feira, a palestra \u201c8 Soft Skills Essenciais em Marketing e Publicidade\u201d, ministrada de forma remota pela empreendedora e docente Patr\u00edcia Maciel, da ag\u00eancia Entrelinhas Marketing e da UniFECAF. Com 17 anos de experi\u00eancia profissional na \u00e1rea de marketing, Patr\u00edcia trouxe aos estudantes uma vis\u00e3o pr\u00e1tica e consolidada sobre as compet\u00eancias mais valorizadas pelo mercado. A atividade, realizada no \u00e2mbito da disciplina de Gest\u00e3o de Marketing, foi organizada pelo professor F\u00e1bio Pelicer Lopes de Souza, docente dos cursos superiores de tecnologia (CSTs) e membro do Colegiado do curso de Marketing. O evento ocorreu pelo Google Meet, ampliando a participa\u00e7\u00e3o dos estudantes.<\/p>\n\n\n\n<p>Durante o encontro virtual, Patr\u00edcia abordou temas como intelig\u00eancia emocional, compet\u00eancias comportamentais e mentalidade empreendedora, ressaltando a import\u00e2ncia dessas habilidades para a constru\u00e7\u00e3o de carreiras s\u00f3lidas e o fortalecimento da empregabilidade. A palestrante refor\u00e7ou ainda a relev\u00e2ncia do trabalho em equipe no ambiente profissional e a valoriza\u00e7\u00e3o de projetos acad\u00eamicos na trajet\u00f3ria profissional. \u201cNo ambiente de trabalho \u00e9 imposs\u00edvel atuar sozinho, sempre precisamos de algu\u00e9m com quem contar. Manter boas rela\u00e7\u00f5es \u00e9 essencial em qualquer cargo. Ter uma equipe alinhada \u00e9 fundamental para que o objetivo seja atingido com excel\u00eancia. N\u00e3o importa qual seja o seu curso, n\u00e3o podemos trabalhar sozinhos\u201d, afirmou Patr\u00edcia.<\/p>\n\n\n\n<p>A palestra despertou reflex\u00f5es entre os alunos sobre a necessidade de desenvolver, al\u00e9m do conhecimento t\u00e9cnico, habilidades interpessoais valorizadas pelo mercado. Segundo o professor F\u00e1bio Pelicer, a participa\u00e7\u00e3o dos estudantes \u00e9 fundamental, e eventos como esse conectam teoria e pr\u00e1tica. \u201cNo in\u00edcio, eles podem ficar t\u00edmidos, mas logo interagem com perguntas profundas e relevantes. \u00c9 impressionante ver o comprometimento deles, que saem da zona de conforto para discutir temas atuais. Mesmo projetos desenvolvidos em sala de aula podem ser apresentados no LinkedIn ou em entrevistas, tornando-se experi\u00eancias relevantes para a carreira acad\u00eamica e profissional. O objetivo \u00e9 que o aluno perceba que o aprendizado vai muito al\u00e9m da sala de aula.\u201d<\/p>\n\n\n\n<p>O docente destacou ainda a import\u00e2ncia de aproximar os estudantes do mundo profissional desde os primeiros dias de curso. \u201cEu sempre digo aos meus estudantes que estou em sala de aula para formar profissionais. Incentivar a empregabilidade e preparar o aluno para atuar no mercado \u00e9 fundamental. Queremos que eles desenvolvam postura pr\u00f3-ativa, pensem como l\u00edderes e realizem projetos relevantes. Receber not\u00edcias sobre o sucesso deles, seja em empresas ou em seus pr\u00f3prios neg\u00f3cios, \u00e9, para mim, o maior presente enquanto educador\u201d, finalizou o professor.<\/p>\n\n\n\n<figure class=\"wp-block-gallery has-nested-images columns-default is-cropped wp-block-gallery-1 is-layout-flex wp-block-gallery-is-layout-flex\">\n<figure class=\"wp-block-image size-large\"><img loading=\"lazy\" decoding=\"async\" width=\"1024\" height=\"682\" data-id=\"4468\" src=\"https:\/\/focas.uniso.br\/wp-content\/uploads\/2025\/10\/WhatsApp-Image-2025-10-22-at-09.30.38-1024x682.jpeg\" alt=\"\" class=\"wp-image-4468\" srcset=\"https:\/\/focas.uniso.br\/wp-content\/uploads\/2025\/10\/WhatsApp-Image-2025-10-22-at-09.30.38-1024x682.jpeg 1024w, https:\/\/focas.uniso.br\/wp-content\/uploads\/2025\/10\/WhatsApp-Image-2025-10-22-at-09.30.38-300x200.jpeg 300w, https:\/\/focas.uniso.br\/wp-content\/uploads\/2025\/10\/WhatsApp-Image-2025-10-22-at-09.30.38-768x512.jpeg 768w, https:\/\/focas.uniso.br\/wp-content\/uploads\/2025\/10\/WhatsApp-Image-2025-10-22-at-09.30.38-1536x1023.jpeg 1536w, https:\/\/focas.uniso.br\/wp-content\/uploads\/2025\/10\/WhatsApp-Image-2025-10-22-at-09.30.38.jpeg 1600w\" sizes=\"auto, (max-width: 1024px) 100vw, 1024px\" \/><figcaption class=\"wp-element-caption\">Foto- Maria Clara Russini <\/figcaption><\/figure>\n\n\n\n<figure class=\"wp-block-image size-large\"><img loading=\"lazy\" decoding=\"async\" width=\"1024\" height=\"682\" data-id=\"4467\" src=\"https:\/\/focas.uniso.br\/wp-content\/uploads\/2025\/10\/WhatsApp-Image-2025-10-22-at-09.30.39-1024x682.jpeg\" alt=\"\" class=\"wp-image-4467\" srcset=\"https:\/\/focas.uniso.br\/wp-content\/uploads\/2025\/10\/WhatsApp-Image-2025-10-22-at-09.30.39-1024x682.jpeg 1024w, https:\/\/focas.uniso.br\/wp-content\/uploads\/2025\/10\/WhatsApp-Image-2025-10-22-at-09.30.39-300x200.jpeg 300w, https:\/\/focas.uniso.br\/wp-content\/uploads\/2025\/10\/WhatsApp-Image-2025-10-22-at-09.30.39-768x512.jpeg 768w, https:\/\/focas.uniso.br\/wp-content\/uploads\/2025\/10\/WhatsApp-Image-2025-10-22-at-09.30.39-1536x1023.jpeg 1536w, https:\/\/focas.uniso.br\/wp-content\/uploads\/2025\/10\/WhatsApp-Image-2025-10-22-at-09.30.39.jpeg 1600w\" sizes=\"auto, (max-width: 1024px) 100vw, 1024px\" \/><figcaption class=\"wp-element-caption\">Foto- Maria Clara Russini <\/figcaption><\/figure>\n\n\n\n<figure class=\"wp-block-image size-large\"><img loading=\"lazy\" decoding=\"async\" width=\"1024\" height=\"682\" data-id=\"4466\" src=\"https:\/\/focas.uniso.br\/wp-content\/uploads\/2025\/10\/WhatsApp-Image-2025-10-22-at-09.30.39-1-1024x682.jpeg\" alt=\"\" class=\"wp-image-4466\" srcset=\"https:\/\/focas.uniso.br\/wp-content\/uploads\/2025\/10\/WhatsApp-Image-2025-10-22-at-09.30.39-1-1024x682.jpeg 1024w, https:\/\/focas.uniso.br\/wp-content\/uploads\/2025\/10\/WhatsApp-Image-2025-10-22-at-09.30.39-1-300x200.jpeg 300w, https:\/\/focas.uniso.br\/wp-content\/uploads\/2025\/10\/WhatsApp-Image-2025-10-22-at-09.30.39-1-768x512.jpeg 768w, https:\/\/focas.uniso.br\/wp-content\/uploads\/2025\/10\/WhatsApp-Image-2025-10-22-at-09.30.39-1-1536x1023.jpeg 1536w, https:\/\/focas.uniso.br\/wp-content\/uploads\/2025\/10\/WhatsApp-Image-2025-10-22-at-09.30.39-1.jpeg 1600w\" sizes=\"auto, (max-width: 1024px) 100vw, 1024px\" \/><figcaption class=\"wp-element-caption\">Foto- Maria Clara Russini <\/figcaption><\/figure>\n\n\n\n<figure class=\"wp-block-image size-large\"><img loading=\"lazy\" decoding=\"async\" width=\"1024\" height=\"682\" data-id=\"4465\" src=\"https:\/\/focas.uniso.br\/wp-content\/uploads\/2025\/10\/WhatsApp-Image-2025-10-22-at-09.30.42-1024x682.jpeg\" alt=\"\" class=\"wp-image-4465\" srcset=\"https:\/\/focas.uniso.br\/wp-content\/uploads\/2025\/10\/WhatsApp-Image-2025-10-22-at-09.30.42-1024x682.jpeg 1024w, https:\/\/focas.uniso.br\/wp-content\/uploads\/2025\/10\/WhatsApp-Image-2025-10-22-at-09.30.42-300x200.jpeg 300w, https:\/\/focas.uniso.br\/wp-content\/uploads\/2025\/10\/WhatsApp-Image-2025-10-22-at-09.30.42-768x512.jpeg 768w, https:\/\/focas.uniso.br\/wp-content\/uploads\/2025\/10\/WhatsApp-Image-2025-10-22-at-09.30.42-1536x1023.jpeg 1536w, https:\/\/focas.uniso.br\/wp-content\/uploads\/2025\/10\/WhatsApp-Image-2025-10-22-at-09.30.42.jpeg 1600w\" sizes=\"auto, (max-width: 1024px) 100vw, 1024px\" \/><figcaption class=\"wp-element-caption\">Foto- Maria Clara Russini <\/figcaption><\/figure>\n\n\n\n<figure class=\"wp-block-image size-large\"><img loading=\"lazy\" decoding=\"async\" width=\"1024\" height=\"682\" data-id=\"4464\" src=\"https:\/\/focas.uniso.br\/wp-content\/uploads\/2025\/10\/WhatsApp-Image-2025-10-22-at-09.30.47-1024x682.jpeg\" alt=\"\" class=\"wp-image-4464\" srcset=\"https:\/\/focas.uniso.br\/wp-content\/uploads\/2025\/10\/WhatsApp-Image-2025-10-22-at-09.30.47-1024x682.jpeg 1024w, https:\/\/focas.uniso.br\/wp-content\/uploads\/2025\/10\/WhatsApp-Image-2025-10-22-at-09.30.47-300x200.jpeg 300w, https:\/\/focas.uniso.br\/wp-content\/uploads\/2025\/10\/WhatsApp-Image-2025-10-22-at-09.30.47-768x512.jpeg 768w, https:\/\/focas.uniso.br\/wp-content\/uploads\/2025\/10\/WhatsApp-Image-2025-10-22-at-09.30.47-1536x1023.jpeg 1536w, https:\/\/focas.uniso.br\/wp-content\/uploads\/2025\/10\/WhatsApp-Image-2025-10-22-at-09.30.47.jpeg 1600w\" sizes=\"auto, (max-width: 1024px) 100vw, 1024px\" \/><figcaption class=\"wp-element-caption\">Foto- Maria Clara Russini <\/figcaption><\/figure>\n\n\n\n<figure class=\"wp-block-image size-large\"><img loading=\"lazy\" decoding=\"async\" width=\"1024\" height=\"682\" data-id=\"4463\" src=\"https:\/\/focas.uniso.br\/wp-content\/uploads\/2025\/10\/WhatsApp-Image-2025-10-22-at-09.31.03-1024x682.jpeg\" alt=\"\" class=\"wp-image-4463\" srcset=\"https:\/\/focas.uniso.br\/wp-content\/uploads\/2025\/10\/WhatsApp-Image-2025-10-22-at-09.31.03-1024x682.jpeg 1024w, https:\/\/focas.uniso.br\/wp-content\/uploads\/2025\/10\/WhatsApp-Image-2025-10-22-at-09.31.03-300x200.jpeg 300w, https:\/\/focas.uniso.br\/wp-content\/uploads\/2025\/10\/WhatsApp-Image-2025-10-22-at-09.31.03-768x512.jpeg 768w, https:\/\/focas.uniso.br\/wp-content\/uploads\/2025\/10\/WhatsApp-Image-2025-10-22-at-09.31.03-1536x1023.jpeg 1536w, https:\/\/focas.uniso.br\/wp-content\/uploads\/2025\/10\/WhatsApp-Image-2025-10-22-at-09.31.03.jpeg 1600w\" sizes=\"auto, (max-width: 1024px) 100vw, 1024px\" \/><figcaption class=\"wp-element-caption\">Foto- Maria Clara Russini <\/figcaption><\/figure>\n<\/figure>\n","protected":false},"excerpt":{"rendered":"<p>Realizada na disciplina de Gest\u00e3o de Marketing e conduzida pelo professor F\u00e1bio Pelicer Souza, a atividade reuniu alunos de diferentes<\/p>\n","protected":false},"author":1,"featured_media":0,"comment_status":"open","ping_status":"open","sticky":false,"template":"","format":"standard","meta":{"colormag_page_container_layout":"default_layout","colormag_page_sidebar_layout":"default_layout","footnotes":""},"categories":[15,9,37,14],"tags":[30,41,29,28],"class_list":["post-4462","post","type-post","status-publish","format-standard","hentry","category-jornalismo","category-jornalismo-online","category-sorocaba","category-uniso","tag-focas","tag-focas-na-rede","tag-jornalismo","tag-uniso"],"featured_image_urls":{"full":"","thumbnail":"","medium":"","medium_large":"","large":"","1536x1536":"","2048x2048":"","colormag-highlighted-post":"","colormag-featured-post-medium":"","colormag-featured-post-small":"","colormag-featured-image":"","colormag-default-news":"","colormag-featured-image-large":""},"author_info":{"info":["focas"]},"category_info":"<a href=\"https:\/\/focas.uniso.br\/index.php\/category\/jornalismo\/\" rel=\"category tag\">Jornalismo<\/a> <a href=\"https:\/\/focas.uniso.br\/index.php\/category\/jornalismo-online\/\" rel=\"category tag\">jornalismo online<\/a> <a href=\"https:\/\/focas.uniso.br\/index.php\/category\/sorocaba\/\" rel=\"category tag\">Sorocaba<\/a> <a href=\"https:\/\/focas.uniso.br\/index.php\/category\/uniso\/\" rel=\"category tag\">Uniso<\/a>","tag_info":"Uniso","comment_count":"0","_links":{"self":[{"href":"https:\/\/focas.uniso.br\/index.php\/wp-json\/wp\/v2\/posts\/4462","targetHints":{"allow":["GET"]}}],"collection":[{"href":"https:\/\/focas.uniso.br\/index.php\/wp-json\/wp\/v2\/posts"}],"about":[{"href":"https:\/\/focas.uniso.br\/index.php\/wp-json\/wp\/v2\/types\/post"}],"author":[{"embeddable":true,"href":"https:\/\/focas.uniso.br\/index.php\/wp-json\/wp\/v2\/users\/1"}],"replies":[{"embeddable":true,"href":"https:\/\/focas.uniso.br\/index.php\/wp-json\/wp\/v2\/comments?post=4462"}],"version-history":[{"count":1,"href":"https:\/\/focas.uniso.br\/index.php\/wp-json\/wp\/v2\/posts\/4462\/revisions"}],"predecessor-version":[{"id":4469,"href":"https:\/\/focas.uniso.br\/index.php\/wp-json\/wp\/v2\/posts\/4462\/revisions\/4469"}],"wp:attachment":[{"href":"https:\/\/focas.uniso.br\/index.php\/wp-json\/wp\/v2\/media?parent=4462"}],"wp:term":[{"taxonomy":"category","embeddable":true,"href":"https:\/\/focas.uniso.br\/index.php\/wp-json\/wp\/v2\/categories?post=4462"},{"taxonomy":"post_tag","embeddable":true,"href":"https:\/\/focas.uniso.br\/index.php\/wp-json\/wp\/v2\/tags?post=4462"}],"curies":[{"name":"wp","href":"https:\/\/api.w.org\/{rel}","templated":true}]}}