{"id":4470,"date":"2025-10-23T13:51:21","date_gmt":"2025-10-23T16:51:21","guid":{"rendered":"https:\/\/focas.uniso.br\/?p=4470"},"modified":"2025-10-23T13:51:21","modified_gmt":"2025-10-23T16:51:21","slug":"corrida-pink-do-bem-ossel-assistencia-reune-cinco-mil-participantes-em-sorocaba","status":"publish","type":"post","link":"https:\/\/focas.uniso.br\/index.php\/2025\/10\/23\/corrida-pink-do-bem-ossel-assistencia-reune-cinco-mil-participantes-em-sorocaba\/","title":{"rendered":"Corrida Pink do Bem Ossel Assist\u00eancia re\u00fane cinco mil participantes em Sorocaba"},"content":{"rendered":"\n<p><em>A\u00e7\u00e3o social marca o Outubro Rosa com foco na conscientiza\u00e7\u00e3o e na preven\u00e7\u00e3o do c\u00e2ncer de mama<\/em><\/p>\n\n\n\n<p>Por Let\u00edcia Gebaile (Ag\u00eancia Focas \u2013 Jornalismo Uniso)<\/p>\n\n\n\n<figure class=\"wp-block-image size-full\"><img loading=\"lazy\" decoding=\"async\" width=\"886\" height=\"591\" src=\"https:\/\/focas.uniso.br\/wp-content\/uploads\/2025\/10\/WhatsApp-Image-2025-10-23-at-13.48.51.jpeg\" alt=\"\" class=\"wp-image-4473\" srcset=\"https:\/\/focas.uniso.br\/wp-content\/uploads\/2025\/10\/WhatsApp-Image-2025-10-23-at-13.48.51.jpeg 886w, https:\/\/focas.uniso.br\/wp-content\/uploads\/2025\/10\/WhatsApp-Image-2025-10-23-at-13.48.51-300x200.jpeg 300w, https:\/\/focas.uniso.br\/wp-content\/uploads\/2025\/10\/WhatsApp-Image-2025-10-23-at-13.48.51-768x512.jpeg 768w\" sizes=\"auto, (max-width: 886px) 100vw, 886px\" \/><figcaption class=\"wp-element-caption\">Liga Sorocabana de Combate ao C\u00e2ncer | Foto: Divulga\u00e7\u00e3o<\/figcaption><\/figure>\n\n\n\n<p>Unindo esporte e solidariedade, a Corrida Pink do Bem Ossel Assist\u00eancia chega \u00e0 sua 11\u00aa edi\u00e7\u00e3o com recorde de cinco mil inscritos. A corrida ser\u00e1 realizada no dia 26 de outubro, a partir das 7h30, no Parque das \u00c1guas \u201cMaria Barbosa Silva\u201d, em Sorocaba. Promovido pela Liga Sorocabana de Combate ao C\u00e2ncer, o evento integra a programa\u00e7\u00e3o do Outubro Rosa e refor\u00e7a a import\u00e2ncia da preven\u00e7\u00e3o e do diagn\u00f3stico precoce do c\u00e2ncer de mama.<\/p>\n\n\n\n<p>Com recorde hist\u00f3rico de p\u00fablico, as inscri\u00e7\u00f5es j\u00e1 foram encerradas. Parte da renda do evento ser\u00e1 destinada \u00e0 realiza\u00e7\u00e3o de mamografias e bi\u00f3psias para mulheres que aguardam atendimento pelo SUS. O tema deste ano \u00e9 \u201cTransforme-se. Voe Mais Alto!\u201d e tem como s\u00edmbolo a borboleta, que representa a metamorfose e o renascimento.<\/p>\n\n\n\n<p>Os competidores puderam escolher entre corrida de cinco ou dez quil\u00f4metros, al\u00e9m da caminhada de tr\u00eas quil\u00f4metros. O \u201ckit atleta\u201d disponibilizado pela organiza\u00e7\u00e3o inclui camiseta oficial do evento, n\u00famero de peito com chip, mochila, meias e medalha de participa\u00e7\u00e3o para aqueles que completarem a corrida.<\/p>\n\n\n\n<p>Tradicional em Sorocaba h\u00e1 11 anos, a corrida \u00e9 uma importante a\u00e7\u00e3o social que valoriza o autocuidado feminino. A presidente da Liga Sorocabana de Combate ao C\u00e2ncer, Erica Mora, destaca sua emo\u00e7\u00e3o sobre o alcance do evento, \u201ca corrida n\u00e3o \u00e9 apenas para conquistar a linha de chegada, mas sim para contribuir com uma causa muito maior: salvar vidas e transformar realidades. Encerramos as inscri\u00e7\u00f5es um m\u00eas antes da corrida e isso \u00e9 hist\u00f3rico para n\u00f3s.\u201d<\/p>\n\n\n\n<figure class=\"wp-block-image size-full\"><img loading=\"lazy\" decoding=\"async\" width=\"479\" height=\"639\" src=\"https:\/\/focas.uniso.br\/wp-content\/uploads\/2025\/10\/WhatsApp-Image-2025-10-23-at-13.49.08.jpeg\" alt=\"\" class=\"wp-image-4472\" srcset=\"https:\/\/focas.uniso.br\/wp-content\/uploads\/2025\/10\/WhatsApp-Image-2025-10-23-at-13.49.08.jpeg 479w, https:\/\/focas.uniso.br\/wp-content\/uploads\/2025\/10\/WhatsApp-Image-2025-10-23-at-13.49.08-225x300.jpeg 225w\" sizes=\"auto, (max-width: 479px) 100vw, 479px\" \/><figcaption class=\"wp-element-caption\">Erica Mora, presidente da Liga Sorocabana de Combate ao C\u00e2ncer | Foto: Arquivo pessoal<\/figcaption><\/figure>\n\n\n\n<p>Erica define a Pink do Bem em uma frase, \u201ccorrer pela nossa causa \u00e9 correr pela vida\u201d, refor\u00e7ando o prop\u00f3sito social da corrida, que promove solidariedade, conscientiza\u00e7\u00e3o e incentivo ao autocuidado na luta contra o c\u00e2ncer de mama.<\/p>\n\n\n\n<p>Refletindo esse prop\u00f3sito, a corrida re\u00fane corredores de todas as idades. Entre eles est\u00e1 Maria Fernanda Arruda dos Santos, de 19 anos, estudante de Jornalismo e apaixonada pelo \u201ccorre\u201d. Ela pratica o esporte h\u00e1 mais de cinco anos, mas conta que passou a se dedicar com mais frequ\u00eancia recentemente, e se mostra empolgada com a participa\u00e7\u00e3o. \u201cUltimamente tenho me dedicado mais a isso. Para mim \u00e9 fant\u00e1stico poder fazer algo que amo, que \u00e9 a corrida, atrelada \u00e0 solidariedade. \u00c9 incr\u00edvel saber que a minha participa\u00e7\u00e3o pode ajudar outras mulheres.\u201d<\/p>\n\n\n\n<figure class=\"wp-block-image size-full\"><img loading=\"lazy\" decoding=\"async\" width=\"311\" height=\"548\" src=\"https:\/\/focas.uniso.br\/wp-content\/uploads\/2025\/10\/WhatsApp-Image-2025-10-23-at-13.49.19.jpeg\" alt=\"\" class=\"wp-image-4471\" srcset=\"https:\/\/focas.uniso.br\/wp-content\/uploads\/2025\/10\/WhatsApp-Image-2025-10-23-at-13.49.19.jpeg 311w, https:\/\/focas.uniso.br\/wp-content\/uploads\/2025\/10\/WhatsApp-Image-2025-10-23-at-13.49.19-170x300.jpeg 170w\" sizes=\"auto, (max-width: 311px) 100vw, 311px\" \/><figcaption class=\"wp-element-caption\">Maria Fernanda Arruda dos Santos, estudante de Jornalismo | Foto: Arquivo pessoal<\/figcaption><\/figure>\n\n\n\n<p>Maria Fernanda participa pela primeira vez da Corrida Pink do Bem Ossel Assist\u00eancia e disputar\u00e1 a prova de cinco quil\u00f4metros. Para ela, \u00e9 gratificante ver uma a\u00e7\u00e3o t\u00e3o importante crescer e mobilizar cada vez mais pessoas.<\/p>\n\n\n\n<p><strong>Sobre a Liga<\/strong><\/p>\n\n\n\n<p>A Liga Sorocabana de Combate ao C\u00e2ncer \u00e9 uma entidade sem fins lucrativos, que presta assist\u00eancia gratuita a mulheres com diagn\u00f3stico de c\u00e2ncer de mama e ginecol\u00f3gico. Fundada em 1975, al\u00e9m da assist\u00eancia, a institui\u00e7\u00e3o tamb\u00e9m atua na conscientiza\u00e7\u00e3o do tema, promovendo informa\u00e7\u00e3o \u00e0 sociedade sobre as formas de preven\u00e7\u00e3o.<\/p>\n\n\n\n<p>Atualmente, mais de 1.500 mulheres s\u00e3o cadastradas na entidade e 110 recebem atendimento mensal, com acesso a servi\u00e7os de assist\u00eancia psicol\u00f3gica, jur\u00eddica, fisioterapia, orienta\u00e7\u00e3o nutricional, doa\u00e7\u00e3o de suti\u00e3s e pr\u00f3teses mam\u00e1rias e outras atividades.<\/p>\n\n\n\n<p>Mulheres em tratamento de c\u00e2ncer de mama ou ginecol\u00f3gico, ou que acabaram de receber o diagn\u00f3stico, podem buscar acolhimento na Liga. A sede fica localizada na Rua Ant\u00f4nio de Andrade, 45, Jardim Faculdade, com atendimento de segunda a sexta-feira, das 8h \u00e0s 17h. O contato tamb\u00e9m pode ser feito pelo telefone (15) 99661-6220 ou pelo e-mail contato@ligacombateaocancer.org.br.<\/p>\n","protected":false},"excerpt":{"rendered":"<p>A\u00e7\u00e3o social marca o Outubro Rosa com foco na conscientiza\u00e7\u00e3o e na preven\u00e7\u00e3o do c\u00e2ncer de mama Por Let\u00edcia Gebaile<\/p>\n","protected":false},"author":1,"featured_media":0,"comment_status":"open","ping_status":"open","sticky":false,"template":"","format":"standard","meta":{"colormag_page_container_layout":"default_layout","colormag_page_sidebar_layout":"default_layout","footnotes":""},"categories":[15,9,37,14],"tags":[30,41,29,28],"class_list":["post-4470","post","type-post","status-publish","format-standard","hentry","category-jornalismo","category-jornalismo-online","category-sorocaba","category-uniso","tag-focas","tag-focas-na-rede","tag-jornalismo","tag-uniso"],"featured_image_urls":{"full":"","thumbnail":"","medium":"","medium_large":"","large":"","1536x1536":"","2048x2048":"","colormag-highlighted-post":"","colormag-featured-post-medium":"","colormag-featured-post-small":"","colormag-featured-image":"","colormag-default-news":"","colormag-featured-image-large":""},"author_info":{"info":["focas"]},"category_info":"<a href=\"https:\/\/focas.uniso.br\/index.php\/category\/jornalismo\/\" rel=\"category tag\">Jornalismo<\/a> <a href=\"https:\/\/focas.uniso.br\/index.php\/category\/jornalismo-online\/\" rel=\"category tag\">jornalismo online<\/a> <a href=\"https:\/\/focas.uniso.br\/index.php\/category\/sorocaba\/\" rel=\"category tag\">Sorocaba<\/a> <a href=\"https:\/\/focas.uniso.br\/index.php\/category\/uniso\/\" rel=\"category tag\">Uniso<\/a>","tag_info":"Uniso","comment_count":"0","_links":{"self":[{"href":"https:\/\/focas.uniso.br\/index.php\/wp-json\/wp\/v2\/posts\/4470","targetHints":{"allow":["GET"]}}],"collection":[{"href":"https:\/\/focas.uniso.br\/index.php\/wp-json\/wp\/v2\/posts"}],"about":[{"href":"https:\/\/focas.uniso.br\/index.php\/wp-json\/wp\/v2\/types\/post"}],"author":[{"embeddable":true,"href":"https:\/\/focas.uniso.br\/index.php\/wp-json\/wp\/v2\/users\/1"}],"replies":[{"embeddable":true,"href":"https:\/\/focas.uniso.br\/index.php\/wp-json\/wp\/v2\/comments?post=4470"}],"version-history":[{"count":1,"href":"https:\/\/focas.uniso.br\/index.php\/wp-json\/wp\/v2\/posts\/4470\/revisions"}],"predecessor-version":[{"id":4474,"href":"https:\/\/focas.uniso.br\/index.php\/wp-json\/wp\/v2\/posts\/4470\/revisions\/4474"}],"wp:attachment":[{"href":"https:\/\/focas.uniso.br\/index.php\/wp-json\/wp\/v2\/media?parent=4470"}],"wp:term":[{"taxonomy":"category","embeddable":true,"href":"https:\/\/focas.uniso.br\/index.php\/wp-json\/wp\/v2\/categories?post=4470"},{"taxonomy":"post_tag","embeddable":true,"href":"https:\/\/focas.uniso.br\/index.php\/wp-json\/wp\/v2\/tags?post=4470"}],"curies":[{"name":"wp","href":"https:\/\/api.w.org\/{rel}","templated":true}]}}