{"id":4480,"date":"2025-10-24T10:20:55","date_gmt":"2025-10-24T13:20:55","guid":{"rendered":"https:\/\/focas.uniso.br\/?p=4480"},"modified":"2025-10-24T10:20:55","modified_gmt":"2025-10-24T13:20:55","slug":"ogan-ademir-barros-chefe-do-exercito","status":"publish","type":"post","link":"https:\/\/focas.uniso.br\/index.php\/2025\/10\/24\/ogan-ademir-barros-chefe-do-exercito\/","title":{"rendered":"Ogan Ademir Barros &#8211; Chefe do Ex\u00e9rcito"},"content":{"rendered":"\n<p><strong><em>S\u00e9rie sexta-feira, dia de Oxal\u00e1 (In memorian de Ademir)<\/em><\/strong><\/p>\n\n\n\n<p>\u201cConheci Ademir em uma palestra no Col\u00e9gio Dom Aguirre, onde ele apresentava parte de seu trabalho envolvendo as religi\u00f5es de matrizes africanas e refer\u00eancias b\u00edblicas pertinentes.<\/p>\n\n\n\n<p>Anos depois, ele decidiu retomar sua caminhada religiosa e aprofundar seu conhecimento do candombl\u00e9 atrav\u00e9s da pr\u00e1tica. Foi iniciado para o orix\u00e1 Ogun, senhor da metalurgia, patrono da agricultura e guerreiro valoroso. Sendo ogan \u2014 condi\u00e7\u00e3o dos filhos do sexo masculino que n\u00e3o d\u00e3o transe \u2014, recebeu um t\u00edtulo hier\u00e1rquico totalmente afinado com sua trajet\u00f3ria no movimento negro: as divindades da Casa atribu\u00edram a ele o t\u00edtulo de Balogun, General, Chefe do Ex\u00e9rcito, aquele que protege a comunidade.<\/p>\n\n\n\n<p>E no dia em que foi apresentado \u00e0 comunidade para tal mister, eu lhe disse o que o or\u00e1culo havia revelado: \u2018Voc\u00ea n\u00e3o vai empunhar armas ou dar socos, e sim levantar a voz e a caneta em favor de seu povo!\u2019<\/p>\n\n\n\n<p>E dessa feita, o trabalho de Ogan Ademir extrapolou em muito os limites da comunidade de terreiro, alcan\u00e7ando express\u00f5es coletivas como o NUCAB &#8211; que nasceu na UNISO, e a Academia atrav\u00e9s da UFSCAR -, sem se deixar levar por vaidade ou egocentrismo, sempre visando alcan\u00e7ar o melhor para seu povo.<\/p>\n\n\n\n<p>E quem \u00e9 essa gente? \u00c9 o povo de santo, \u00e9 o pobre perif\u00e9rico, \u00e9 o preto que luta no dia a dia para combater as injusti\u00e7as sociais.<\/p>\n\n\n\n<p>Meu entendimento, como sacerdote, como admirador sincero e como indiv\u00edduo dessa nossa \u00e9poca t\u00e3o conturbada e contradit\u00f3ria, ouso dizer que Ademir Barros, Ogan Ademir de Ogum, Balogun da Comunidade de Terreiro Il\u00ea Alaketu As\u00e9 \u00d3m\u00f3 L\u00f3g\u00fan\u00e8d\u00e9, quebrou barreiras e venceu preconceitos, dando exemplo a muitos outros de que n\u00e3o \u00e9 poss\u00edvel vencer guerras sem ocupar-se com aten\u00e7\u00e3o de cada frente de batalha.<\/p>\n\n\n\n<p>Fica a saudade e a lembran\u00e7a do privil\u00e9gio de ter convivido por anos que representaram troca enriquecedora.<\/p>\n\n\n\n<p>Hoje, ele se encontra na Casa dos Ancestrais, aguardando o momento de estar junto novamente, sob as b\u00ean\u00e7\u00e3os de Olodumare.<\/p>\n\n\n\n<p>Louros sejam atribu\u00eddos pelo seu esfor\u00e7o cotidiano, e que seu legado n\u00e3o seja jamais esquecido, Balogun!<\/p>\n\n\n\n<p>As\u00e9 o!\u201d<\/p>\n\n\n\n<p>B\u00e0b\u00e1l\u00f3r\u00ecs\u00e1 Nivaldo de Log\u00fan-Ed\u00e9, dirigente da Comunidade de Terreiro IL\u00c9 ALAKETU AS\u00c9 \u00d3M\u00d3 L\u00d3G\u00daN\u00c8D\u00c9, sacerdote de Ademir Barros<\/p>\n\n\n\n<figure class=\"wp-block-gallery has-nested-images columns-default is-cropped wp-block-gallery-1 is-layout-flex wp-block-gallery-is-layout-flex\">\n<figure class=\"wp-block-image size-large\"><img loading=\"lazy\" decoding=\"async\" width=\"634\" height=\"473\" data-id=\"4482\" src=\"https:\/\/focas.uniso.br\/wp-content\/uploads\/2025\/10\/WhatsApp-Image-2025-10-23-at-20.57.47.jpeg\" alt=\"\" class=\"wp-image-4482\" srcset=\"https:\/\/focas.uniso.br\/wp-content\/uploads\/2025\/10\/WhatsApp-Image-2025-10-23-at-20.57.47.jpeg 634w, https:\/\/focas.uniso.br\/wp-content\/uploads\/2025\/10\/WhatsApp-Image-2025-10-23-at-20.57.47-300x224.jpeg 300w\" sizes=\"auto, (max-width: 634px) 100vw, 634px\" \/><figcaption class=\"wp-element-caption\">B\u00e0b\u00e1l\u00f3r\u00ecs\u00e1 Nivaldo de Log\u00fan-Ed\u00e9 (no centro), ao lado de Ademir em uma atividade na Comunidade de Terreiro IL\u00c9 ALAKETU AS\u00c9 \u00d3M\u00d3 L\u00d3G\u00daN\u00c8D\u00c9 | Foto: arquivo pessoal<\/figcaption><\/figure>\n\n\n\n<figure class=\"wp-block-image size-large\"><img loading=\"lazy\" decoding=\"async\" width=\"634\" height=\"421\" data-id=\"4483\" src=\"https:\/\/focas.uniso.br\/wp-content\/uploads\/2025\/10\/WhatsApp-Image-2025-10-23-at-20.58.11.jpeg\" alt=\"\" class=\"wp-image-4483\" srcset=\"https:\/\/focas.uniso.br\/wp-content\/uploads\/2025\/10\/WhatsApp-Image-2025-10-23-at-20.58.11.jpeg 634w, https:\/\/focas.uniso.br\/wp-content\/uploads\/2025\/10\/WhatsApp-Image-2025-10-23-at-20.58.11-300x199.jpeg 300w\" sizes=\"auto, (max-width: 634px) 100vw, 634px\" \/><figcaption class=\"wp-element-caption\">Ademir ao lado de Clau\u0301dio em uma roda de samba, no evento de 13 anos do Projeto Panela do Samba em 2022 | Foto: Arquivo Pessoal Cla\u0301udio Silva<br><\/figcaption><\/figure>\n\n\n\n<figure class=\"wp-block-image size-large\"><img loading=\"lazy\" decoding=\"async\" width=\"629\" height=\"844\" data-id=\"4481\" src=\"https:\/\/focas.uniso.br\/wp-content\/uploads\/2025\/10\/WhatsApp-Image-2025-10-23-at-20.58.40.jpeg\" alt=\"\" class=\"wp-image-4481\" srcset=\"https:\/\/focas.uniso.br\/wp-content\/uploads\/2025\/10\/WhatsApp-Image-2025-10-23-at-20.58.40.jpeg 629w, https:\/\/focas.uniso.br\/wp-content\/uploads\/2025\/10\/WhatsApp-Image-2025-10-23-at-20.58.40-224x300.jpeg 224w\" sizes=\"auto, (max-width: 629px) 100vw, 629px\" \/><figcaption class=\"wp-element-caption\">Claudio Silva, autor do v\u00eddeo de hoje publicado no perfil do Instagram @focasnarede | Foto: Rafael Filho<br><\/figcaption><\/figure>\n<\/figure>\n","protected":false},"excerpt":{"rendered":"<p>S\u00e9rie sexta-feira, dia de Oxal\u00e1 (In memorian de Ademir) \u201cConheci Ademir em uma palestra no Col\u00e9gio Dom Aguirre, onde ele<\/p>\n","protected":false},"author":1,"featured_media":0,"comment_status":"open","ping_status":"open","sticky":false,"template":"","format":"standard","meta":{"colormag_page_container_layout":"default_layout","colormag_page_sidebar_layout":"default_layout","footnotes":""},"categories":[15,9,37,14],"tags":[30,41,29,28],"class_list":["post-4480","post","type-post","status-publish","format-standard","hentry","category-jornalismo","category-jornalismo-online","category-sorocaba","category-uniso","tag-focas","tag-focas-na-rede","tag-jornalismo","tag-uniso"],"featured_image_urls":{"full":"","thumbnail":"","medium":"","medium_large":"","large":"","1536x1536":"","2048x2048":"","colormag-highlighted-post":"","colormag-featured-post-medium":"","colormag-featured-post-small":"","colormag-featured-image":"","colormag-default-news":"","colormag-featured-image-large":""},"author_info":{"info":["focas"]},"category_info":"<a href=\"https:\/\/focas.uniso.br\/index.php\/category\/jornalismo\/\" rel=\"category tag\">Jornalismo<\/a> <a href=\"https:\/\/focas.uniso.br\/index.php\/category\/jornalismo-online\/\" rel=\"category tag\">jornalismo online<\/a> <a href=\"https:\/\/focas.uniso.br\/index.php\/category\/sorocaba\/\" rel=\"category tag\">Sorocaba<\/a> <a href=\"https:\/\/focas.uniso.br\/index.php\/category\/uniso\/\" rel=\"category tag\">Uniso<\/a>","tag_info":"Uniso","comment_count":"0","_links":{"self":[{"href":"https:\/\/focas.uniso.br\/index.php\/wp-json\/wp\/v2\/posts\/4480","targetHints":{"allow":["GET"]}}],"collection":[{"href":"https:\/\/focas.uniso.br\/index.php\/wp-json\/wp\/v2\/posts"}],"about":[{"href":"https:\/\/focas.uniso.br\/index.php\/wp-json\/wp\/v2\/types\/post"}],"author":[{"embeddable":true,"href":"https:\/\/focas.uniso.br\/index.php\/wp-json\/wp\/v2\/users\/1"}],"replies":[{"embeddable":true,"href":"https:\/\/focas.uniso.br\/index.php\/wp-json\/wp\/v2\/comments?post=4480"}],"version-history":[{"count":1,"href":"https:\/\/focas.uniso.br\/index.php\/wp-json\/wp\/v2\/posts\/4480\/revisions"}],"predecessor-version":[{"id":4484,"href":"https:\/\/focas.uniso.br\/index.php\/wp-json\/wp\/v2\/posts\/4480\/revisions\/4484"}],"wp:attachment":[{"href":"https:\/\/focas.uniso.br\/index.php\/wp-json\/wp\/v2\/media?parent=4480"}],"wp:term":[{"taxonomy":"category","embeddable":true,"href":"https:\/\/focas.uniso.br\/index.php\/wp-json\/wp\/v2\/categories?post=4480"},{"taxonomy":"post_tag","embeddable":true,"href":"https:\/\/focas.uniso.br\/index.php\/wp-json\/wp\/v2\/tags?post=4480"}],"curies":[{"name":"wp","href":"https:\/\/api.w.org\/{rel}","templated":true}]}}