{"id":449,"date":"2016-03-28T17:30:00","date_gmt":"2016-03-28T17:30:00","guid":{"rendered":"http:\/\/focas.uniso.br\/index.php\/2016\/03\/28\/radiojornal-inclusao-retorna-apos-reestruturacao-de-equipe\/"},"modified":"2016-03-28T17:30:00","modified_gmt":"2016-03-28T17:30:00","slug":"radiojornal-inclusao-retorna-apos-reestruturacao-de-equipe","status":"publish","type":"post","link":"https:\/\/focas.uniso.br\/index.php\/2016\/03\/28\/radiojornal-inclusao-retorna-apos-reestruturacao-de-equipe\/","title":{"rendered":"Radiojornal Inclus\u00e3o retorna ap\u00f3s reestrutura\u00e7\u00e3o de equipe"},"content":{"rendered":"<div style=\"clear: both; text-align: center;\"><a href=\"http:\/\/3.bp.blogspot.com\/-JOsPrJYnpww\/VvlqIB4fngI\/AAAAAAAAFAc\/T8Udo2h3RQ45sQrLVaXb0MbjEsMdZXvzw\/s1600\/b1b1c32f-0f64-44cd-a49a-33dc832b4d0a.jpg\" style=\"margin-left: 1em; margin-right: 1em;\"><img loading=\"lazy\" decoding=\"async\" border=\"0\" height=\"225\" src=\"https:\/\/3.bp.blogspot.com\/-JOsPrJYnpww\/VvlqIB4fngI\/AAAAAAAAFAc\/T8Udo2h3RQ45sQrLVaXb0MbjEsMdZXvzw\/s400\/b1b1c32f-0f64-44cd-a49a-33dc832b4d0a.jpg\" width=\"400\" \/><\/a><\/div>\n<div style=\"clear: both; text-align: center;\"><\/div>\n<div style=\"background-color: white; color: #141823; line-height: 19.32px; margin-bottom: 6px; margin-top: 6px;\"><span style=\"font-family: Arial, Helvetica, sans-serif;\">\u201cO Radiojornal Inclus\u00e3o\u201d, produzido pelo curso de Jornalismo da Uniso e voltado \u00e0 inclus\u00e3o digital, com a divulga\u00e7\u00e3o de reportagens, produtos e servi\u00e7os que contribuam para a vida das pessoas com defici\u00eancia, mobilidade reduzida e terceira idade, voltou ao ar nesta segunda-feira (28).<\/span><\/div>\n<div style=\"background-color: white; color: #141823; line-height: 19.32px; margin-bottom: 6px; margin-top: 6px;\"><span style=\"font-family: Arial, Helvetica, sans-serif;\">Com uma nova equipe de alunos volunt\u00e1rios, composta agora por Carolina Moreira, Dayane Dec\u00e1ria e Larissa Cirineo, com supervis\u00e3o do pr<span style=\"display: inline;\">ofessor e jornalista Fernando Negr\u00e3o Duarte, o programa \u00e9 uma realiza\u00e7\u00e3o da Ag\u00eancia Experimental com apoio do Laborat\u00f3rio de Comunica\u00e7\u00e3o da Uniso, em parceria com o Jornal Inclus\u00e3o Brasil e a R\u00e1dio Cruzeiro FM.<\/span><\/span><\/div>\n<div style=\"background-color: white; color: #141823; display: inline; line-height: 19.32px;\">\n<div style=\"margin-bottom: 6px;\"><span style=\"font-family: Arial, Helvetica, sans-serif;\">O programa \u00e9 uma das a\u00e7\u00f5es da Uniso em prol da comunidade, tem dura\u00e7\u00e3o de dez minutos e vai ao ar de segunda a sexta-feira \u00e0s 6h50, na frequ\u00eancia 92,3 mHz e pode ser ouvido tamb\u00e9m pelo site<a href=\"http:\/\/www.cruzeirofm.com.br\/\" rel=\"nofollow noopener noreferrer\" style=\"color: #3b5998; cursor: pointer; text-decoration: none;\" target=\"_blank\">www.cruzeirofm.com.br.<\/a><br \/>________________________________________<br \/>Texto e foto: Giulia Vasovino, Ag\u00eancia JOR\/Uniso<\/span><\/div>\n<\/div>\n","protected":false},"excerpt":{"rendered":"<p>\u201cO Radiojornal Inclus\u00e3o\u201d, produzido pelo curso de Jornalismo da Uniso e voltado \u00e0 inclus\u00e3o digital, com a divulga\u00e7\u00e3o de reportagens,<\/p>\n","protected":false},"author":1,"featured_media":0,"comment_status":"open","ping_status":"open","sticky":false,"template":"","format":"standard","meta":{"colormag_page_container_layout":"default_layout","colormag_page_sidebar_layout":"default_layout","footnotes":""},"categories":[1],"tags":[],"class_list":["post-449","post","type-post","status-publish","format-standard","hentry","category-uncategorized"],"featured_image_urls":{"full":"","thumbnail":"","medium":"","medium_large":"","large":"","1536x1536":"","2048x2048":"","colormag-highlighted-post":"","colormag-featured-post-medium":"","colormag-featured-post-small":"","colormag-featured-image":"","colormag-default-news":"","colormag-featured-image-large":""},"author_info":{"info":["focas"]},"category_info":"<a href=\"https:\/\/focas.uniso.br\/index.php\/category\/uncategorized\/\" rel=\"category tag\">Uncategorized<\/a>","tag_info":"Uncategorized","comment_count":"0","_links":{"self":[{"href":"https:\/\/focas.uniso.br\/index.php\/wp-json\/wp\/v2\/posts\/449","targetHints":{"allow":["GET"]}}],"collection":[{"href":"https:\/\/focas.uniso.br\/index.php\/wp-json\/wp\/v2\/posts"}],"about":[{"href":"https:\/\/focas.uniso.br\/index.php\/wp-json\/wp\/v2\/types\/post"}],"author":[{"embeddable":true,"href":"https:\/\/focas.uniso.br\/index.php\/wp-json\/wp\/v2\/users\/1"}],"replies":[{"embeddable":true,"href":"https:\/\/focas.uniso.br\/index.php\/wp-json\/wp\/v2\/comments?post=449"}],"version-history":[{"count":0,"href":"https:\/\/focas.uniso.br\/index.php\/wp-json\/wp\/v2\/posts\/449\/revisions"}],"wp:attachment":[{"href":"https:\/\/focas.uniso.br\/index.php\/wp-json\/wp\/v2\/media?parent=449"}],"wp:term":[{"taxonomy":"category","embeddable":true,"href":"https:\/\/focas.uniso.br\/index.php\/wp-json\/wp\/v2\/categories?post=449"},{"taxonomy":"post_tag","embeddable":true,"href":"https:\/\/focas.uniso.br\/index.php\/wp-json\/wp\/v2\/tags?post=449"}],"curies":[{"name":"wp","href":"https:\/\/api.w.org\/{rel}","templated":true}]}}