{"id":4497,"date":"2025-10-27T09:28:00","date_gmt":"2025-10-27T12:28:00","guid":{"rendered":"https:\/\/focas.uniso.br\/?p=4497"},"modified":"2025-10-27T10:20:34","modified_gmt":"2025-10-27T13:20:34","slug":"44o-concurso-literario-da-uniso-premia-melhores-microcontos-de-ficcao-cientifica-e-de-terror","status":"publish","type":"post","link":"https:\/\/focas.uniso.br\/index.php\/2025\/10\/27\/44o-concurso-literario-da-uniso-premia-melhores-microcontos-de-ficcao-cientifica-e-de-terror\/","title":{"rendered":"44\u00ba Concurso Liter\u00e1rio da Uniso premia melhores microcontos de fic\u00e7\u00e3o cient\u00edfica e de terror"},"content":{"rendered":"\n<p>Por Fabrizio Setti <\/p>\n\n\n\n<p>Na \u00faltima quarta-feira (22\/10), foi realizada a premia\u00e7\u00e3o do 44\u00ba Concurso Liter\u00e1rio, atividade extensionista do curso de Letras da Uniso, no Audit\u00f3rio da Biblioteca \u201cAlu\u00edsio de Almeida\u201d, no campus Cidade Universit\u00e1ria da Uniso Prof. Aldo Vannucchi.<\/p>\n\n\n\n<figure class=\"wp-block-image size-large\"><img loading=\"lazy\" decoding=\"async\" width=\"1024\" height=\"673\" src=\"https:\/\/focas.uniso.br\/wp-content\/uploads\/2025\/10\/WhatsApp-Image-2025-10-26-at-23.50.32-1024x673.jpeg\" alt=\"\" class=\"wp-image-4505\" srcset=\"https:\/\/focas.uniso.br\/wp-content\/uploads\/2025\/10\/WhatsApp-Image-2025-10-26-at-23.50.32-1024x673.jpeg 1024w, https:\/\/focas.uniso.br\/wp-content\/uploads\/2025\/10\/WhatsApp-Image-2025-10-26-at-23.50.32-300x197.jpeg 300w, https:\/\/focas.uniso.br\/wp-content\/uploads\/2025\/10\/WhatsApp-Image-2025-10-26-at-23.50.32-768x505.jpeg 768w, https:\/\/focas.uniso.br\/wp-content\/uploads\/2025\/10\/WhatsApp-Image-2025-10-26-at-23.50.32.jpeg 1170w\" sizes=\"auto, (max-width: 1024px) 100vw, 1024px\" \/><figcaption class=\"wp-element-caption\">Foto- Fabrizio Setti<\/figcaption><\/figure>\n\n\n\n<p>Apresentada pela professora Daniela Aparecida Vendramini Zanella, a modalidade escolhida para esse ano foi a dos microcontos, uma forma extremamente breve de narrativa, com tem\u00e1tica de fic\u00e7\u00e3o cient\u00edfica e de terror. Os trabalhos foram separados em duas categorias: microcontos tradicionais e microcontos digitais. Os cinco semifinalistas de cada categoria foram escolhidos pela 1\u00aa Comiss\u00e3o Julgadora, enquanto a defini\u00e7\u00e3o da classifica\u00e7\u00e3o final foi realizada pela 2\u00aa Comiss\u00e3o Julgadora.<\/p>\n\n\n\n<figure class=\"wp-block-gallery has-nested-images columns-default is-cropped wp-block-gallery-1 is-layout-flex wp-block-gallery-is-layout-flex\">\n<figure class=\"wp-block-image size-large\"><img loading=\"lazy\" decoding=\"async\" width=\"688\" height=\"1024\" data-id=\"4500\" src=\"https:\/\/focas.uniso.br\/wp-content\/uploads\/2025\/10\/WhatsApp-Image-2025-10-26-at-23.46.44-3-688x1024.jpeg\" alt=\"\" class=\"wp-image-4500\" srcset=\"https:\/\/focas.uniso.br\/wp-content\/uploads\/2025\/10\/WhatsApp-Image-2025-10-26-at-23.46.44-3-688x1024.jpeg 688w, https:\/\/focas.uniso.br\/wp-content\/uploads\/2025\/10\/WhatsApp-Image-2025-10-26-at-23.46.44-3-202x300.jpeg 202w, https:\/\/focas.uniso.br\/wp-content\/uploads\/2025\/10\/WhatsApp-Image-2025-10-26-at-23.46.44-3-768x1143.jpeg 768w, https:\/\/focas.uniso.br\/wp-content\/uploads\/2025\/10\/WhatsApp-Image-2025-10-26-at-23.46.44-3-1032x1536.jpeg 1032w, https:\/\/focas.uniso.br\/wp-content\/uploads\/2025\/10\/WhatsApp-Image-2025-10-26-at-23.46.44-3.jpeg 1075w\" sizes=\"auto, (max-width: 688px) 100vw, 688px\" \/><figcaption class=\"wp-element-caption\">Foto- Fabrizio Setti<\/figcaption><\/figure>\n\n\n\n<figure class=\"wp-block-image size-large\"><img loading=\"lazy\" decoding=\"async\" width=\"687\" height=\"1024\" data-id=\"4501\" src=\"https:\/\/focas.uniso.br\/wp-content\/uploads\/2025\/10\/WhatsApp-Image-2025-10-26-at-23.46.44-2-687x1024.jpeg\" alt=\"\" class=\"wp-image-4501\" srcset=\"https:\/\/focas.uniso.br\/wp-content\/uploads\/2025\/10\/WhatsApp-Image-2025-10-26-at-23.46.44-2-687x1024.jpeg 687w, https:\/\/focas.uniso.br\/wp-content\/uploads\/2025\/10\/WhatsApp-Image-2025-10-26-at-23.46.44-2-201x300.jpeg 201w, https:\/\/focas.uniso.br\/wp-content\/uploads\/2025\/10\/WhatsApp-Image-2025-10-26-at-23.46.44-2-768x1145.jpeg 768w, https:\/\/focas.uniso.br\/wp-content\/uploads\/2025\/10\/WhatsApp-Image-2025-10-26-at-23.46.44-2-1030x1536.jpeg 1030w, https:\/\/focas.uniso.br\/wp-content\/uploads\/2025\/10\/WhatsApp-Image-2025-10-26-at-23.46.44-2.jpeg 1073w\" sizes=\"auto, (max-width: 687px) 100vw, 687px\" \/><figcaption class=\"wp-element-caption\">Foto- Fabrizio Setti<\/figcaption><\/figure>\n<\/figure>\n\n\n\n<p>Dos microcontos tradicionais, os finalistas foram:<\/p>\n\n\n\n<p><strong>3\u00ba Lugar<\/strong> \u2013 Meia-Irm\u00e3, por Isabela Balbo<\/p>\n\n\n\n<p><strong>2\u00ba Lugar<\/strong> \u2013 Cafun\u00e9, por Luana Silva<\/p>\n\n\n\n<figure class=\"wp-block-image size-large\"><img loading=\"lazy\" decoding=\"async\" width=\"1024\" height=\"674\" src=\"https:\/\/focas.uniso.br\/wp-content\/uploads\/2025\/10\/WhatsApp-Image-2025-10-26-at-23.46.44-1-1024x674.jpeg\" alt=\"\" class=\"wp-image-4502\" srcset=\"https:\/\/focas.uniso.br\/wp-content\/uploads\/2025\/10\/WhatsApp-Image-2025-10-26-at-23.46.44-1-1024x674.jpeg 1024w, https:\/\/focas.uniso.br\/wp-content\/uploads\/2025\/10\/WhatsApp-Image-2025-10-26-at-23.46.44-1-300x197.jpeg 300w, https:\/\/focas.uniso.br\/wp-content\/uploads\/2025\/10\/WhatsApp-Image-2025-10-26-at-23.46.44-1-768x505.jpeg 768w, https:\/\/focas.uniso.br\/wp-content\/uploads\/2025\/10\/WhatsApp-Image-2025-10-26-at-23.46.44-1.jpeg 1170w\" sizes=\"auto, (max-width: 1024px) 100vw, 1024px\" \/><figcaption class=\"wp-element-caption\">Foto- Fabrizio Setti<\/figcaption><\/figure>\n\n\n\n<p><strong>1\u00ba Lugar<\/strong> \u2013 Biosfera, por Cl\u00e1udia Sophia Leschonski<\/p>\n\n\n\n<figure class=\"wp-block-image size-large\"><img loading=\"lazy\" decoding=\"async\" width=\"1024\" height=\"682\" src=\"https:\/\/focas.uniso.br\/wp-content\/uploads\/2025\/10\/WhatsApp-Image-2025-10-26-at-23.46.45-1-1024x682.jpeg\" alt=\"\" class=\"wp-image-4498\" srcset=\"https:\/\/focas.uniso.br\/wp-content\/uploads\/2025\/10\/WhatsApp-Image-2025-10-26-at-23.46.45-1-1024x682.jpeg 1024w, https:\/\/focas.uniso.br\/wp-content\/uploads\/2025\/10\/WhatsApp-Image-2025-10-26-at-23.46.45-1-300x200.jpeg 300w, https:\/\/focas.uniso.br\/wp-content\/uploads\/2025\/10\/WhatsApp-Image-2025-10-26-at-23.46.45-1-768x511.jpeg 768w, https:\/\/focas.uniso.br\/wp-content\/uploads\/2025\/10\/WhatsApp-Image-2025-10-26-at-23.46.45-1.jpeg 1170w\" sizes=\"auto, (max-width: 1024px) 100vw, 1024px\" \/><figcaption class=\"wp-element-caption\">Foto- Fabrizio Setti<\/figcaption><\/figure>\n\n\n\n<p>Dos microcontos digitais, os finalistas foram:<\/p>\n\n\n\n<p><strong>3\u00ba Lugar <\/strong>\u2013 Astraios, por Paula Laureano<\/p>\n\n\n\n<figure class=\"wp-block-image size-large\"><img loading=\"lazy\" decoding=\"async\" width=\"1024\" height=\"682\" src=\"https:\/\/focas.uniso.br\/wp-content\/uploads\/2025\/10\/WhatsApp-Image-2025-10-26-at-23.46.44-1024x682.jpeg\" alt=\"\" class=\"wp-image-4503\" srcset=\"https:\/\/focas.uniso.br\/wp-content\/uploads\/2025\/10\/WhatsApp-Image-2025-10-26-at-23.46.44-1024x682.jpeg 1024w, https:\/\/focas.uniso.br\/wp-content\/uploads\/2025\/10\/WhatsApp-Image-2025-10-26-at-23.46.44-300x200.jpeg 300w, https:\/\/focas.uniso.br\/wp-content\/uploads\/2025\/10\/WhatsApp-Image-2025-10-26-at-23.46.44-768x511.jpeg 768w, https:\/\/focas.uniso.br\/wp-content\/uploads\/2025\/10\/WhatsApp-Image-2025-10-26-at-23.46.44.jpeg 1170w\" sizes=\"auto, (max-width: 1024px) 100vw, 1024px\" \/><figcaption class=\"wp-element-caption\">Foto- Fabrizio Setti<\/figcaption><\/figure>\n\n\n\n<p><strong>2\u00ba Lugar \u2013 <\/strong>Vazio, por Andreza Gon\u00e7alves<\/p>\n\n\n\n<figure class=\"wp-block-image size-large\"><img loading=\"lazy\" decoding=\"async\" width=\"1024\" height=\"683\" src=\"https:\/\/focas.uniso.br\/wp-content\/uploads\/2025\/10\/WhatsApp-Image-2025-10-26-at-23.46.41-1024x683.jpeg\" alt=\"\" class=\"wp-image-4504\" srcset=\"https:\/\/focas.uniso.br\/wp-content\/uploads\/2025\/10\/WhatsApp-Image-2025-10-26-at-23.46.41-1024x683.jpeg 1024w, https:\/\/focas.uniso.br\/wp-content\/uploads\/2025\/10\/WhatsApp-Image-2025-10-26-at-23.46.41-300x200.jpeg 300w, https:\/\/focas.uniso.br\/wp-content\/uploads\/2025\/10\/WhatsApp-Image-2025-10-26-at-23.46.41-768x512.jpeg 768w, https:\/\/focas.uniso.br\/wp-content\/uploads\/2025\/10\/WhatsApp-Image-2025-10-26-at-23.46.41.jpeg 1170w\" sizes=\"auto, (max-width: 1024px) 100vw, 1024px\" \/><figcaption class=\"wp-element-caption\"> Foto- Fabrizio Setti<\/figcaption><\/figure>\n\n\n\n<p><strong>1\u00ba Lugar <\/strong>\u2013 N\u00e3o Olhe, por Fernando Araujo<\/p>\n\n\n\n<figure class=\"wp-block-image size-large\"><img loading=\"lazy\" decoding=\"async\" width=\"1024\" height=\"683\" src=\"https:\/\/focas.uniso.br\/wp-content\/uploads\/2025\/10\/WhatsApp-Image-2025-10-26-at-23.46.45-1024x683.jpeg\" alt=\"\" class=\"wp-image-4499\" srcset=\"https:\/\/focas.uniso.br\/wp-content\/uploads\/2025\/10\/WhatsApp-Image-2025-10-26-at-23.46.45-1024x683.jpeg 1024w, https:\/\/focas.uniso.br\/wp-content\/uploads\/2025\/10\/WhatsApp-Image-2025-10-26-at-23.46.45-300x200.jpeg 300w, https:\/\/focas.uniso.br\/wp-content\/uploads\/2025\/10\/WhatsApp-Image-2025-10-26-at-23.46.45-768x512.jpeg 768w, https:\/\/focas.uniso.br\/wp-content\/uploads\/2025\/10\/WhatsApp-Image-2025-10-26-at-23.46.45.jpeg 1170w\" sizes=\"auto, (max-width: 1024px) 100vw, 1024px\" \/><figcaption class=\"wp-element-caption\">Foto- Fabrizio Setti<\/figcaption><\/figure>\n","protected":false},"excerpt":{"rendered":"<p>Por Fabrizio Setti Na \u00faltima quarta-feira (22\/10), foi realizada a premia\u00e7\u00e3o do 44\u00ba Concurso Liter\u00e1rio, atividade extensionista do curso de<\/p>\n","protected":false},"author":1,"featured_media":0,"comment_status":"open","ping_status":"open","sticky":false,"template":"","format":"standard","meta":{"colormag_page_container_layout":"default_layout","colormag_page_sidebar_layout":"default_layout","footnotes":""},"categories":[15,9,37,14],"tags":[30,41,29,28],"class_list":["post-4497","post","type-post","status-publish","format-standard","hentry","category-jornalismo","category-jornalismo-online","category-sorocaba","category-uniso","tag-focas","tag-focas-na-rede","tag-jornalismo","tag-uniso"],"featured_image_urls":{"full":"","thumbnail":"","medium":"","medium_large":"","large":"","1536x1536":"","2048x2048":"","colormag-highlighted-post":"","colormag-featured-post-medium":"","colormag-featured-post-small":"","colormag-featured-image":"","colormag-default-news":"","colormag-featured-image-large":""},"author_info":{"info":["focas"]},"category_info":"<a href=\"https:\/\/focas.uniso.br\/index.php\/category\/jornalismo\/\" rel=\"category tag\">Jornalismo<\/a> <a href=\"https:\/\/focas.uniso.br\/index.php\/category\/jornalismo-online\/\" rel=\"category tag\">jornalismo online<\/a> <a href=\"https:\/\/focas.uniso.br\/index.php\/category\/sorocaba\/\" rel=\"category tag\">Sorocaba<\/a> <a href=\"https:\/\/focas.uniso.br\/index.php\/category\/uniso\/\" rel=\"category tag\">Uniso<\/a>","tag_info":"Uniso","comment_count":"0","_links":{"self":[{"href":"https:\/\/focas.uniso.br\/index.php\/wp-json\/wp\/v2\/posts\/4497","targetHints":{"allow":["GET"]}}],"collection":[{"href":"https:\/\/focas.uniso.br\/index.php\/wp-json\/wp\/v2\/posts"}],"about":[{"href":"https:\/\/focas.uniso.br\/index.php\/wp-json\/wp\/v2\/types\/post"}],"author":[{"embeddable":true,"href":"https:\/\/focas.uniso.br\/index.php\/wp-json\/wp\/v2\/users\/1"}],"replies":[{"embeddable":true,"href":"https:\/\/focas.uniso.br\/index.php\/wp-json\/wp\/v2\/comments?post=4497"}],"version-history":[{"count":2,"href":"https:\/\/focas.uniso.br\/index.php\/wp-json\/wp\/v2\/posts\/4497\/revisions"}],"predecessor-version":[{"id":4507,"href":"https:\/\/focas.uniso.br\/index.php\/wp-json\/wp\/v2\/posts\/4497\/revisions\/4507"}],"wp:attachment":[{"href":"https:\/\/focas.uniso.br\/index.php\/wp-json\/wp\/v2\/media?parent=4497"}],"wp:term":[{"taxonomy":"category","embeddable":true,"href":"https:\/\/focas.uniso.br\/index.php\/wp-json\/wp\/v2\/categories?post=4497"},{"taxonomy":"post_tag","embeddable":true,"href":"https:\/\/focas.uniso.br\/index.php\/wp-json\/wp\/v2\/tags?post=4497"}],"curies":[{"name":"wp","href":"https:\/\/api.w.org\/{rel}","templated":true}]}}