{"id":450,"date":"2016-03-28T17:16:00","date_gmt":"2016-03-28T17:16:00","guid":{"rendered":"http:\/\/focas.uniso.br\/index.php\/2016\/03\/28\/jornalismo-recebe-autor-da-biografia-de-geraldo-vandre\/"},"modified":"2016-03-28T17:16:00","modified_gmt":"2016-03-28T17:16:00","slug":"jornalismo-recebe-autor-da-biografia-de-geraldo-vandre","status":"publish","type":"post","link":"https:\/\/focas.uniso.br\/index.php\/2016\/03\/28\/jornalismo-recebe-autor-da-biografia-de-geraldo-vandre\/","title":{"rendered":"Jornalismo recebe autor da biografia de Geraldo Vandr\u00e9"},"content":{"rendered":"<p><a href=\"http:\/\/3.bp.blogspot.com\/-hwBMC81eyJY\/Vvlm7iFpa-I\/AAAAAAAAFAQ\/CEi4BB_9AKssFowQw64mO1i3BCBSksT2A\/s1600\/download.jpg\" style=\"clear: left; float: left; margin-bottom: 1em; margin-right: 1em;\"><img loading=\"lazy\" decoding=\"async\" border=\"0\" height=\"320\" src=\"https:\/\/3.bp.blogspot.com\/-hwBMC81eyJY\/Vvlm7iFpa-I\/AAAAAAAAFAQ\/CEi4BB_9AKssFowQw64mO1i3BCBSksT2A\/s320\/download.jpg\" width=\"221\" \/><\/a><span lang=\"PT-BR\"><span style=\"font-family: &quot;arial&quot; , &quot;helvetica&quot; , sans-serif;\">O curso de Jornalismo recebe, nesta quarta-feira, 30, o jornalista e escritor Vitor Nuzzi para o lan\u00e7amento do livro \u201cGeraldo Vandr\u00e9 \u2014 Uma Can\u00e7\u00e3o Interrompida\u201d (Editora Kuarup, 2015), que vem \u00e0 Uniso por convite do professor Aldo Vannucchi, assessor especial da reitoria. A obra, uma biografia n\u00e3o autorizada, traz oito anos de pesquisa e mais de 100 entrevistados sobre a vida do compositor, que marcou o cen\u00e1rio musical brasileiro a partir dos anos 60, o ex\u00edlio em dezembro de 1968 e a transforma\u00e7\u00e3o em mito.<o:p><\/o:p><\/span><\/span><br \/><span style=\"font-family: &quot;arial&quot; , &quot;helvetica&quot; , sans-serif;\"><span lang=\"PT-BR\">Vandr\u00e9 <\/span><span lang=\"PT\">e suas composi\u00e7\u00f5es se tornaram \u00edcones da oposi\u00e7\u00e3o ao regime militar de 1964, como &#8220;Porta Estandarte&#8221;, &#8220;Arueira&#8221;, &#8220;Pra n\u00e3o dizer que n\u00e3o falei das flores&#8221;, entre outras. Em 1966, com \u201cDisparada&#8221;, dividiu o primeiro lugar no Festival da Can\u00e7\u00e3o da TV Record com Chico Buarque. Com \u201cCaminhando&#8221;, como muitos conhecem &#8220;Pra n\u00e3o dizer que n\u00e3o falei das flores&#8221;, ficou em segundo lugar no III Festival Internacional da Can\u00e7\u00e3o (FIC), em 1968, perdendo para a can\u00e7\u00e3o \u201cSabi\u00e1\u201d, de Chico Buarque e Tom Jobim. No entanto, a composi\u00e7\u00e3o ganhou o gosto popular e se transformou no hino da resist\u00eancia ao regime militar. <o:p><\/o:p><\/span><\/span><br \/><span lang=\"PT\"><span style=\"font-family: &quot;arial&quot; , &quot;helvetica&quot; , sans-serif;\"><br \/><\/span><\/span><span style=\"font-family: &quot;arial&quot; , &quot;helvetica&quot; , sans-serif;\"><strong><span lang=\"PT-BR\">Sorocaba \u2013 <\/span><\/strong><strong><span lang=\"PT-BR\" style=\"font-weight: normal;\">Meses antes do ex\u00edlio, em maio de 1968, Geraldo Vandr\u00e9 foi convidado a participar de um evento na Faculdade de Filosofia, Ci\u00eancias e Letras (FAFI), que deu origem \u00e0 Universidade de Sorocaba (Uniso), junto com o cineasta Anselmo Duarte, vencedor da Palma de Ouro e do Pr\u00eamio Especial do J\u00fari, no Festival de Cannes de 1962, com o filme \u201cO pagador de promessas\u201d. Com os estudantes, o compositor debateu diversos assuntos e apresentou can\u00e7\u00f5es em homenagem a Che Guevara, morto em outubro de 1967. <o:p><\/o:p><\/span><\/strong><\/span><br \/><strong><span lang=\"PT-BR\" style=\"font-weight: normal;\"><span style=\"font-family: &quot;arial&quot; , &quot;helvetica&quot; , sans-serif;\"><br \/><\/span><\/span><\/strong><span style=\"font-family: &quot;arial&quot; , &quot;helvetica&quot; , sans-serif;\"><strong><span lang=\"PT-BR\">Uniso \u2013 <\/span><\/strong><strong><span lang=\"PT-BR\" style=\"font-weight: normal;\">O Lan\u00e7amento de<\/span><\/strong><strong><span lang=\"PT-BR\"> <\/span><\/strong><span lang=\"PT-BR\">\u201cGeraldo Vandr\u00e9 \u2014 Uma Can\u00e7\u00e3o Interrompida\u201d, de<strong><span style=\"font-weight: normal;\"> Vitor Nuzzi, ser\u00e1 no Audit\u00f3rio do Bloco F, \u00e0s 9h, com participa\u00e7\u00e3o dos estudantes de Jornalismo, Publicidade e Propaganda e Rela\u00e7\u00f5es P\u00fablicas, e \u00e9 aberto \u00e0 comunidade acad\u00eamica. O jornalista tamb\u00e9m participar\u00e1 de mais dois eventos nesta quarta-feira, \u00e0s 11h30min, no Col\u00e9gio Dom Aguirre, e \u00e0s <\/span><\/strong>19h, na Livraria Nobel, localizada na Avenida Bar\u00e3o de Tatu\u00ed, 867. Outras informa\u00e7\u00f5es, pelo email <\/span><span lang=\"PT-BR\"><a href=\"mailto:andrea.torres@prof.uniso.br\">andrea.torres@prof.uniso.br<\/a><\/span><span lang=\"PT-BR\">. <o:p><\/o:p><\/span><\/span><\/p>\n<p><b><span lang=\"PT-BR\"><span style=\"font-family: &quot;arial&quot; , &quot;helvetica&quot; , sans-serif;\">(Ag\u00eanciaJor\/Uniso)<\/span><span style=\"font-family: &quot;arial&quot; , sans-serif; font-size: 11pt;\"><o:p><\/o:p><\/span><\/span><\/b><\/p>\n","protected":false},"excerpt":{"rendered":"<p>O curso de Jornalismo recebe, nesta quarta-feira, 30, o jornalista e escritor Vitor Nuzzi para o lan\u00e7amento do livro \u201cGeraldo<\/p>\n","protected":false},"author":1,"featured_media":0,"comment_status":"open","ping_status":"open","sticky":false,"template":"","format":"standard","meta":{"colormag_page_container_layout":"default_layout","colormag_page_sidebar_layout":"default_layout","footnotes":""},"categories":[1],"tags":[],"class_list":["post-450","post","type-post","status-publish","format-standard","hentry","category-uncategorized"],"featured_image_urls":{"full":"","thumbnail":"","medium":"","medium_large":"","large":"","1536x1536":"","2048x2048":"","colormag-highlighted-post":"","colormag-featured-post-medium":"","colormag-featured-post-small":"","colormag-featured-image":"","colormag-default-news":"","colormag-featured-image-large":""},"author_info":{"info":["focas"]},"category_info":"<a href=\"https:\/\/focas.uniso.br\/index.php\/category\/uncategorized\/\" rel=\"category tag\">Uncategorized<\/a>","tag_info":"Uncategorized","comment_count":"0","_links":{"self":[{"href":"https:\/\/focas.uniso.br\/index.php\/wp-json\/wp\/v2\/posts\/450","targetHints":{"allow":["GET"]}}],"collection":[{"href":"https:\/\/focas.uniso.br\/index.php\/wp-json\/wp\/v2\/posts"}],"about":[{"href":"https:\/\/focas.uniso.br\/index.php\/wp-json\/wp\/v2\/types\/post"}],"author":[{"embeddable":true,"href":"https:\/\/focas.uniso.br\/index.php\/wp-json\/wp\/v2\/users\/1"}],"replies":[{"embeddable":true,"href":"https:\/\/focas.uniso.br\/index.php\/wp-json\/wp\/v2\/comments?post=450"}],"version-history":[{"count":0,"href":"https:\/\/focas.uniso.br\/index.php\/wp-json\/wp\/v2\/posts\/450\/revisions"}],"wp:attachment":[{"href":"https:\/\/focas.uniso.br\/index.php\/wp-json\/wp\/v2\/media?parent=450"}],"wp:term":[{"taxonomy":"category","embeddable":true,"href":"https:\/\/focas.uniso.br\/index.php\/wp-json\/wp\/v2\/categories?post=450"},{"taxonomy":"post_tag","embeddable":true,"href":"https:\/\/focas.uniso.br\/index.php\/wp-json\/wp\/v2\/tags?post=450"}],"curies":[{"name":"wp","href":"https:\/\/api.w.org\/{rel}","templated":true}]}}