{"id":4508,"date":"2025-10-27T10:25:48","date_gmt":"2025-10-27T13:25:48","guid":{"rendered":"https:\/\/focas.uniso.br\/?p=4508"},"modified":"2025-10-27T10:25:48","modified_gmt":"2025-10-27T13:25:48","slug":"dia-mundial-da-conscientizacao-pelo-gato-preto-destaca-a-importancia-da-protecao-aos-felinos","status":"publish","type":"post","link":"https:\/\/focas.uniso.br\/index.php\/2025\/10\/27\/dia-mundial-da-conscientizacao-pelo-gato-preto-destaca-a-importancia-da-protecao-aos-felinos\/","title":{"rendered":"Dia Mundial da Conscientiza\u00e7\u00e3o pelo Gato Preto destaca a import\u00e2ncia da prote\u00e7\u00e3o aos felinos"},"content":{"rendered":"\n<p><em>A data, comemorada nesta segunda-feira (27), busca sensibilizar a popula\u00e7\u00e3o sobre o preconceito contra gatos pretos e de outras pelagens<\/em><\/p>\n\n\n\n<p>Por Yasmin Machado (Ag\u00eancia Focas \u2013 Jornalismo Uniso)<\/p>\n\n\n\n<p>O Dia Mundial da Conscientiza\u00e7\u00e3o pelo Gato Preto \u00e9 comemorado no dia 27 de outubro, pr\u00f3ximo ao Halloween. A data surgiu para desmistificar e combater os preconceitos e a viol\u00eancia que ainda cercam esses animais, que s\u00e3o intensificados principalmente neste per\u00edodo do ano.<\/p>\n\n\n\n<p>Segundo o professor e historiador Daniel Antonietto, ao longo da hist\u00f3ria, os gatos tiveram participa\u00e7\u00e3o religiosa em diferentes per\u00edodos. No Egito Antigo, os felinos tinham grande valor simb\u00f3lico e m\u00edstico. Por\u00e9m, durante a ca\u00e7a \u00e0s bruxas na Inquisi\u00e7\u00e3o, esses animais foram associados ao mau agouro. A Igreja via amea\u00e7a em cren\u00e7as consideradas diferentes, e os gatos, como seres independentes, causavam desconfian\u00e7a, resultando na associa\u00e7\u00e3o dos bichanos \u00e0 bruxaria.<\/p>\n\n\n\n<p>Para Antonietto, esse estigma reflete a maneira como os seres humanos interpretam sorte e azar, e lidam com o medo do desconhecido: \u201cEssas causalidades, elas acabam impactando de uma maneira prejudicial. Eu terceirizo as minhas responsabilidades por uma causalidade que, muitas vezes, n\u00e3o tem causa. \u00c9 uma coisa da minha cabe\u00e7a. S\u00f3 eu procurando uma a resposta f\u00e1cil pra uma coisa que eu n\u00e3o sei argumentar.\u201d<\/p>\n\n\n\n<p>&nbsp;De acordo com o presidente da Associa\u00e7\u00e3o Protetora dos Animais de Sorocaba (SPASO), Vanderlei Martinez, a ONG fica alerta durante datas associadas a supersti\u00e7\u00f5es, como sexta-feira 13. Ele afirma que a procura por gatos pretos, brancos e laranjas aumenta durante este per\u00edodo, e para proteger esses animais a funda\u00e7\u00e3o n\u00e3o realiza a ado\u00e7\u00e3o.<\/p>\n\n\n\n<p>Al\u00e9m disso, Martinez defende que os gatos s\u00e3o animais encantadores e n\u00e3o devem ser associados a qualquer fator religioso que afete suas vidas. \u201cCrendices e mitos devem ser respeitados, se esse for o sagrado individual ou coletivo. Por\u00e9m n\u00e3o atingir as quest\u00f5es da l\u00f3gica, ao ponto de exterminar ou ser cruel com esses seres t\u00e3o maravilhosos que s\u00e3o os gatos, sejam eles brancos, rajados, pintados, amarelos, cinzas ou particularmente gatos pretos.\u201d<\/p>\n\n\n\n<p>Em Itapetininga, a presidente da Uni\u00e3o Internacional Protetora dos Animais (UIPA), Fernanda Nery, nota uma prefer\u00eancia na procura da ado\u00e7\u00e3o em felinos de pelagem clara, e afirma que os pretos costumam ser os \u00faltimos a serem adotados. Gatos adultos tamb\u00e9m enfrentam dificuldades ou n\u00e3o s\u00e3o adotados.<\/p>\n\n\n\n<p>Fernanda afirma que esse preconceito \u00e9 resultado da falta de informa\u00e7\u00e3o das pessoas em rela\u00e7\u00e3o a esses animais, e que muitos ainda acreditam que os gatos n\u00e3o amam seus donos, quando na verdade eles possuem uma forma de amar: \u201cMuitas pessoas falam assim, ah, eu tenho medo da unha do gato, gente, voc\u00eas n\u00e3o imaginam qual que \u00e9 o sentimento de voc\u00ea acordar \u00e0 noite e o gatinho t\u00e1 ali afofando a sua perna. Independente de onde voc\u00ea est\u00e1, onde voc\u00ea vai adotar, adote os pretinhos, que s\u00e3o os mais rejeitados, voc\u00eas n\u00e3o v\u00e3o se arrepender. Se um gato preto cruzar na sua frente, adote, porque voc\u00ea vai ter sorte pro resto da sua vida. \u00c9 amor, assim, incondicional, que nenhum ser humano consegue imaginar se ele n\u00e3o adotar.\u201d<\/p>\n\n\n\n<figure class=\"wp-block-image size-full\"><img loading=\"lazy\" decoding=\"async\" width=\"975\" height=\"650\" src=\"https:\/\/focas.uniso.br\/wp-content\/uploads\/2025\/10\/WhatsApp-Image-2025-10-27-at-10.22.07.jpeg\" alt=\"\" class=\"wp-image-4509\" srcset=\"https:\/\/focas.uniso.br\/wp-content\/uploads\/2025\/10\/WhatsApp-Image-2025-10-27-at-10.22.07.jpeg 975w, https:\/\/focas.uniso.br\/wp-content\/uploads\/2025\/10\/WhatsApp-Image-2025-10-27-at-10.22.07-300x200.jpeg 300w, https:\/\/focas.uniso.br\/wp-content\/uploads\/2025\/10\/WhatsApp-Image-2025-10-27-at-10.22.07-768x512.jpeg 768w\" sizes=\"auto, (max-width: 975px) 100vw, 975px\" \/><figcaption class=\"wp-element-caption\">Gato preto na Cl\u00ednica Veterin\u00e1ria Universit\u00e1ria, no campus Cidade Universit\u00e1ria Prof. Aldo Vannucchi (UNISO) | Foto: Yasmin Machado<\/figcaption><\/figure>\n","protected":false},"excerpt":{"rendered":"<p>A data, comemorada nesta segunda-feira (27), busca sensibilizar a popula\u00e7\u00e3o sobre o preconceito contra gatos pretos e de outras pelagens<\/p>\n","protected":false},"author":1,"featured_media":0,"comment_status":"open","ping_status":"open","sticky":false,"template":"","format":"standard","meta":{"colormag_page_container_layout":"default_layout","colormag_page_sidebar_layout":"default_layout","footnotes":""},"categories":[15,9,37,14],"tags":[30,41,29,28],"class_list":["post-4508","post","type-post","status-publish","format-standard","hentry","category-jornalismo","category-jornalismo-online","category-sorocaba","category-uniso","tag-focas","tag-focas-na-rede","tag-jornalismo","tag-uniso"],"featured_image_urls":{"full":"","thumbnail":"","medium":"","medium_large":"","large":"","1536x1536":"","2048x2048":"","colormag-highlighted-post":"","colormag-featured-post-medium":"","colormag-featured-post-small":"","colormag-featured-image":"","colormag-default-news":"","colormag-featured-image-large":""},"author_info":{"info":["focas"]},"category_info":"<a href=\"https:\/\/focas.uniso.br\/index.php\/category\/jornalismo\/\" rel=\"category tag\">Jornalismo<\/a> <a href=\"https:\/\/focas.uniso.br\/index.php\/category\/jornalismo-online\/\" rel=\"category tag\">jornalismo online<\/a> <a href=\"https:\/\/focas.uniso.br\/index.php\/category\/sorocaba\/\" rel=\"category tag\">Sorocaba<\/a> <a href=\"https:\/\/focas.uniso.br\/index.php\/category\/uniso\/\" rel=\"category tag\">Uniso<\/a>","tag_info":"Uniso","comment_count":"0","_links":{"self":[{"href":"https:\/\/focas.uniso.br\/index.php\/wp-json\/wp\/v2\/posts\/4508","targetHints":{"allow":["GET"]}}],"collection":[{"href":"https:\/\/focas.uniso.br\/index.php\/wp-json\/wp\/v2\/posts"}],"about":[{"href":"https:\/\/focas.uniso.br\/index.php\/wp-json\/wp\/v2\/types\/post"}],"author":[{"embeddable":true,"href":"https:\/\/focas.uniso.br\/index.php\/wp-json\/wp\/v2\/users\/1"}],"replies":[{"embeddable":true,"href":"https:\/\/focas.uniso.br\/index.php\/wp-json\/wp\/v2\/comments?post=4508"}],"version-history":[{"count":1,"href":"https:\/\/focas.uniso.br\/index.php\/wp-json\/wp\/v2\/posts\/4508\/revisions"}],"predecessor-version":[{"id":4510,"href":"https:\/\/focas.uniso.br\/index.php\/wp-json\/wp\/v2\/posts\/4508\/revisions\/4510"}],"wp:attachment":[{"href":"https:\/\/focas.uniso.br\/index.php\/wp-json\/wp\/v2\/media?parent=4508"}],"wp:term":[{"taxonomy":"category","embeddable":true,"href":"https:\/\/focas.uniso.br\/index.php\/wp-json\/wp\/v2\/categories?post=4508"},{"taxonomy":"post_tag","embeddable":true,"href":"https:\/\/focas.uniso.br\/index.php\/wp-json\/wp\/v2\/tags?post=4508"}],"curies":[{"name":"wp","href":"https:\/\/api.w.org\/{rel}","templated":true}]}}