{"id":451,"date":"2016-03-16T20:46:00","date_gmt":"2016-03-16T20:46:00","guid":{"rendered":"http:\/\/focas.uniso.br\/index.php\/2016\/03\/16\/grupo-de-estudos-de-animais-selvagens-promove-atividades-semanais\/"},"modified":"2016-03-16T20:46:00","modified_gmt":"2016-03-16T20:46:00","slug":"grupo-de-estudos-de-animais-selvagens-promove-atividades-semanais","status":"publish","type":"post","link":"https:\/\/focas.uniso.br\/index.php\/2016\/03\/16\/grupo-de-estudos-de-animais-selvagens-promove-atividades-semanais\/","title":{"rendered":"Grupo de Estudos de Animais Selvagens promove atividades semanais"},"content":{"rendered":"<div style=\"clear: both; text-align: center;\"><a href=\"https:\/\/scontent-mia1-1.xx.fbcdn.net\/hphotos-xpt1\/t31.0-8\/12322888_946871215401725_2543335505393525577_o.jpg\" style=\"clear: left; float: left; margin-bottom: 1em; margin-right: 1em;\"><img loading=\"lazy\" decoding=\"async\" border=\"0\" height=\"213\" src=\"https:\/\/scontent-mia1-1.xx.fbcdn.net\/hphotos-xpt1\/t31.0-8\/12322888_946871215401725_2543335505393525577_o.jpg\" width=\"320\" \/><\/a><\/div>\n<div style=\"background-color: white; line-height: 19.32px; margin-bottom: 6px; margin-top: 6px; text-align: justify;\"><span style=\"font-family: Arial, Helvetica, sans-serif;\">O veterin\u00e1rio Rodrigo Teixeira, conhecido como Dr. Selvagem devido ao programa veiculado pelo canal Animal Planet, foi o convidado do Grupo de Estudos de Animais Selvagens (Geas) nesta quarta-feira (09), na Cidade Universit\u00e1ria \u201cProf. Aldo Vannucchi\u201d, para falar sobre o manejo de can\u00eddeos e fel\u00eddeos brasileiros. O Geas promove encontros semanais com convidados para ampliar a abordagem de temas e a troca de experi\u00eancias nas \u00e1reas de veterin\u00e1ria e biologia. As atividades s\u00e3o expositivas e pr\u00e1ticas, realizadas sempre \u00e0s quartas-feiras e divulgadas por meio da p\u00e1gina \u201cGeas Uniso\u201d, no Facebook.<\/span><\/div>\n<div style=\"background-color: white; line-height: 19.32px; margin-bottom: 6px; margin-top: 6px; text-align: justify;\"><span style=\"font-family: Arial, Helvetica, sans-serif;\">Em sua palestra, Teixeira dedicou a abertura aos can\u00eddeos, com destaque para o Lobo Guar\u00e1, que est\u00e1 em risco de extin\u00e7\u00e3o. Aos interessados em conhecer a esp\u00e9cie, o veterin\u00e1rio informou haver uma fam\u00edlia deles no Parque Zool\u00f3gico Municipal \u201cQuinzinho de Barros\u201d. \u201cSorocaba reproduziu duas ninhadas, uma com dois e outra com quadro filhotes. Hoje, temos oito lobos na regi\u00e3o\u201d, afirma.<\/span><\/div>\n<div style=\"background-color: white; line-height: 19.32px; margin-bottom: 6px; margin-top: 6px; text-align: justify;\"><span style=\"font-family: Arial, Helvetica, sans-serif;\">Outras esp\u00e9cies foram abordadas, como Cachorro Selvagem, Raposinha do Campo, Graxaim do Campo, Cachorro do Mato de Orelha Curta, que est\u00e3o mudando seus h\u00e1bitos para se adaptar aos humanos. Por sua vez, Teixeira mencionou que h\u00e1 animais, como o Cachorro Vinagre, que encontram dificuldade em readaptar-se ou s\u00e3o acometidos por doen\u00e7as de animais dom\u00e9sticos, o que contribui para o fim das esp\u00e9cies.<\/span><\/div>\n<div style=\"background-color: white; line-height: 19.32px; margin-bottom: 6px; margin-top: 6px; text-align: justify;\"><span style=\"font-family: Arial, Helvetica, sans-serif;\">Ao explicar sobre os fel\u00eddeos, Teixeira exibiu resgates de on\u00e7as realizados na regi\u00e3o e, em sua explana\u00e7\u00e3o, o destaque foi dado \u00e0 On\u00e7a Parda, que, segundo o veterin\u00e1rio, est\u00e1 mudando de h\u00e1bitos e se defende com mais agressividade do que outras esp\u00e9cies. Ele tamb\u00e9m citou a On\u00e7a Pintada e outros menos conhecidos, mas que est\u00e3o presentes no Brasil, como o Gato do Maracaj\u00e1, Gato Mourisco, Gato do Mato Pequeno, Jaguatirica, Gato Palheiro e Gato do Mato Grande.<\/span><\/div>\n<div style=\"background-color: white; line-height: 19.32px; margin-bottom: 6px; margin-top: 6px; text-align: justify;\"><span style=\"font-family: Arial, Helvetica, sans-serif;\">Para Julia Vial Ronsani, 21, estudante do 3\u00b0 per\u00edodo de Medicina Veterin\u00e1ria e membro do Geas, a palestra com Rodrigo Teixeira contribuiu pelo fato e explorar conte\u00fados espec\u00edficos. Segundo ela, essas reuni\u00f5es ajudam a criar um v\u00ednculo mais forte com mat\u00e9rias mais te\u00f3ricas.<\/span><\/div>\n<div style=\"background-color: white; line-height: 19.32px; margin-bottom: 6px; margin-top: 6px; text-align: justify;\"><span style=\"font-family: Arial, Helvetica, sans-serif;\"><br \/><\/span><\/div>\n<div style=\"clear: both; text-align: center;\"><a href=\"https:\/\/scontent-mia1-1.xx.fbcdn.net\/hphotos-xfa1\/v\/t1.0-9\/s851x315\/262340_946871045401742_418515919290856238_n.jpg?oh=8093632d9dda8ed76162209cd91815c4&amp;oe=574DB7E2\" style=\"margin-left: 1em; margin-right: 1em;\"><img loading=\"lazy\" decoding=\"async\" border=\"0\" height=\"267\" src=\"https:\/\/scontent-mia1-1.xx.fbcdn.net\/hphotos-xfa1\/v\/t1.0-9\/s851x315\/262340_946871045401742_418515919290856238_n.jpg?oh=8093632d9dda8ed76162209cd91815c4&amp;oe=574DB7E2\" width=\"400\" \/><\/a><\/div>\n<div style=\"background-color: white; line-height: 19.32px; margin-bottom: 6px; margin-top: 6px; text-align: center;\"><\/div>\n<div style=\"background-color: white; line-height: 19.32px; margin-bottom: 6px; margin-top: 6px; text-align: justify;\"><span style=\"font-family: Arial, Helvetica, sans-serif;\"><b>O Geas<\/b><\/span><\/div>\n<div style=\"background-color: white; line-height: 19.32px; margin-bottom: 6px; margin-top: 6px; text-align: justify;\"><span style=\"font-family: Arial, Helvetica, sans-serif;\">O Grupo de Estudo de Animais Selvagens \u00e9 organizado pelos cursos de Biologia e Medicina Veterin\u00e1ria, com n\u00facleos presentes em universidades de todo o pa\u00eds. O objetivo \u00e9 promover atividades com profissionais de ambas as \u00e1reas para passar suas experi\u00eancias e tratar de mat\u00e9rias espec\u00edficas com maior profundidade.<\/span><\/div>\n<div style=\"background-color: white; line-height: 19.32px; margin-bottom: 6px; margin-top: 6px; text-align: justify;\"><span style=\"font-family: Arial, Helvetica, sans-serif;\">Na Uniso, as atividades s\u00e3o sempre \u00e0s quartas-feiras, \u00e0s 14h. Parte da programa\u00e7\u00e3o \u00e9 aberta ao p\u00fablico externo, com acesso gratuito e sem necessidade de inscri\u00e7\u00e3o antecipada. Mas, conforme explica J\u00e9ssica Loubaque, diretora de comunica\u00e7\u00e3o do Grupo, a partir deste semestre haver\u00e1 eventos destinados apenas aos associados que se filiaram at\u00e9 o in\u00edcio de mar\u00e7o. \u201cTeremos atividades pr\u00e1ticas de necropsia, taxidermia, anatomia e levantamento de fauna destinadas exclusivamente a associados\u201d, explica.<\/span><\/div>\n<div style=\"background-color: white; display: inline; line-height: 19.32px; margin-top: 6px;\"><\/div>\n<div style=\"text-align: justify;\"><span style=\"font-family: Arial, Helvetica, sans-serif; line-height: 19.32px;\">Na pr\u00f3xima quarta-feira, dia 16 de mar\u00e7o, o convidado ser\u00e1 o m\u00e9dico veterin\u00e1rio Lorenzo Pissinatti que \u00e9 mestre em Patologia Animal e ministrar\u00e1 conte\u00fado te\u00f3rico e pr\u00e1tico de \u201cNecropsia em animais silvestres\u201d. As atividades ser\u00e3o realizadas com mam\u00edferos, aves e r\u00e9pteis e voltadas a associados. Al\u00e9m da p\u00e1gina no Facebook, o grupo mant\u00e9m perfil no Instagram (@Geasuniso) para divulgar suas a\u00e7\u00f5es.<\/span><\/div>\n<p><span style=\"font-family: Arial, Helvetica, sans-serif;\"><\/p>\n<div style=\"text-align: justify;\"><span style=\"line-height: 19.32px;\">______________________________________<\/span><\/div>\n<div style=\"text-align: justify;\"><span style=\"line-height: 19.32px;\">Texto: Lauren Olivieiro, para Ag\u00eancia JOR\/Uniso<\/span><\/div>\n<div style=\"text-align: justify;\"><span style=\"line-height: 19.32px;\">Foto: Lucas Ant\u00f4nio, para Ag\u00eancia JOR\/Uniso<\/span><\/div>\n<p><\/span><\/p>\n","protected":false},"excerpt":{"rendered":"<p>O veterin\u00e1rio Rodrigo Teixeira, conhecido como Dr. Selvagem devido ao programa veiculado pelo canal Animal Planet, foi o convidado do<\/p>\n","protected":false},"author":1,"featured_media":0,"comment_status":"open","ping_status":"open","sticky":false,"template":"","format":"standard","meta":{"colormag_page_container_layout":"default_layout","colormag_page_sidebar_layout":"default_layout","footnotes":""},"categories":[1],"tags":[],"class_list":["post-451","post","type-post","status-publish","format-standard","hentry","category-uncategorized"],"featured_image_urls":{"full":"","thumbnail":"","medium":"","medium_large":"","large":"","1536x1536":"","2048x2048":"","colormag-highlighted-post":"","colormag-featured-post-medium":"","colormag-featured-post-small":"","colormag-featured-image":"","colormag-default-news":"","colormag-featured-image-large":""},"author_info":{"info":["focas"]},"category_info":"<a href=\"https:\/\/focas.uniso.br\/index.php\/category\/uncategorized\/\" rel=\"category tag\">Uncategorized<\/a>","tag_info":"Uncategorized","comment_count":"1","_links":{"self":[{"href":"https:\/\/focas.uniso.br\/index.php\/wp-json\/wp\/v2\/posts\/451","targetHints":{"allow":["GET"]}}],"collection":[{"href":"https:\/\/focas.uniso.br\/index.php\/wp-json\/wp\/v2\/posts"}],"about":[{"href":"https:\/\/focas.uniso.br\/index.php\/wp-json\/wp\/v2\/types\/post"}],"author":[{"embeddable":true,"href":"https:\/\/focas.uniso.br\/index.php\/wp-json\/wp\/v2\/users\/1"}],"replies":[{"embeddable":true,"href":"https:\/\/focas.uniso.br\/index.php\/wp-json\/wp\/v2\/comments?post=451"}],"version-history":[{"count":0,"href":"https:\/\/focas.uniso.br\/index.php\/wp-json\/wp\/v2\/posts\/451\/revisions"}],"wp:attachment":[{"href":"https:\/\/focas.uniso.br\/index.php\/wp-json\/wp\/v2\/media?parent=451"}],"wp:term":[{"taxonomy":"category","embeddable":true,"href":"https:\/\/focas.uniso.br\/index.php\/wp-json\/wp\/v2\/categories?post=451"},{"taxonomy":"post_tag","embeddable":true,"href":"https:\/\/focas.uniso.br\/index.php\/wp-json\/wp\/v2\/tags?post=451"}],"curies":[{"name":"wp","href":"https:\/\/api.w.org\/{rel}","templated":true}]}}