{"id":4511,"date":"2025-10-28T09:30:04","date_gmt":"2025-10-28T12:30:04","guid":{"rendered":"https:\/\/focas.uniso.br\/?p=4511"},"modified":"2025-10-28T09:30:04","modified_gmt":"2025-10-28T12:30:04","slug":"estudantes-latino-americanos-vivenciam-a-rotina-universitaria-brasileira-pelo-global-connect","status":"publish","type":"post","link":"https:\/\/focas.uniso.br\/index.php\/2025\/10\/28\/estudantes-latino-americanos-vivenciam-a-rotina-universitaria-brasileira-pelo-global-connect\/","title":{"rendered":"Estudantes latino-americanos vivenciam a rotina universit\u00e1ria brasileira pelo Global Connect"},"content":{"rendered":"\n<p><em>Programa re\u00fane universit\u00e1rios de diferentes pa\u00edses para troca de experi\u00eancias culturais na Universidade de Sorocaba (Uniso)<\/em><\/p>\n\n\n\n<p>Por Rafaela Sallum (Ag\u00eancia Focas \u2013 Jornalismo Uniso)<\/p>\n\n\n\n<p>O Global Connect \u00e9 um programa da Universidade de Sorocaba (Uniso) que prev\u00ea a recep\u00e7\u00e3o de estudantes estrangeiros com o objetivo de proporcionar uma imers\u00e3o brasileira, o que inclui a experi\u00eancia da l\u00edngua portuguesa e da cultura nacional. Os convidados estrangeiros podem vivenciar a rotina universit\u00e1ria brasileira em aulas e em outras atividades acad\u00eamicas, al\u00e9m de experimentar a cultura do pa\u00eds. Do ponto de vista institucional, o projeto busca fortalecer os la\u00e7os entre a Uniso e institui\u00e7\u00f5es parceiras, visando a internacionaliza\u00e7\u00e3o da universidade e promovendo a troca cultural.<\/p>\n\n\n\n<p>Alunos de pa\u00edses da Am\u00e9rica Latina t\u00eam tido prioridade no programa por conta das proximidades geogr\u00e1fica e cultural, mas tamb\u00e9m pela similaridade dos idiomas, o que facilita a intera\u00e7\u00e3o. Este ano, os alunos estrangeiros estiveram na Uniso ao longo da semana passada, de 20 a 24 de outubro, e vieram de duas institui\u00e7\u00f5es de ensino, a Universidad Antonio Nari\u00f1o (UAN), na Col\u00f4mbia, e a Universidad Pedag\u00f3gica de El Salvador (UPED). A sele\u00e7\u00e3o dos alunos foi feita diretamente pelas institui\u00e7\u00f5es de origem que contemplaram dois estudantes cada.<\/p>\n\n\n\n<p>Entre os alunos recebidos no interc\u00e2mbio est\u00e1 H\u00e9ctor Enrique Zelada Ju\u00e1rez, 23 anos, graduando de Ci\u00eancias da Educa\u00e7\u00e3o com especializa\u00e7\u00e3o em L\u00edngua Inglesa. O estudante salvadorenho comentou que al\u00e9m da troca de conhecimento com os brasileiros, foi a primeira vez que fez uma viagem internacional. Segundo Ju\u00e1rez, a parte mais emocionante foi viajar de avi\u00e3o e sentir o cora\u00e7\u00e3o chegar \u00e0 boca. \u201cSeria a primeira vez que eu estaria fora do pa\u00eds e, obviamente, a primeira vez que voaria. Foi muito emocionante. No in\u00edcio, pude ver no meu smartwatch que o cora\u00e7\u00e3o vinha a 168 bpm.\u201d Durante o per\u00edodo de imers\u00e3o, Ju\u00e1rez destacou que as suas expectativas foram superadas desde o primeiro dia, especialmente pelo acolhimento da comunidade. Ele conta que ficou positivamente surpreso com o tratamento que recebeu das pessoas, com a comida, o clima, os meios de transporte e os pre\u00e7os das coisas. Outro ponto de destaque, na opini\u00e3o de Juarez, \u00e9 a qualidade da educa\u00e7\u00e3o no Brasil e a capacita\u00e7\u00e3o das pessoas com quem teve contato na visita, por isso tamb\u00e9m ele considera que a melhor parte dessa imers\u00e3o foram as pessoas que conheceu. \u201cAs pessoas s\u00e3o humanas de verdade, assim como deveria ser no resto do mundo. At\u00e9 agora ningu\u00e9m me tratou mal, todos t\u00eam sido super atenciosos. A universidade \u00e9 incr\u00edvel, daria tudo para estudar ou oferecer meus conhecimentos trabalhando aqui, mas o que mais me apaixonou foi a qualidade das pessoas. Com pessoas assim, vale a pena viver.\u201d<\/p>\n\n\n\n<p>Assim como Ju\u00e1rez, Laura Camila Murcia Ram\u00edrez, 26 anos, estudante de Arquitetura na Universidade Antonio Nari\u00f1o, na Col\u00f4mbia, garante que a experi\u00eancia foi boa e que ela se v\u00ea diferente ap\u00f3s essa viv\u00eancia. Laura afirma que sair da sua zona de conforto, interagindo em um idioma diferente, o que era a preocupa\u00e7\u00e3o principal desde o in\u00edcio, foi um desafio porque poderia ser uma barreira na comunica\u00e7\u00e3o com colegas e professores. \u201cO maior desafio que tive no Brasil foi me comunicar com as pessoas, mas elas s\u00e3o muito gentis, falam um pouco mais devagar. Ent\u00e3o consegui entender e quando me perguntavam sobre espanhol, pude compartilhar minhas diferen\u00e7as culturais e assim criamos uma troca intercultural.\u201d&nbsp;<\/p>\n\n\n\n<p>Outro participante do programa, Diego Alejandro Crespin Mu\u00f1oz, 25 anos, graduando em Engenharia de Sistemas, compartilhou curiosidades sobre El Salvador. \u201cFalei sobre o meu pa\u00eds, nossas festas tradicionais e comidas t\u00edpicas, como as pupusas. Os amigos brasileiros ficaram curiosos e at\u00e9 quiseram provar! Tamb\u00e9m compartilhei um pouco sobre o jeito salvadorenho de falar e as express\u00f5es que usamos no dia-a-dia.\u201d Al\u00e9m dessas curiosidades, Mu\u00f1oz explicou que apesar de o portugu\u00eas e o espanhol serem similares, h\u00e1 muitas palavras com significados completamente diferentes e isso, segundo ele, foi motivo de muitas risadas.<\/p>\n\n\n\n<p>O Global Connect fazia parte do antigo projeto 4week, descontinuado em 2020, por conta da pandemia de Covid-19. Em 2024, a proposta foi retomada com a reestrutura\u00e7\u00e3o da Assessoria de Rela\u00e7\u00f5es Nacionais e Internacionais da Uniso. Para Mariana Cancian de Jesus Oliveira, 27 anos, analista administrativa e assessora de rela\u00e7\u00f5es nacionais e internacionais da Uniso, o interc\u00e2mbio foi uma realiza\u00e7\u00e3o e uma satisfa\u00e7\u00e3o pessoal por ver renascer um projeto antigo. \u201c\u00c9 uma grande satisfa\u00e7\u00e3o ver a internacionaliza\u00e7\u00e3o da Uniso, um dos objetivos da Universidade, se concretizando. Saber que contribuo diretamente para esse avan\u00e7o, coordenando projetos que fortalecem o nome da institui\u00e7\u00e3o e abrem novas oportunidades para nossos alunos, \u00e9 algo que me motiva imensamente.\u201d O interc\u00e2mbio cultural tamb\u00e9m propicia para a comunidade acad\u00eamica brasileira o contato com diferentes culturas, com outros idiomas e com costumes e perspectivas diversas.<\/p>\n\n\n\n<figure class=\"wp-block-gallery has-nested-images columns-default is-cropped wp-block-gallery-1 is-layout-flex wp-block-gallery-is-layout-flex\">\n<figure class=\"wp-block-image size-large\"><img loading=\"lazy\" decoding=\"async\" width=\"1024\" height=\"576\" data-id=\"4514\" src=\"https:\/\/focas.uniso.br\/wp-content\/uploads\/2025\/10\/WhatsApp-Image-2025-10-27-at-23.35.05-1024x576.jpeg\" alt=\"\" class=\"wp-image-4514\" srcset=\"https:\/\/focas.uniso.br\/wp-content\/uploads\/2025\/10\/WhatsApp-Image-2025-10-27-at-23.35.05-1024x576.jpeg 1024w, https:\/\/focas.uniso.br\/wp-content\/uploads\/2025\/10\/WhatsApp-Image-2025-10-27-at-23.35.05-300x169.jpeg 300w, https:\/\/focas.uniso.br\/wp-content\/uploads\/2025\/10\/WhatsApp-Image-2025-10-27-at-23.35.05-768x432.jpeg 768w, https:\/\/focas.uniso.br\/wp-content\/uploads\/2025\/10\/WhatsApp-Image-2025-10-27-at-23.35.05.jpeg 1280w\" sizes=\"auto, (max-width: 1024px) 100vw, 1024px\" \/><figcaption class=\"wp-element-caption\">Estudantes visitando um dos laborat\u00f3rios de engenharia, durante o Uniso Tour I Cr\u00e9dito: Rafael Filho<\/figcaption><\/figure>\n\n\n\n<figure class=\"wp-block-image size-large\"><img loading=\"lazy\" decoding=\"async\" width=\"1024\" height=\"576\" data-id=\"4513\" src=\"https:\/\/focas.uniso.br\/wp-content\/uploads\/2025\/10\/WhatsApp-Image-2025-10-27-at-23.35.06-1024x576.jpeg\" alt=\"\" class=\"wp-image-4513\" srcset=\"https:\/\/focas.uniso.br\/wp-content\/uploads\/2025\/10\/WhatsApp-Image-2025-10-27-at-23.35.06-1024x576.jpeg 1024w, https:\/\/focas.uniso.br\/wp-content\/uploads\/2025\/10\/WhatsApp-Image-2025-10-27-at-23.35.06-300x169.jpeg 300w, https:\/\/focas.uniso.br\/wp-content\/uploads\/2025\/10\/WhatsApp-Image-2025-10-27-at-23.35.06-768x432.jpeg 768w, https:\/\/focas.uniso.br\/wp-content\/uploads\/2025\/10\/WhatsApp-Image-2025-10-27-at-23.35.06.jpeg 1280w\" sizes=\"auto, (max-width: 1024px) 100vw, 1024px\" \/><figcaption class=\"wp-element-caption\">Visita ao laborat\u00f3rio de Maquetes, utilizado principalmente pelos cursos de Arquitetura e Design I Cr\u00e9dito: Rafael Filho<\/figcaption><\/figure>\n\n\n\n<figure class=\"wp-block-image size-large\"><img loading=\"lazy\" decoding=\"async\" width=\"1024\" height=\"576\" data-id=\"4512\" src=\"https:\/\/focas.uniso.br\/wp-content\/uploads\/2025\/10\/WhatsApp-Image-2025-10-27-at-23.35.06-1-1024x576.jpeg\" alt=\"\" class=\"wp-image-4512\" srcset=\"https:\/\/focas.uniso.br\/wp-content\/uploads\/2025\/10\/WhatsApp-Image-2025-10-27-at-23.35.06-1-1024x576.jpeg 1024w, https:\/\/focas.uniso.br\/wp-content\/uploads\/2025\/10\/WhatsApp-Image-2025-10-27-at-23.35.06-1-300x169.jpeg 300w, https:\/\/focas.uniso.br\/wp-content\/uploads\/2025\/10\/WhatsApp-Image-2025-10-27-at-23.35.06-1-768x432.jpeg 768w, https:\/\/focas.uniso.br\/wp-content\/uploads\/2025\/10\/WhatsApp-Image-2025-10-27-at-23.35.06-1.jpeg 1280w\" sizes=\"auto, (max-width: 1024px) 100vw, 1024px\" \/><figcaption class=\"wp-element-caption\">Encontro com o Reitor, professor Rog\u00e9rio Profeta  (ao centro) na chegada a Uniso no dia 20 de outubro I Cr\u00e9dito: Rafael Filho<\/figcaption><\/figure>\n<\/figure>\n","protected":false},"excerpt":{"rendered":"<p>Programa re\u00fane universit\u00e1rios de diferentes pa\u00edses para troca de experi\u00eancias culturais na Universidade de Sorocaba (Uniso) Por Rafaela Sallum (Ag\u00eancia<\/p>\n","protected":false},"author":1,"featured_media":0,"comment_status":"open","ping_status":"open","sticky":false,"template":"","format":"standard","meta":{"colormag_page_container_layout":"default_layout","colormag_page_sidebar_layout":"default_layout","footnotes":""},"categories":[15,9,37,14],"tags":[30,41,29,28],"class_list":["post-4511","post","type-post","status-publish","format-standard","hentry","category-jornalismo","category-jornalismo-online","category-sorocaba","category-uniso","tag-focas","tag-focas-na-rede","tag-jornalismo","tag-uniso"],"featured_image_urls":{"full":"","thumbnail":"","medium":"","medium_large":"","large":"","1536x1536":"","2048x2048":"","colormag-highlighted-post":"","colormag-featured-post-medium":"","colormag-featured-post-small":"","colormag-featured-image":"","colormag-default-news":"","colormag-featured-image-large":""},"author_info":{"info":["focas"]},"category_info":"<a href=\"https:\/\/focas.uniso.br\/index.php\/category\/jornalismo\/\" rel=\"category tag\">Jornalismo<\/a> <a href=\"https:\/\/focas.uniso.br\/index.php\/category\/jornalismo-online\/\" rel=\"category tag\">jornalismo online<\/a> <a href=\"https:\/\/focas.uniso.br\/index.php\/category\/sorocaba\/\" rel=\"category tag\">Sorocaba<\/a> <a href=\"https:\/\/focas.uniso.br\/index.php\/category\/uniso\/\" rel=\"category tag\">Uniso<\/a>","tag_info":"Uniso","comment_count":"0","_links":{"self":[{"href":"https:\/\/focas.uniso.br\/index.php\/wp-json\/wp\/v2\/posts\/4511","targetHints":{"allow":["GET"]}}],"collection":[{"href":"https:\/\/focas.uniso.br\/index.php\/wp-json\/wp\/v2\/posts"}],"about":[{"href":"https:\/\/focas.uniso.br\/index.php\/wp-json\/wp\/v2\/types\/post"}],"author":[{"embeddable":true,"href":"https:\/\/focas.uniso.br\/index.php\/wp-json\/wp\/v2\/users\/1"}],"replies":[{"embeddable":true,"href":"https:\/\/focas.uniso.br\/index.php\/wp-json\/wp\/v2\/comments?post=4511"}],"version-history":[{"count":1,"href":"https:\/\/focas.uniso.br\/index.php\/wp-json\/wp\/v2\/posts\/4511\/revisions"}],"predecessor-version":[{"id":4515,"href":"https:\/\/focas.uniso.br\/index.php\/wp-json\/wp\/v2\/posts\/4511\/revisions\/4515"}],"wp:attachment":[{"href":"https:\/\/focas.uniso.br\/index.php\/wp-json\/wp\/v2\/media?parent=4511"}],"wp:term":[{"taxonomy":"category","embeddable":true,"href":"https:\/\/focas.uniso.br\/index.php\/wp-json\/wp\/v2\/categories?post=4511"},{"taxonomy":"post_tag","embeddable":true,"href":"https:\/\/focas.uniso.br\/index.php\/wp-json\/wp\/v2\/tags?post=4511"}],"curies":[{"name":"wp","href":"https:\/\/api.w.org\/{rel}","templated":true}]}}