{"id":452,"date":"2016-03-16T20:22:00","date_gmt":"2016-03-16T20:22:00","guid":{"rendered":"http:\/\/focas.uniso.br\/index.php\/2016\/03\/16\/aluno-de-jornalismo-tem-fotos-e-videos-das-manifestacoes-publicados-em-veiculos-da-regiao\/"},"modified":"2016-03-16T20:22:00","modified_gmt":"2016-03-16T20:22:00","slug":"aluno-de-jornalismo-tem-fotos-e-videos-das-manifestacoes-publicados-em-veiculos-da-regiao","status":"publish","type":"post","link":"https:\/\/focas.uniso.br\/index.php\/2016\/03\/16\/aluno-de-jornalismo-tem-fotos-e-videos-das-manifestacoes-publicados-em-veiculos-da-regiao\/","title":{"rendered":"Aluno de Jornalismo tem fotos e v\u00eddeos das manifesta\u00e7\u00f5es publicados em ve\u00edculos da regi\u00e3o"},"content":{"rendered":"<div style=\"background-color: white; color: #141823; line-height: 19.32px; margin-bottom: 6px; margin-top: 6px; text-align: justify;\"><span style=\"font-family: Arial, Helvetica, sans-serif;\">O aluno do terceiro ano de Jornalismo, Gabriel Morelli, teve suas fotos e v\u00eddeos sobre as manifesta\u00e7\u00f5es do dia 13 divulgados por diversos ve\u00edculos de comunica\u00e7\u00e3o, como o portal G1, o jornal Cruzeiro do Sul (impresso e online) e o telejornal Noticidade, da TV Sorocaba.<\/span><\/div>\n<div style=\"background-color: white; color: #141823; line-height: 19.32px; margin-bottom: 6px; margin-top: 6px;\"><\/div>\n<div style=\"text-align: justify;\"><span style=\"font-family: Arial, Helvetica, sans-serif; line-height: 19.32px;\">\u201c\u00c9 uma situa\u00e7\u00e3o muito gratificante porque \u00e9 um sonho que se torna realidade\u201d, diz, referindo-se \u00e0 repercuss\u00e3o de seu tra<\/span><span style=\"display: inline; font-family: Arial, Helvetica, sans-serif; line-height: 19.32px;\">balho. Al\u00e9m das fotos, ele tamb\u00e9m contribuiu com texto contendo informa\u00e7\u00f5es sobre a passeata nas cidades de Cerquilho e Tiet\u00ea.<\/span><\/div>\n<div style=\"text-align: justify;\"><span style=\"display: inline; font-family: Arial, Helvetica, sans-serif; line-height: 19.32px;\"><br \/><\/span><\/div>\n<div style=\"clear: both; text-align: center;\"><a href=\"https:\/\/fbcdn-photos-h-a.akamaihd.net\/hphotos-ak-xal1\/v\/t1.0-0\/p320x320\/10154981_945940855494761_2403078858320406273_n.jpg?oh=c76ad2afd878f41ae5c2bffdc75c5f57&amp;oe=57858FCE&amp;__gda__=1469310909_7f774882b8795a5e3eb41f397139ccac\" style=\"margin-left: 1em; margin-right: 1em;\"><img loading=\"lazy\" decoding=\"async\" border=\"0\" height=\"320\" src=\"https:\/\/fbcdn-photos-h-a.akamaihd.net\/hphotos-ak-xal1\/v\/t1.0-0\/p320x320\/10154981_945940855494761_2403078858320406273_n.jpg?oh=c76ad2afd878f41ae5c2bffdc75c5f57&amp;oe=57858FCE&amp;__gda__=1469310909_7f774882b8795a5e3eb41f397139ccac\" width=\"179\" \/><\/a><a href=\"https:\/\/fbcdn-sphotos-d-a.akamaihd.net\/hphotos-ak-xap1\/v\/t1.0-9\/1948010_945940908828089_5065384528375662024_n.jpg?oh=98effeb66a6618c44a6d02eb9adde234&amp;oe=57566944&amp;__gda__=1469440269_e917dc00a03bc1e098b05f486de07b97\" style=\"line-height: 19.32px; margin-left: 1em; margin-right: 1em; text-align: center;\"><img loading=\"lazy\" decoding=\"async\" border=\"0\" height=\"320\" src=\"https:\/\/fbcdn-sphotos-d-a.akamaihd.net\/hphotos-ak-xap1\/v\/t1.0-9\/1948010_945940908828089_5065384528375662024_n.jpg?oh=98effeb66a6618c44a6d02eb9adde234&amp;oe=57566944&amp;__gda__=1469440269_e917dc00a03bc1e098b05f486de07b97\" width=\"179\" \/><\/a><\/div>\n<div style=\"clear: both; text-align: center;\"><\/div>\n<div style=\"clear: both; text-align: center;\"><a href=\"https:\/\/fbcdn-sphotos-a-a.akamaihd.net\/hphotos-ak-xaf1\/v\/t1.0-9\/10369689_945945378827642_8806093006747513470_n.jpg?oh=3511d7f35aac2031a5dfe3d717f4ccc4&amp;oe=574A9E68&amp;__gda__=1465055705_b2a82fffbe5d6bb3efd15bbca03ea73b\" style=\"margin-left: 1em; margin-right: 1em;\"><img loading=\"lazy\" decoding=\"async\" border=\"0\" height=\"320\" src=\"https:\/\/fbcdn-sphotos-a-a.akamaihd.net\/hphotos-ak-xaf1\/v\/t1.0-9\/10369689_945945378827642_8806093006747513470_n.jpg?oh=3511d7f35aac2031a5dfe3d717f4ccc4&amp;oe=574A9E68&amp;__gda__=1465055705_b2a82fffbe5d6bb3efd15bbca03ea73b\" width=\"220\" \/><\/a><a href=\"https:\/\/fbcdn-sphotos-g-a.akamaihd.net\/hphotos-ak-xpa1\/v\/t1.0-9\/1377277_945946548827525_6008364759092751620_n.jpg?oh=1d89134c974e85d0af8be1461a97542e&amp;oe=5797CCB5&amp;__gda__=1465576840_498ce9df15a493496a4dd3baa4765276\" style=\"line-height: 19.32px; margin-left: 1em; margin-right: 1em;\"><img loading=\"lazy\" decoding=\"async\" border=\"0\" height=\"320\" src=\"https:\/\/fbcdn-sphotos-g-a.akamaihd.net\/hphotos-ak-xpa1\/v\/t1.0-9\/1377277_945946548827525_6008364759092751620_n.jpg?oh=1d89134c974e85d0af8be1461a97542e&amp;oe=5797CCB5&amp;__gda__=1465576840_498ce9df15a493496a4dd3baa4765276\" width=\"206\" \/><\/a><\/div>\n<div style=\"clear: both; text-align: center;\"><\/div>\n<div style=\"clear: both; text-align: center;\"><\/div>\n<div style=\"clear: both; text-align: center;\"><\/div>\n<div style=\"text-align: justify;\"><span style=\"display: inline; font-family: Arial, Helvetica, sans-serif; line-height: 19.32px;\"><br \/><\/span><\/div>\n<p><span style=\"font-family: Arial, Helvetica, sans-serif;\"><\/p>\n<div style=\"text-align: justify;\"><span style=\"line-height: 19.32px;\">__________________________________<\/span><\/div>\n<p><span style=\"display: inline;\"><\/p>\n<div style=\"text-align: justify;\"><span style=\"line-height: 19.32px;\">Texto: Giulia Vasovino, Ag\u00eancia JOR\/Uniso<\/span><\/div>\n<div style=\"text-align: justify;\"><span style=\"line-height: 19.32px;\">Imagens: Gabriel Morelli<\/span><\/div>\n<p><\/span><\/span><\/p>\n","protected":false},"excerpt":{"rendered":"<p>O aluno do terceiro ano de Jornalismo, Gabriel Morelli, teve suas fotos e v\u00eddeos sobre as manifesta\u00e7\u00f5es do dia 13<\/p>\n","protected":false},"author":1,"featured_media":0,"comment_status":"open","ping_status":"open","sticky":false,"template":"","format":"standard","meta":{"colormag_page_container_layout":"default_layout","colormag_page_sidebar_layout":"default_layout","footnotes":""},"categories":[1],"tags":[],"class_list":["post-452","post","type-post","status-publish","format-standard","hentry","category-uncategorized"],"featured_image_urls":{"full":"","thumbnail":"","medium":"","medium_large":"","large":"","1536x1536":"","2048x2048":"","colormag-highlighted-post":"","colormag-featured-post-medium":"","colormag-featured-post-small":"","colormag-featured-image":"","colormag-default-news":"","colormag-featured-image-large":""},"author_info":{"info":["focas"]},"category_info":"<a href=\"https:\/\/focas.uniso.br\/index.php\/category\/uncategorized\/\" rel=\"category tag\">Uncategorized<\/a>","tag_info":"Uncategorized","comment_count":"0","_links":{"self":[{"href":"https:\/\/focas.uniso.br\/index.php\/wp-json\/wp\/v2\/posts\/452","targetHints":{"allow":["GET"]}}],"collection":[{"href":"https:\/\/focas.uniso.br\/index.php\/wp-json\/wp\/v2\/posts"}],"about":[{"href":"https:\/\/focas.uniso.br\/index.php\/wp-json\/wp\/v2\/types\/post"}],"author":[{"embeddable":true,"href":"https:\/\/focas.uniso.br\/index.php\/wp-json\/wp\/v2\/users\/1"}],"replies":[{"embeddable":true,"href":"https:\/\/focas.uniso.br\/index.php\/wp-json\/wp\/v2\/comments?post=452"}],"version-history":[{"count":0,"href":"https:\/\/focas.uniso.br\/index.php\/wp-json\/wp\/v2\/posts\/452\/revisions"}],"wp:attachment":[{"href":"https:\/\/focas.uniso.br\/index.php\/wp-json\/wp\/v2\/media?parent=452"}],"wp:term":[{"taxonomy":"category","embeddable":true,"href":"https:\/\/focas.uniso.br\/index.php\/wp-json\/wp\/v2\/categories?post=452"},{"taxonomy":"post_tag","embeddable":true,"href":"https:\/\/focas.uniso.br\/index.php\/wp-json\/wp\/v2\/tags?post=452"}],"curies":[{"name":"wp","href":"https:\/\/api.w.org\/{rel}","templated":true}]}}