{"id":4521,"date":"2025-10-29T09:26:23","date_gmt":"2025-10-29T12:26:23","guid":{"rendered":"https:\/\/focas.uniso.br\/?p=4521"},"modified":"2025-10-29T09:26:23","modified_gmt":"2025-10-29T12:26:23","slug":"cha-das-rosas-evento-promove-a-importancia-do-acolhimento-as-pacientes-oncologicas","status":"publish","type":"post","link":"https:\/\/focas.uniso.br\/index.php\/2025\/10\/29\/cha-das-rosas-evento-promove-a-importancia-do-acolhimento-as-pacientes-oncologicas\/","title":{"rendered":"Ch\u00e1 das Rosas: evento promove a import\u00e2ncia do acolhimento \u00e0s pacientes oncol\u00f3gicas"},"content":{"rendered":"\n<p><em>Tapete vermelho e muitos tons de rosa. Pacientes oncol\u00f3gicas t\u00eam evento dedicado ao apoio de suas trajet\u00f3rias e a import\u00e2ncia de compartilhar supera\u00e7\u00f5es e viv\u00eancias<\/em><\/p>\n\n\n\n<p>Por Sabrina Alves (Ag\u00eancia Focas \u2013 Jornalismo Uniso)<\/p>\n\n\n\n<figure class=\"wp-block-image size-full\"><img loading=\"lazy\" decoding=\"async\" width=\"899\" height=\"599\" src=\"https:\/\/focas.uniso.br\/wp-content\/uploads\/2025\/10\/WhatsApp-Image-2025-10-29-at-00.19.12.jpeg\" alt=\"\" class=\"wp-image-4524\" srcset=\"https:\/\/focas.uniso.br\/wp-content\/uploads\/2025\/10\/WhatsApp-Image-2025-10-29-at-00.19.12.jpeg 899w, https:\/\/focas.uniso.br\/wp-content\/uploads\/2025\/10\/WhatsApp-Image-2025-10-29-at-00.19.12-300x200.jpeg 300w, https:\/\/focas.uniso.br\/wp-content\/uploads\/2025\/10\/WhatsApp-Image-2025-10-29-at-00.19.12-768x512.jpeg 768w\" sizes=\"auto, (max-width: 899px) 100vw, 899px\" \/><figcaption class=\"wp-element-caption\">Foto: Maria Eduarda de Souza Lima<\/figcaption><\/figure>\n\n\n\n<p>A luta e a supera\u00e7\u00e3o foram motivo de celebra\u00e7\u00e3o no evento Ch\u00e1 das Rosas, a\u00e7\u00e3o beneficente que valoriza a vida e a autoestima de mulheres que j\u00e1 lutaram ou lutam contra o c\u00e2ncer de mama. Na \u00faltima quinta-feira, 23\/10, o Sorocaba Clube abriu as portas para o projeto mensal da Secretaria da Mulher (Semul), que, nesta edi\u00e7\u00e3o, se organizou em torno de um desfile em homenagem \u00e0s pacientes oncol\u00f3gicas e ao Outubro Rosa, m\u00eas dedicado ao cuidado e \u00e0 preven\u00e7\u00e3o ao c\u00e2ncer de mama.<\/p>\n\n\n\n<p>O evento contou com a participa\u00e7\u00e3o de pacientes e profissionais da sa\u00fade que participaram do desfile, de sorteios e de homenagens. As convidadas tiveram direito a brindes, m\u00fasica cl\u00e1ssica e vestidos de gala, que foram fornecidos por patrocinadores da celebra\u00e7\u00e3o. Foram sorteados kits de autocuidado, pr\u00f3tese areolar, entre outros brindes, al\u00e9m da entrega de exames de mamografia.<\/p>\n\n\n\n<p>O Ch\u00e1 das Rosas \u00e9 um dos v\u00e1rios projetos criados pela Secretaria da Mulher de Sorocaba e come\u00e7ou em abril deste ano. Desde ent\u00e3o, ele \u00e9 realizado mensalmente em v\u00e1rias regi\u00f5es da cidade, assim levando amor e acolhimento para cada vez mais pessoas.&nbsp;<br>A secretaria, inaugurada em mar\u00e7o de 2025, conta atualmente com 12 colaboradoras dedicadas a projetos em que mais de 10 mil mulheres na cidade j\u00e1 foram atendidas. O grupo vem criando programas voltados ao bem-estar e ao empoderamento feminino. \u201cEu sinto a urg\u00eancia de cuidar dessas mulheres, assim como sinto a urg\u00eancia de fazer acontecer\u201d, diz Ros\u00e2ngela Perecini, secret\u00e1ria da mulher de Sorocaba.<\/p>\n\n\n\n<p><strong>Mais projetos<\/strong><\/p>\n\n\n\n<figure class=\"wp-block-image size-full\"><img loading=\"lazy\" decoding=\"async\" width=\"467\" height=\"466\" src=\"https:\/\/focas.uniso.br\/wp-content\/uploads\/2025\/10\/WhatsApp-Image-2025-10-29-at-00.19.23.jpeg\" alt=\"\" class=\"wp-image-4523\" srcset=\"https:\/\/focas.uniso.br\/wp-content\/uploads\/2025\/10\/WhatsApp-Image-2025-10-29-at-00.19.23.jpeg 467w, https:\/\/focas.uniso.br\/wp-content\/uploads\/2025\/10\/WhatsApp-Image-2025-10-29-at-00.19.23-300x300.jpeg 300w, https:\/\/focas.uniso.br\/wp-content\/uploads\/2025\/10\/WhatsApp-Image-2025-10-29-at-00.19.23-150x150.jpeg 150w\" sizes=\"auto, (max-width: 467px) 100vw, 467px\" \/><figcaption class=\"wp-element-caption\">Foto: Divulga\u00e7\u00e3o<\/figcaption><\/figure>\n\n\n\n<p>A Expo Mulheres empreendedoras \u00e9 uma feira de exposi\u00e7\u00f5es com intuito de ajudar mulheres com o perfil empreendedor, impulsionar a independ\u00eancia financeira e divulgar trabalhos que se adequem \u00e0s rotinas, considerando as mulheres que t\u00eam filhos.<\/p>\n\n\n\n<figure class=\"wp-block-image size-full\"><img loading=\"lazy\" decoding=\"async\" width=\"537\" height=\"519\" src=\"https:\/\/focas.uniso.br\/wp-content\/uploads\/2025\/10\/WhatsApp-Image-2025-10-29-at-00.19.31.jpeg\" alt=\"\" class=\"wp-image-4522\" srcset=\"https:\/\/focas.uniso.br\/wp-content\/uploads\/2025\/10\/WhatsApp-Image-2025-10-29-at-00.19.31.jpeg 537w, https:\/\/focas.uniso.br\/wp-content\/uploads\/2025\/10\/WhatsApp-Image-2025-10-29-at-00.19.31-300x290.jpeg 300w\" sizes=\"auto, (max-width: 537px) 100vw, 537px\" \/><figcaption class=\"wp-element-caption\">Foto: Divulga\u00e7\u00e3o<\/figcaption><\/figure>\n\n\n\n<p>O Projeto P\u00e9rolas \u00e9 uma a\u00e7\u00e3o, realizada por meio de rodas de conversas e oficinas terap\u00eauticas, voltada para o acolhimento e apoio a mulheres que passaram pelo luto materno, gestacional ou neonatal.<\/p>\n\n\n\n<p>Outros projetos est\u00e3o em proje\u00e7\u00e3o. Segundo Rosangela, o \u201cNamoro Legal\u201d, por exemplo, ser\u00e1 um programa voltado \u00e0 educa\u00e7\u00e3o de adolescentes nas escolas. A ideia \u00e9 trabalhar os limites do respeito ao outro e ajudar na identifica\u00e7\u00e3o de abusos em relacionamentos que, por vezes, passam despercebidos.<\/p>\n\n\n\n<p>J\u00e1 o projeto \u201cConecta elas\u201d tem por objetivo a doa\u00e7\u00e3o de aparelhos de telefone para mulheres v\u00edtimas de viol\u00eancia. Segundo a Secretaria, a ideia \u00e9 que mulheres em situa\u00e7\u00e3o de vulnerabilidade, com medidas protetivas emitidas pelo judici\u00e1rio, recebam um aparelho doado pela popula\u00e7\u00e3o j\u00e1 com o aplicativo Protege Mulher instalado.<\/p>\n\n\n\n<p>Link na express\u00e3o grifada: <a href=\"https:\/\/noticias.sorocaba.sp.gov.br\/aplicativo-de-medida-protetiva-passa-a-se-chamar-protege-mulher\/\">https:\/\/noticias.sorocaba.sp.gov.br\/aplicativo-de-medida-protetiva-passa-a-se-chamar-protege-mulher\/<\/a><\/p>\n","protected":false},"excerpt":{"rendered":"<p>Tapete vermelho e muitos tons de rosa. Pacientes oncol\u00f3gicas t\u00eam evento dedicado ao apoio de suas trajet\u00f3rias e a import\u00e2ncia<\/p>\n","protected":false},"author":1,"featured_media":0,"comment_status":"open","ping_status":"open","sticky":false,"template":"","format":"standard","meta":{"colormag_page_container_layout":"default_layout","colormag_page_sidebar_layout":"default_layout","footnotes":""},"categories":[15,9,37,14],"tags":[30,41,29,28],"class_list":["post-4521","post","type-post","status-publish","format-standard","hentry","category-jornalismo","category-jornalismo-online","category-sorocaba","category-uniso","tag-focas","tag-focas-na-rede","tag-jornalismo","tag-uniso"],"featured_image_urls":{"full":"","thumbnail":"","medium":"","medium_large":"","large":"","1536x1536":"","2048x2048":"","colormag-highlighted-post":"","colormag-featured-post-medium":"","colormag-featured-post-small":"","colormag-featured-image":"","colormag-default-news":"","colormag-featured-image-large":""},"author_info":{"info":["focas"]},"category_info":"<a href=\"https:\/\/focas.uniso.br\/index.php\/category\/jornalismo\/\" rel=\"category tag\">Jornalismo<\/a> <a href=\"https:\/\/focas.uniso.br\/index.php\/category\/jornalismo-online\/\" rel=\"category tag\">jornalismo online<\/a> <a href=\"https:\/\/focas.uniso.br\/index.php\/category\/sorocaba\/\" rel=\"category tag\">Sorocaba<\/a> <a href=\"https:\/\/focas.uniso.br\/index.php\/category\/uniso\/\" rel=\"category tag\">Uniso<\/a>","tag_info":"Uniso","comment_count":"0","_links":{"self":[{"href":"https:\/\/focas.uniso.br\/index.php\/wp-json\/wp\/v2\/posts\/4521","targetHints":{"allow":["GET"]}}],"collection":[{"href":"https:\/\/focas.uniso.br\/index.php\/wp-json\/wp\/v2\/posts"}],"about":[{"href":"https:\/\/focas.uniso.br\/index.php\/wp-json\/wp\/v2\/types\/post"}],"author":[{"embeddable":true,"href":"https:\/\/focas.uniso.br\/index.php\/wp-json\/wp\/v2\/users\/1"}],"replies":[{"embeddable":true,"href":"https:\/\/focas.uniso.br\/index.php\/wp-json\/wp\/v2\/comments?post=4521"}],"version-history":[{"count":1,"href":"https:\/\/focas.uniso.br\/index.php\/wp-json\/wp\/v2\/posts\/4521\/revisions"}],"predecessor-version":[{"id":4525,"href":"https:\/\/focas.uniso.br\/index.php\/wp-json\/wp\/v2\/posts\/4521\/revisions\/4525"}],"wp:attachment":[{"href":"https:\/\/focas.uniso.br\/index.php\/wp-json\/wp\/v2\/media?parent=4521"}],"wp:term":[{"taxonomy":"category","embeddable":true,"href":"https:\/\/focas.uniso.br\/index.php\/wp-json\/wp\/v2\/categories?post=4521"},{"taxonomy":"post_tag","embeddable":true,"href":"https:\/\/focas.uniso.br\/index.php\/wp-json\/wp\/v2\/tags?post=4521"}],"curies":[{"name":"wp","href":"https:\/\/api.w.org\/{rel}","templated":true}]}}