{"id":453,"date":"2016-03-15T17:00:00","date_gmt":"2016-03-15T17:00:00","guid":{"rendered":"http:\/\/focas.uniso.br\/index.php\/2016\/03\/15\/comunicacao-e-etica-sao-temas-de-palestra-com-o-professor-agnelo-fedel\/"},"modified":"2016-03-15T17:00:00","modified_gmt":"2016-03-15T17:00:00","slug":"comunicacao-e-etica-sao-temas-de-palestra-com-o-professor-agnelo-fedel","status":"publish","type":"post","link":"https:\/\/focas.uniso.br\/index.php\/2016\/03\/15\/comunicacao-e-etica-sao-temas-de-palestra-com-o-professor-agnelo-fedel\/","title":{"rendered":"Comunica\u00e7\u00e3o e \u00e9tica s\u00e3o temas de palestra com o professor Agnelo Fedel"},"content":{"rendered":"<div style=\"clear: both; text-align: center;\"><a href=\"https:\/\/fbcdn-sphotos-b-a.akamaihd.net\/hphotos-ak-xlp1\/v\/t1.0-9\/1385839_945941505494696_8961072489890252089_n.jpg?oh=ad9396e41bf05129a87d9057acdc6493&amp;oe=578D47E5&amp;__gda__=1464762776_701650408c7360112977d25963c65ace\" style=\"clear: left; float: left; margin-bottom: 1em; margin-right: 1em;\"><img loading=\"lazy\" decoding=\"async\" border=\"0\" height=\"320\" src=\"https:\/\/fbcdn-sphotos-b-a.akamaihd.net\/hphotos-ak-xlp1\/v\/t1.0-9\/1385839_945941505494696_8961072489890252089_n.jpg?oh=ad9396e41bf05129a87d9057acdc6493&amp;oe=578D47E5&amp;__gda__=1464762776_701650408c7360112977d25963c65ace\" width=\"320\" \/><\/a><\/div>\n<div style=\"background-color: white; line-height: 19.32px; margin-bottom: 6px; margin-top: 6px; text-align: justify;\"><span style=\"font-family: Arial, Helvetica, sans-serif;\">O jornalista e professor da Uniso, Agnelo Fedel, ministrar\u00e1 palestra sobre \u201cA comunica\u00e7\u00e3o e a \u00e9tica na valoriza\u00e7\u00e3o do homem\u201d em evento promovido pelo n\u00facleo de Sorocaba da Associa\u00e7\u00e3o de Dirigentes Crist\u00e3os de Empresa (ADCE). A palestra ser\u00e1 nesta quinta-feira, 17 de mar\u00e7o, na Asp\u00e1sia Pizzaria e Chopperia, no Centro de Sorocaba, \u00e0s 12h.<\/span><\/div>\n<div style=\"background-color: white; line-height: 19.32px; margin-bottom: 6px; margin-top: 6px; text-align: justify;\"><span style=\"font-family: Arial, Helvetica, sans-serif;\">O profissional, que atualmente leciona nos cursos de Jornalismo, Publ<span style=\"display: inline;\">icidade e Propaganda e Rela\u00e7\u00f5es P\u00fablicas na Universidade de Sorocaba, \u00e9 especialista em Teorias e T\u00e9cnicas da Comunica\u00e7\u00e3o e mestre em Comunica\u00e7\u00e3o e Mercado, ambos pela faculdade C\u00e1sper L\u00edbero. Fedel tamb\u00e9m j\u00e1 atuou em empresas e institui\u00e7\u00f5es na \u00e1rea de Assessoria de Imprensa e Comunica\u00e7\u00e3o.<\/span><\/span><\/div>\n<div style=\"background-color: white; display: inline; line-height: 19.32px;\"><span style=\"font-family: Arial, Helvetica, sans-serif;\"><\/p>\n<div style=\"margin-bottom: 6px;\"><\/div>\n<div style=\"text-align: justify;\"><span style=\"line-height: 19.32px;\">Mais informa\u00e7\u00f5es sobre o evento:<\/span><span style=\"line-height: 19.32px;\">&nbsp;<\/span><\/div>\n<div style=\"cursor: pointer; text-align: justify; text-decoration: none;\"><a href=\"http:\/\/www.adcesorocaba.blogspot.com\/\" rel=\"nofollow noopener noreferrer\" style=\"cursor: pointer; text-decoration: none;\" target=\"_blank\"><\/a><a href=\"http:\/\/www.adcesorocaba.blogspot.com\/\" rel=\"nofollow noopener noreferrer\" style=\"cursor: pointer; line-height: 19.32px; text-decoration: none;\" target=\"_blank\">www.adcesorocaba.blogspot.com<\/a><span style=\"line-height: 19.32px;\">&nbsp;<\/span><span style=\"line-height: 19.32px;\">ou no telefone (15) 3033.2065.<\/span><\/div>\n<p><\/p>\n<div style=\"margin-bottom: 6px; margin-top: 6px;\"><\/div>\n<div style=\"text-align: justify;\"><span style=\"line-height: 19.32px;\">__________________________________<\/span><\/div>\n<div style=\"text-align: justify;\"><span style=\"line-height: 19.32px;\">Texto: Giulia Vasovino, Ag\u00eancia JOR\/Uniso<\/span><\/div>\n<p><\/span><\/div>\n","protected":false},"excerpt":{"rendered":"<p>O jornalista e professor da Uniso, Agnelo Fedel, ministrar\u00e1 palestra sobre \u201cA comunica\u00e7\u00e3o e a \u00e9tica na valoriza\u00e7\u00e3o do homem\u201d<\/p>\n","protected":false},"author":1,"featured_media":0,"comment_status":"open","ping_status":"open","sticky":false,"template":"","format":"standard","meta":{"colormag_page_container_layout":"default_layout","colormag_page_sidebar_layout":"default_layout","footnotes":""},"categories":[1],"tags":[],"class_list":["post-453","post","type-post","status-publish","format-standard","hentry","category-uncategorized"],"featured_image_urls":{"full":"","thumbnail":"","medium":"","medium_large":"","large":"","1536x1536":"","2048x2048":"","colormag-highlighted-post":"","colormag-featured-post-medium":"","colormag-featured-post-small":"","colormag-featured-image":"","colormag-default-news":"","colormag-featured-image-large":""},"author_info":{"info":["focas"]},"category_info":"<a href=\"https:\/\/focas.uniso.br\/index.php\/category\/uncategorized\/\" rel=\"category tag\">Uncategorized<\/a>","tag_info":"Uncategorized","comment_count":"0","_links":{"self":[{"href":"https:\/\/focas.uniso.br\/index.php\/wp-json\/wp\/v2\/posts\/453","targetHints":{"allow":["GET"]}}],"collection":[{"href":"https:\/\/focas.uniso.br\/index.php\/wp-json\/wp\/v2\/posts"}],"about":[{"href":"https:\/\/focas.uniso.br\/index.php\/wp-json\/wp\/v2\/types\/post"}],"author":[{"embeddable":true,"href":"https:\/\/focas.uniso.br\/index.php\/wp-json\/wp\/v2\/users\/1"}],"replies":[{"embeddable":true,"href":"https:\/\/focas.uniso.br\/index.php\/wp-json\/wp\/v2\/comments?post=453"}],"version-history":[{"count":0,"href":"https:\/\/focas.uniso.br\/index.php\/wp-json\/wp\/v2\/posts\/453\/revisions"}],"wp:attachment":[{"href":"https:\/\/focas.uniso.br\/index.php\/wp-json\/wp\/v2\/media?parent=453"}],"wp:term":[{"taxonomy":"category","embeddable":true,"href":"https:\/\/focas.uniso.br\/index.php\/wp-json\/wp\/v2\/categories?post=453"},{"taxonomy":"post_tag","embeddable":true,"href":"https:\/\/focas.uniso.br\/index.php\/wp-json\/wp\/v2\/tags?post=453"}],"curies":[{"name":"wp","href":"https:\/\/api.w.org\/{rel}","templated":true}]}}