{"id":4537,"date":"2025-10-30T09:26:41","date_gmt":"2025-10-30T12:26:41","guid":{"rendered":"https:\/\/focas.uniso.br\/?p=4537"},"modified":"2025-10-30T09:26:41","modified_gmt":"2025-10-30T12:26:41","slug":"violencia-domestica-gera-efeitos-no-desenvolvimento-emocional-e-psicologico-das-criancas","status":"publish","type":"post","link":"https:\/\/focas.uniso.br\/index.php\/2025\/10\/30\/violencia-domestica-gera-efeitos-no-desenvolvimento-emocional-e-psicologico-das-criancas\/","title":{"rendered":"Viol\u00eancia dom\u00e9stica gera efeitos no desenvolvimento emocional e psicol\u00f3gico das crian\u00e7as"},"content":{"rendered":"\n<p><em>Renata Zanin, delegada da mulher, explica que a \u201cviol\u00eancia dom\u00e9stica atinge todos os envolvidos, menos o agressor\u201d<\/em><\/p>\n\n\n\n<p>Por: Paola Ferreira e Sabrina Alves (Ag\u00eancia Focas \u2013 Jornalismo Uniso)<\/p>\n\n\n\n<figure class=\"wp-block-image size-full\"><img loading=\"lazy\" decoding=\"async\" width=\"940\" height=\"627\" src=\"https:\/\/focas.uniso.br\/wp-content\/uploads\/2025\/10\/WhatsApp-Image-2025-10-29-at-17.24.00.jpeg\" alt=\"\" class=\"wp-image-4538\" srcset=\"https:\/\/focas.uniso.br\/wp-content\/uploads\/2025\/10\/WhatsApp-Image-2025-10-29-at-17.24.00.jpeg 940w, https:\/\/focas.uniso.br\/wp-content\/uploads\/2025\/10\/WhatsApp-Image-2025-10-29-at-17.24.00-300x200.jpeg 300w, https:\/\/focas.uniso.br\/wp-content\/uploads\/2025\/10\/WhatsApp-Image-2025-10-29-at-17.24.00-768x512.jpeg 768w\" sizes=\"auto, (max-width: 940px) 100vw, 940px\" \/><figcaption class=\"wp-element-caption\">Coletiva com a delegada Renata Zanin, realizada na sexta-feira, 24 | Foto: Paola Ferreira<\/figcaption><\/figure>\n\n\n\n<p>A viol\u00eancia contra a mulher engloba muitos assuntos, principalmente aqueles ligados \u00e0 sa\u00fade p\u00fablica. Na sexta-feira passada, 24 de outubro, o curso de Jornalismo da Universidade de Sorocaba (Uniso) recebeu a delegada Renata Zanin, respons\u00e1vel pela Delegacia de Defesa da Mulher (DDM) de Sorocaba, para uma entrevista coletiva. Renata falou sobre a sua experi\u00eancia profissional e sobre sua trajet\u00f3ria na miss\u00e3o de defesa das mulheres. No decorrer da coletiva, a delegada relatou tamb\u00e9m sobre outros alvos que s\u00e3o afetados indiretamente pela viol\u00eancia contra a mulher, as crian\u00e7as.<\/p>\n\n\n\n<p>Na percep\u00e7\u00e3o infantil, essas situa\u00e7\u00f5es ganham uma grande propor\u00e7\u00e3o porque atingem gravemente o desenvolvimento das crian\u00e7as. A viol\u00eancia dom\u00e9stica tem potencial de se transformar em trauma e, por isso, acompanhar as crian\u00e7as por toda a vida.<\/p>\n\n\n\n<p>De acordo com a delegada, as notifica\u00e7\u00f5es que relatam viol\u00eancia envolvendo crian\u00e7as v\u00eam principalmente das escolas, hospitais e vizinhos. Nos primeiros quatro meses de 2025, houve um aumento de 40% dos casos de viol\u00eancia e, em outubro, 29% dos casos de estupro contra menores em Sorocaba e regi\u00e3o. Os \u00edndices s\u00e3o altos e denunciar \u00e9 essencial para a prote\u00e7\u00e3o das v\u00edtimas e a conscientiza\u00e7\u00e3o da sociedade.<\/p>\n\n\n\n<p>Segundo Renata, quando o n\u00facleo familiar da v\u00edtima \u00e9 atingido, a melhor forma de reverter a situa\u00e7\u00e3o \u00e9 encorajando as mulheres a denunciar, apesar do receio gerado pela depend\u00eancia financeira e emocional que elas t\u00eam do agressor. \u201cA viol\u00eancia nunca \u00e9 s\u00f3 contra uma pessoa, \u00e9 contra todo o setor familiar\u201d, afirma a delegada.<\/p>\n\n\n\n<p><br><strong>Como denunciar?<\/strong><\/p>\n\n\n\n<p>A delegada falou sobre o processo de registro de um boletim de ocorr\u00eancia e deu algumas sugest\u00f5es sobre como encorajar essas v\u00edtimas a denunciar o agressor. Mulheres v\u00edtimas de quaisquer tipos de viol\u00eancia podem e devem solicitar a medida protetiva na DDM. A delegada afirma que \u00e9 um instrumento que funciona e \u00e9 necess\u00e1rio.&nbsp; Al\u00e9m disso, as v\u00edtimas s\u00e3o encaminhadas a uma rede de apoio psicol\u00f3gico pela pr\u00f3pria delegacia.<\/p>\n","protected":false},"excerpt":{"rendered":"<p>Renata Zanin, delegada da mulher, explica que a \u201cviol\u00eancia dom\u00e9stica atinge todos os envolvidos, menos o agressor\u201d Por: Paola Ferreira<\/p>\n","protected":false},"author":1,"featured_media":0,"comment_status":"open","ping_status":"open","sticky":false,"template":"","format":"standard","meta":{"colormag_page_container_layout":"default_layout","colormag_page_sidebar_layout":"default_layout","footnotes":""},"categories":[15,9,37,14],"tags":[30,41,29,28],"class_list":["post-4537","post","type-post","status-publish","format-standard","hentry","category-jornalismo","category-jornalismo-online","category-sorocaba","category-uniso","tag-focas","tag-focas-na-rede","tag-jornalismo","tag-uniso"],"featured_image_urls":{"full":"","thumbnail":"","medium":"","medium_large":"","large":"","1536x1536":"","2048x2048":"","colormag-highlighted-post":"","colormag-featured-post-medium":"","colormag-featured-post-small":"","colormag-featured-image":"","colormag-default-news":"","colormag-featured-image-large":""},"author_info":{"info":["focas"]},"category_info":"<a href=\"https:\/\/focas.uniso.br\/index.php\/category\/jornalismo\/\" rel=\"category tag\">Jornalismo<\/a> <a href=\"https:\/\/focas.uniso.br\/index.php\/category\/jornalismo-online\/\" rel=\"category tag\">jornalismo online<\/a> <a href=\"https:\/\/focas.uniso.br\/index.php\/category\/sorocaba\/\" rel=\"category tag\">Sorocaba<\/a> <a href=\"https:\/\/focas.uniso.br\/index.php\/category\/uniso\/\" rel=\"category tag\">Uniso<\/a>","tag_info":"Uniso","comment_count":"0","_links":{"self":[{"href":"https:\/\/focas.uniso.br\/index.php\/wp-json\/wp\/v2\/posts\/4537","targetHints":{"allow":["GET"]}}],"collection":[{"href":"https:\/\/focas.uniso.br\/index.php\/wp-json\/wp\/v2\/posts"}],"about":[{"href":"https:\/\/focas.uniso.br\/index.php\/wp-json\/wp\/v2\/types\/post"}],"author":[{"embeddable":true,"href":"https:\/\/focas.uniso.br\/index.php\/wp-json\/wp\/v2\/users\/1"}],"replies":[{"embeddable":true,"href":"https:\/\/focas.uniso.br\/index.php\/wp-json\/wp\/v2\/comments?post=4537"}],"version-history":[{"count":2,"href":"https:\/\/focas.uniso.br\/index.php\/wp-json\/wp\/v2\/posts\/4537\/revisions"}],"predecessor-version":[{"id":4541,"href":"https:\/\/focas.uniso.br\/index.php\/wp-json\/wp\/v2\/posts\/4537\/revisions\/4541"}],"wp:attachment":[{"href":"https:\/\/focas.uniso.br\/index.php\/wp-json\/wp\/v2\/media?parent=4537"}],"wp:term":[{"taxonomy":"category","embeddable":true,"href":"https:\/\/focas.uniso.br\/index.php\/wp-json\/wp\/v2\/categories?post=4537"},{"taxonomy":"post_tag","embeddable":true,"href":"https:\/\/focas.uniso.br\/index.php\/wp-json\/wp\/v2\/tags?post=4537"}],"curies":[{"name":"wp","href":"https:\/\/api.w.org\/{rel}","templated":true}]}}