{"id":454,"date":"2016-03-09T17:00:00","date_gmt":"2016-03-09T17:00:00","guid":{"rendered":"http:\/\/focas.uniso.br\/index.php\/2016\/03\/09\/alunos-de-escola-estadual-conhecem-estudio-de-tv-da-uniso\/"},"modified":"2016-03-09T17:00:00","modified_gmt":"2016-03-09T17:00:00","slug":"alunos-de-escola-estadual-conhecem-estudio-de-tv-da-uniso","status":"publish","type":"post","link":"https:\/\/focas.uniso.br\/index.php\/2016\/03\/09\/alunos-de-escola-estadual-conhecem-estudio-de-tv-da-uniso\/","title":{"rendered":"Alunos de escola estadual conhecem est\u00fadio de TV da Uniso"},"content":{"rendered":"<div style=\"clear: both; text-align: center;\"><a href=\"https:\/\/fbcdn-sphotos-f-a.akamaihd.net\/hphotos-ak-xtp1\/v\/t1.0-9\/s851x315\/12800282_942440575844789_4084175076405697525_n.jpg?oh=91f4b750abaab2b7fcc77bba3443ed80&amp;oe=57972D9A&amp;__gda__=1469188621_99c7b49e1f01221a1152296a039f5349\" style=\"clear: left; float: left; margin-bottom: 1em; margin-right: 1em; text-align: justify;\"><img loading=\"lazy\" decoding=\"async\" border=\"0\" height=\"213\" src=\"https:\/\/fbcdn-sphotos-f-a.akamaihd.net\/hphotos-ak-xtp1\/v\/t1.0-9\/s851x315\/12800282_942440575844789_4084175076405697525_n.jpg?oh=91f4b750abaab2b7fcc77bba3443ed80&amp;oe=57972D9A&amp;__gda__=1469188621_99c7b49e1f01221a1152296a039f5349\" width=\"320\" \/><\/a><\/div>\n<div style=\"background-color: white; line-height: 19.32px; margin-bottom: 6px; margin-top: 6px; text-align: justify;\"><span style=\"font-family: &quot;arial&quot; , &quot;helvetica&quot; , sans-serif;\">\u201cA gente tem um projeto de conviv\u00eancia na escola. Como passamos muito tempo ali dentro, decidimos trabalhar com assuntos que eles nunca viram\u201d, diz a professora Maria Ant\u00f4nia Quesada, que leciona a disciplina de artes. Ela conta que as crian\u00e7as ir\u00e3o trabalhar em um curta para participar de uma mostra, que ir\u00e1 acontecer no dia 31 de mar\u00e7o, e que as filmagens s\u00e3o feitas com c\u00e2meras caseiras durante o per\u00edodo das aulas.<\/span><\/div>\n<div style=\"background-color: white; line-height: 19.32px; margin-bottom: 6px; margin-top: 6px; text-align: justify;\"><span style=\"display: inline;\"><span style=\"font-family: &quot;arial&quot; , &quot;helvetica&quot; , sans-serif;\">\u201cO objetivo \u00e9 que eles percebam suas potencialidades para que acreditem neles e sigam em frente. Eles admiram quem l\u00ea, escreve e \u00e9 isso que querem para a vida\u201d. Sobre a iniciativa de conhecer o est\u00fadio da Uniso e conhecer o \u201cpor tr\u00e1s das c\u00e2meras\u201d, a professora descreve como uma oportunidade para eles n\u00e3o somente aprenderem, mas conhecerem uma realidade distinta. \u201cEles veem que o aprender vai al\u00e9m do caderno, do livro. A gente derrubou as paredes, transformamos o aprender em algo que eles podem levar para a vida\u201d.<\/span><\/span><\/div>\n<div style=\"background-color: white; display: inline; line-height: 19.32px;\"><span style=\"font-family: &quot;arial&quot; , &quot;helvetica&quot; , sans-serif;\"><\/span><\/p>\n<div style=\"margin-bottom: 6px; text-align: justify;\"><span style=\"font-family: &quot;arial&quot; , &quot;helvetica&quot; , sans-serif;\">Coordenador do laborat\u00f3rio de televis\u00e3o e apresentador do Uniso Comunidade, o professor Fernando Negr\u00e3o apresentou aos estudantes um pouco da produ\u00e7\u00e3o do programa, como s\u00e3o aplicados os efeitos, os tipos de c\u00e2meras utilizadas, al\u00e9m de trabalhos dos alunos de Publicidade e Propaganda. \u201cO est\u00fadio da Uniso tem um padr\u00e3o profissional. Ent\u00e3o quando eles veem a produ\u00e7\u00e3o por tr\u00e1s das c\u00e2meras n\u00e3o quebra a magia, mas aumenta o encanto\u201d, diz Negr\u00e3o, que ainda ressaltou as import\u00e2ncias e os reflexos da visita nos alunos. \u201cEles assistiram produ\u00e7\u00f5es e gostaram porque viram como \u00e9 feito. \u00c9 interessante porque isso pode despertar neles uma voca\u00e7\u00e3o\u201d.<\/span><\/div>\n<p><span style=\"font-family: &quot;arial&quot; , &quot;helvetica&quot; , sans-serif;\"><\/p>\n<div style=\"margin-bottom: 6px; text-align: justify;\"><\/div>\n<div style=\"clear: both; text-align: center;\"><a href=\"https:\/\/fbcdn-sphotos-c-a.akamaihd.net\/hphotos-ak-xtf1\/t31.0-8\/12829259_942440872511426_453585261030608657_o.jpg\" style=\"margin-left: 1em; margin-right: 1em;\"><img loading=\"lazy\" decoding=\"async\" border=\"0\" height=\"213\" src=\"https:\/\/fbcdn-sphotos-c-a.akamaihd.net\/hphotos-ak-xtf1\/t31.0-8\/12829259_942440872511426_453585261030608657_o.jpg\" width=\"320\" \/><\/a><\/div>\n<div style=\"margin-bottom: 6px; text-align: justify;\"><\/div>\n<div style=\"margin-bottom: 6px; margin-top: 6px; text-align: justify;\">Com 10 anos, Ana Beatriz Saraiva, uma das alunas presentes na visita, disse ter aprendido bastante com o que foi visto. \u201c\u00c9 uma oportunidade muito grande eu estar aqui\u201d, diz ela, que afirmou querer ser jornalista e se sentou em uma das primeiras carteiras, anotando a todo o momento o que era dito. \u201cComo eu vou participar do cinema, eu quero tentar ajudar minha professora\u201d.&nbsp;<\/div>\n<div style=\"margin-bottom: 6px; margin-top: 6px; text-align: justify;\"><\/div>\n<div style=\"margin-bottom: 6px; margin-top: 6px;\"><\/div>\n<div style=\"text-align: justify;\"><span style=\"line-height: 19.32px;\">__________________________________<\/span><\/div>\n<div style=\"text-align: justify;\"><span style=\"line-height: 19.32px;\">Texto: Giulia Vasovino, Ag\u00eancia JOR\/Uniso<\/span><\/div>\n<p><\/span><\/div>\n","protected":false},"excerpt":{"rendered":"<p>\u201cA gente tem um projeto de conviv\u00eancia na escola. Como passamos muito tempo ali dentro, decidimos trabalhar com assuntos que<\/p>\n","protected":false},"author":1,"featured_media":0,"comment_status":"open","ping_status":"open","sticky":false,"template":"","format":"standard","meta":{"colormag_page_container_layout":"default_layout","colormag_page_sidebar_layout":"default_layout","footnotes":""},"categories":[1],"tags":[],"class_list":["post-454","post","type-post","status-publish","format-standard","hentry","category-uncategorized"],"featured_image_urls":{"full":"","thumbnail":"","medium":"","medium_large":"","large":"","1536x1536":"","2048x2048":"","colormag-highlighted-post":"","colormag-featured-post-medium":"","colormag-featured-post-small":"","colormag-featured-image":"","colormag-default-news":"","colormag-featured-image-large":""},"author_info":{"info":["focas"]},"category_info":"<a href=\"https:\/\/focas.uniso.br\/index.php\/category\/uncategorized\/\" rel=\"category tag\">Uncategorized<\/a>","tag_info":"Uncategorized","comment_count":"0","_links":{"self":[{"href":"https:\/\/focas.uniso.br\/index.php\/wp-json\/wp\/v2\/posts\/454","targetHints":{"allow":["GET"]}}],"collection":[{"href":"https:\/\/focas.uniso.br\/index.php\/wp-json\/wp\/v2\/posts"}],"about":[{"href":"https:\/\/focas.uniso.br\/index.php\/wp-json\/wp\/v2\/types\/post"}],"author":[{"embeddable":true,"href":"https:\/\/focas.uniso.br\/index.php\/wp-json\/wp\/v2\/users\/1"}],"replies":[{"embeddable":true,"href":"https:\/\/focas.uniso.br\/index.php\/wp-json\/wp\/v2\/comments?post=454"}],"version-history":[{"count":0,"href":"https:\/\/focas.uniso.br\/index.php\/wp-json\/wp\/v2\/posts\/454\/revisions"}],"wp:attachment":[{"href":"https:\/\/focas.uniso.br\/index.php\/wp-json\/wp\/v2\/media?parent=454"}],"wp:term":[{"taxonomy":"category","embeddable":true,"href":"https:\/\/focas.uniso.br\/index.php\/wp-json\/wp\/v2\/categories?post=454"},{"taxonomy":"post_tag","embeddable":true,"href":"https:\/\/focas.uniso.br\/index.php\/wp-json\/wp\/v2\/tags?post=454"}],"curies":[{"name":"wp","href":"https:\/\/api.w.org\/{rel}","templated":true}]}}