{"id":455,"date":"2016-03-04T17:00:00","date_gmt":"2016-03-04T17:00:00","guid":{"rendered":"http:\/\/focas.uniso.br\/index.php\/2016\/03\/04\/formandos-da-uniso-recebem-instrucoes-para-eventos-da-colacao-de-grau\/"},"modified":"2016-03-04T17:00:00","modified_gmt":"2016-03-04T17:00:00","slug":"formandos-da-uniso-recebem-instrucoes-para-eventos-da-colacao-de-grau","status":"publish","type":"post","link":"https:\/\/focas.uniso.br\/index.php\/2016\/03\/04\/formandos-da-uniso-recebem-instrucoes-para-eventos-da-colacao-de-grau\/","title":{"rendered":"Formandos da Uniso recebem instru\u00e7\u00f5es para eventos da cola\u00e7\u00e3o de grau"},"content":{"rendered":"<div style=\"background-color: white; line-height: 19.32px; margin-bottom: 6px; margin-top: 6px;\"><span style=\"font-family: Arial, Helvetica, sans-serif;\">A agenda de cola\u00e7\u00f5es de grau para os cursos de gradua\u00e7\u00e3o da Uniso exige de funcion\u00e1rios e alunos v\u00e1rios tipos de preparativos. Antes de cada cerim\u00f4nia, \u00e9 preciso discutir os detalhes e expor o protocolo dos eventos para que na noite da cola\u00e7\u00e3o tudo ocorra sem imprevistos.<\/span><\/div>\n<div style=\"background-color: white; line-height: 19.32px; margin-bottom: 6px; margin-top: 6px;\"><span style=\"font-family: Arial, Helvetica, sans-serif;\">Os alunos participam de reuni\u00f5es cerca de dez dias antes da cola\u00e7\u00e3o. Neste dia 03 de mar\u00e7o, foi a vez dos cursos de Log\u00edstica, Ci\u00eancias d<span style=\"display: inline;\">a Computa\u00e7\u00e3o, Sistemas de Informa\u00e7\u00e3o, Gest\u00e3o e Recursos Humanos, Gest\u00e3o e Produ\u00e7\u00e3o Industrial, Gest\u00e3o da Qualidade e Gest\u00e3o Comercial receberem as instru\u00e7\u00f5es e orienta\u00e7\u00f5es gerais para as sess\u00f5es solenes da cola\u00e7\u00e3o de grau em 2016.<\/span><\/span><\/div>\n<div style=\"background-color: white; display: inline; line-height: 19.32px;\"><span style=\"font-family: Arial, Helvetica, sans-serif;\"><\/p>\n<div style=\"margin-bottom: 6px;\">Durante a palestra, ministrada por Teresa Cristina Lima Camargo, organizadora da cola\u00e7\u00e3o de grau, foram definidos os alunos de cada curso que ser\u00e3o oradores no evento, e orientadas quest\u00f5es como hor\u00e1rios e a programa\u00e7\u00e3o da formatura. De acordo com Teresa, todos os alunos que forem colar grau no dia do evento devem chegar com anteced\u00eancia e estar com t\u00eanis pretos e cal\u00e7as escuras, al\u00e9m de vestir a beca preta, a faixa azul na cintura e o capelo durante toda a cola\u00e7\u00e3o.<\/div>\n<div style=\"margin-bottom: 6px; margin-top: 6px;\">Nessas reuni\u00f5es, cada turma define o professor que ser\u00e1 o paraninfo. Durante a cerim\u00f4nia, os paraninfos entregam os diplomas aos alunos e recebem uma homenagem dos oradores. Al\u00e9m disso, os paraninfos de cada curso, durante a cola\u00e7\u00e3o recebem geralmente um presente, uma lembran\u00e7a dos alunos, como uma gravata, chocolates ou um livro, por exemplo.<br \/>Desde fevereiro, v\u00e1rias cola\u00e7\u00f5es j\u00e1 foram realizadas e o calend\u00e1rio prossegue at\u00e9 o final do m\u00eas de mar\u00e7o com as turmas que conclu\u00edram os cursos de gradua\u00e7\u00e3o no semestre passado<br \/>_____________________________________________<br \/>Texto: Cl\u00e1udio Mascaro J\u00fanior, para Ag\u00eancia JOR\/Uniso<\/div>\n<p><\/span><\/div>\n","protected":false},"excerpt":{"rendered":"<p>A agenda de cola\u00e7\u00f5es de grau para os cursos de gradua\u00e7\u00e3o da Uniso exige de funcion\u00e1rios e alunos v\u00e1rios tipos<\/p>\n","protected":false},"author":1,"featured_media":0,"comment_status":"open","ping_status":"open","sticky":false,"template":"","format":"standard","meta":{"colormag_page_container_layout":"default_layout","colormag_page_sidebar_layout":"default_layout","footnotes":""},"categories":[1],"tags":[],"class_list":["post-455","post","type-post","status-publish","format-standard","hentry","category-uncategorized"],"featured_image_urls":{"full":"","thumbnail":"","medium":"","medium_large":"","large":"","1536x1536":"","2048x2048":"","colormag-highlighted-post":"","colormag-featured-post-medium":"","colormag-featured-post-small":"","colormag-featured-image":"","colormag-default-news":"","colormag-featured-image-large":""},"author_info":{"info":["focas"]},"category_info":"<a href=\"https:\/\/focas.uniso.br\/index.php\/category\/uncategorized\/\" rel=\"category tag\">Uncategorized<\/a>","tag_info":"Uncategorized","comment_count":"0","_links":{"self":[{"href":"https:\/\/focas.uniso.br\/index.php\/wp-json\/wp\/v2\/posts\/455","targetHints":{"allow":["GET"]}}],"collection":[{"href":"https:\/\/focas.uniso.br\/index.php\/wp-json\/wp\/v2\/posts"}],"about":[{"href":"https:\/\/focas.uniso.br\/index.php\/wp-json\/wp\/v2\/types\/post"}],"author":[{"embeddable":true,"href":"https:\/\/focas.uniso.br\/index.php\/wp-json\/wp\/v2\/users\/1"}],"replies":[{"embeddable":true,"href":"https:\/\/focas.uniso.br\/index.php\/wp-json\/wp\/v2\/comments?post=455"}],"version-history":[{"count":0,"href":"https:\/\/focas.uniso.br\/index.php\/wp-json\/wp\/v2\/posts\/455\/revisions"}],"wp:attachment":[{"href":"https:\/\/focas.uniso.br\/index.php\/wp-json\/wp\/v2\/media?parent=455"}],"wp:term":[{"taxonomy":"category","embeddable":true,"href":"https:\/\/focas.uniso.br\/index.php\/wp-json\/wp\/v2\/categories?post=455"},{"taxonomy":"post_tag","embeddable":true,"href":"https:\/\/focas.uniso.br\/index.php\/wp-json\/wp\/v2\/tags?post=455"}],"curies":[{"name":"wp","href":"https:\/\/api.w.org\/{rel}","templated":true}]}}