{"id":4831,"date":"2025-11-27T10:38:37","date_gmt":"2025-11-27T13:38:37","guid":{"rendered":"https:\/\/focas.uniso.br\/?p=4831"},"modified":"2025-11-27T10:38:37","modified_gmt":"2025-11-27T13:38:37","slug":"alunos-de-gastronomia-da-uniso-apresentam-produtos-inovadores-em-banca-do-projeto-integrador","status":"publish","type":"post","link":"https:\/\/focas.uniso.br\/index.php\/2025\/11\/27\/alunos-de-gastronomia-da-uniso-apresentam-produtos-inovadores-em-banca-do-projeto-integrador\/","title":{"rendered":"Alunos de Gastronomia da Uniso apresentam produtos inovadores em banca do Projeto Integrador"},"content":{"rendered":"\n<p><em>Atividade realizada em 24 de novembro reuniu seis restaurantes parceiros, familiares e comunidade acad\u00eamica no Apoio 3 do Campus Aldo Vannucci<\/em><\/p>\n\n\n\n<p>Maria Clara Russini (Ag\u00eancia Focas \u2013 Jornalismo Uniso)<\/p>\n\n\n\n<figure class=\"wp-block-image size-large\"><img loading=\"lazy\" decoding=\"async\" width=\"1024\" height=\"768\" src=\"https:\/\/focas.uniso.br\/wp-content\/uploads\/2025\/11\/WhatsApp-Image-2025-11-27-at-09.32.55-1024x768.jpeg\" alt=\"\" class=\"wp-image-4834\" srcset=\"https:\/\/focas.uniso.br\/wp-content\/uploads\/2025\/11\/WhatsApp-Image-2025-11-27-at-09.32.55-1024x768.jpeg 1024w, https:\/\/focas.uniso.br\/wp-content\/uploads\/2025\/11\/WhatsApp-Image-2025-11-27-at-09.32.55-300x225.jpeg 300w, https:\/\/focas.uniso.br\/wp-content\/uploads\/2025\/11\/WhatsApp-Image-2025-11-27-at-09.32.55-768x576.jpeg 768w, https:\/\/focas.uniso.br\/wp-content\/uploads\/2025\/11\/WhatsApp-Image-2025-11-27-at-09.32.55-1536x1152.jpeg 1536w, https:\/\/focas.uniso.br\/wp-content\/uploads\/2025\/11\/WhatsApp-Image-2025-11-27-at-09.32.55.jpeg 1600w\" sizes=\"auto, (max-width: 1024px) 100vw, 1024px\" \/><figcaption class=\"wp-element-caption\">Foto- Maria Clara Russini<\/figcaption><\/figure>\n\n\n\n<p>O curso de Gastronomia da Universidade de Sorocaba (Uniso) realizou, na manh\u00e3 de 24 de novembro, a banca final do Projeto Integrador do semestre, reunindo alunos, familiares e representantes de seis restaurantes parceiros no Apoio 3 do Campus cidade universit\u00e1ria Professor Aldo Vannucci. A atividade marcou o encerramento de um trabalho voltado ao empreendedorismo e \u00e0 consultoria gastron\u00f4mica, no qual os estudantes tiveram o desafio de transformar pratos reais de card\u00e1pios comerciais em produtos adaptados para consumo dom\u00e9stico.<\/p>\n\n\n\n<p>Coordenado pela professora Juliana Tonon Oliveira, bacharel em Hotelaria e docente das disciplinas de Plano de Neg\u00f3cios, Eventos e Projeto&nbsp;Integrador, o projeto buscou aproximar os alunos da realidade do mercado ao propor que cada grupo escolhesse um restaurante parceiro, identificasse um item do card\u00e1pio e desenvolvesse uma vers\u00e3o vend\u00e1vel para o cliente levar para casa com seguran\u00e7a, isto \u00e9, com validade e qualidade mantidas. Entre os exemplos trabalhados, esteve a adapta\u00e7\u00e3o de itens como o tradicional guioza de restaurantes japoneses, pensado para ser congelado e preparado pelo consumidor em casa.<\/p>\n\n\n\n<p>Segundo a professora Juliana, o processo envolveu di\u00e1logo cont\u00ednuo entre estudantes e empresas ao longo de todo o semestre. \u201cO desafio foi pegar um produto real de um restaurante e transform\u00e1-lo em algo vi\u00e1vel para o cliente levar para casa, mantendo seguran\u00e7a sanit\u00e1ria, validade e qualidade. Os alunos trabalharam diretamente com os restaurantes para entender quais produtos tinham potencial de venda e como poderiam ser adaptados. Esse contato profissional foi essencial para a forma\u00e7\u00e3o deles\u201d, destaca.<\/p>\n\n\n\n<p>O desenvolvimento contou tamb\u00e9m com o apoio de docentes de outras \u00e1reas, como Engenharia de Alimentos e disciplinas de diversifica\u00e7\u00e3o gastron\u00f4mica, fortalecendo a constru\u00e7\u00e3o multidisciplinar do projeto. Durante a banca, os representantes das empresas avaliaram os resultados e puderam acompanhar as vers\u00f5es finais dos produtos apresentados pelos grupos.<\/p>\n\n\n\n<p>O evento marcou n\u00e3o apenas o encerramento das atividades do semestre, mas tamb\u00e9m a consolida\u00e7\u00e3o da rela\u00e7\u00e3o entre universidade e mercado gastron\u00f4mico. Para al\u00e9m das avalia\u00e7\u00f5es, a manh\u00e3 foi uma oportunidade de troca, reconhecimento e valoriza\u00e7\u00e3o do trabalho desenvolvido pelos estudantes ao longo de meses. A banca refor\u00e7ou o potencial da Gastronomia da Uniso em formar profissionais preparados para inovar, empreender e atuar de forma estrat\u00e9gica em um setor cada vez mais&nbsp;competitivo.<\/p>\n\n\n\n<figure class=\"wp-block-gallery has-nested-images columns-default is-cropped wp-block-gallery-1 is-layout-flex wp-block-gallery-is-layout-flex\">\n<figure class=\"wp-block-image size-large\"><img loading=\"lazy\" decoding=\"async\" width=\"1024\" height=\"768\" data-id=\"4833\" src=\"https:\/\/focas.uniso.br\/wp-content\/uploads\/2025\/11\/WhatsApp-Image-2025-11-27-at-09.32.55-1-1024x768.jpeg\" alt=\"\" class=\"wp-image-4833\" srcset=\"https:\/\/focas.uniso.br\/wp-content\/uploads\/2025\/11\/WhatsApp-Image-2025-11-27-at-09.32.55-1-1024x768.jpeg 1024w, https:\/\/focas.uniso.br\/wp-content\/uploads\/2025\/11\/WhatsApp-Image-2025-11-27-at-09.32.55-1-300x225.jpeg 300w, https:\/\/focas.uniso.br\/wp-content\/uploads\/2025\/11\/WhatsApp-Image-2025-11-27-at-09.32.55-1-768x576.jpeg 768w, https:\/\/focas.uniso.br\/wp-content\/uploads\/2025\/11\/WhatsApp-Image-2025-11-27-at-09.32.55-1-1536x1152.jpeg 1536w, https:\/\/focas.uniso.br\/wp-content\/uploads\/2025\/11\/WhatsApp-Image-2025-11-27-at-09.32.55-1.jpeg 1600w\" sizes=\"auto, (max-width: 1024px) 100vw, 1024px\" \/><figcaption class=\"wp-element-caption\">Foto- Maria Clara Russini<\/figcaption><\/figure>\n\n\n\n<figure class=\"wp-block-image size-large\"><img loading=\"lazy\" decoding=\"async\" width=\"1024\" height=\"768\" data-id=\"4832\" src=\"https:\/\/focas.uniso.br\/wp-content\/uploads\/2025\/11\/WhatsApp-Image-2025-11-27-at-09.32.55-2-1024x768.jpeg\" alt=\"\" class=\"wp-image-4832\" srcset=\"https:\/\/focas.uniso.br\/wp-content\/uploads\/2025\/11\/WhatsApp-Image-2025-11-27-at-09.32.55-2-1024x768.jpeg 1024w, https:\/\/focas.uniso.br\/wp-content\/uploads\/2025\/11\/WhatsApp-Image-2025-11-27-at-09.32.55-2-300x225.jpeg 300w, https:\/\/focas.uniso.br\/wp-content\/uploads\/2025\/11\/WhatsApp-Image-2025-11-27-at-09.32.55-2-768x576.jpeg 768w, https:\/\/focas.uniso.br\/wp-content\/uploads\/2025\/11\/WhatsApp-Image-2025-11-27-at-09.32.55-2-1536x1152.jpeg 1536w, https:\/\/focas.uniso.br\/wp-content\/uploads\/2025\/11\/WhatsApp-Image-2025-11-27-at-09.32.55-2.jpeg 1600w\" sizes=\"auto, (max-width: 1024px) 100vw, 1024px\" \/><figcaption class=\"wp-element-caption\">Foto- Maria Clara Russini<\/figcaption><\/figure>\n\n\n\n<figure class=\"wp-block-image size-large\"><img loading=\"lazy\" decoding=\"async\" width=\"1024\" height=\"749\" data-id=\"4835\" src=\"https:\/\/focas.uniso.br\/wp-content\/uploads\/2025\/11\/WhatsApp-Image-2025-11-27-at-10.36.30-1024x749.jpeg\" alt=\"\" class=\"wp-image-4835\" srcset=\"https:\/\/focas.uniso.br\/wp-content\/uploads\/2025\/11\/WhatsApp-Image-2025-11-27-at-10.36.30-1024x749.jpeg 1024w, https:\/\/focas.uniso.br\/wp-content\/uploads\/2025\/11\/WhatsApp-Image-2025-11-27-at-10.36.30-300x219.jpeg 300w, https:\/\/focas.uniso.br\/wp-content\/uploads\/2025\/11\/WhatsApp-Image-2025-11-27-at-10.36.30-768x562.jpeg 768w, https:\/\/focas.uniso.br\/wp-content\/uploads\/2025\/11\/WhatsApp-Image-2025-11-27-at-10.36.30.jpeg 1170w\" sizes=\"auto, (max-width: 1024px) 100vw, 1024px\" \/><figcaption class=\"wp-element-caption\">Foto- Maria Clara Russini<\/figcaption><\/figure>\n<\/figure>\n","protected":false},"excerpt":{"rendered":"<p>Atividade realizada em 24 de novembro reuniu seis restaurantes parceiros, familiares e comunidade acad\u00eamica no Apoio 3 do Campus Aldo<\/p>\n","protected":false},"author":1,"featured_media":0,"comment_status":"open","ping_status":"open","sticky":false,"template":"","format":"standard","meta":{"colormag_page_container_layout":"default_layout","colormag_page_sidebar_layout":"default_layout","footnotes":""},"categories":[15,9,37,14],"tags":[30,41,29,28],"class_list":["post-4831","post","type-post","status-publish","format-standard","hentry","category-jornalismo","category-jornalismo-online","category-sorocaba","category-uniso","tag-focas","tag-focas-na-rede","tag-jornalismo","tag-uniso"],"featured_image_urls":{"full":"","thumbnail":"","medium":"","medium_large":"","large":"","1536x1536":"","2048x2048":"","colormag-highlighted-post":"","colormag-featured-post-medium":"","colormag-featured-post-small":"","colormag-featured-image":"","colormag-default-news":"","colormag-featured-image-large":""},"author_info":{"info":["focas"]},"category_info":"<a href=\"https:\/\/focas.uniso.br\/index.php\/category\/jornalismo\/\" rel=\"category tag\">Jornalismo<\/a> <a href=\"https:\/\/focas.uniso.br\/index.php\/category\/jornalismo-online\/\" rel=\"category tag\">jornalismo online<\/a> <a href=\"https:\/\/focas.uniso.br\/index.php\/category\/sorocaba\/\" rel=\"category tag\">Sorocaba<\/a> <a href=\"https:\/\/focas.uniso.br\/index.php\/category\/uniso\/\" rel=\"category tag\">Uniso<\/a>","tag_info":"Uniso","comment_count":"0","_links":{"self":[{"href":"https:\/\/focas.uniso.br\/index.php\/wp-json\/wp\/v2\/posts\/4831","targetHints":{"allow":["GET"]}}],"collection":[{"href":"https:\/\/focas.uniso.br\/index.php\/wp-json\/wp\/v2\/posts"}],"about":[{"href":"https:\/\/focas.uniso.br\/index.php\/wp-json\/wp\/v2\/types\/post"}],"author":[{"embeddable":true,"href":"https:\/\/focas.uniso.br\/index.php\/wp-json\/wp\/v2\/users\/1"}],"replies":[{"embeddable":true,"href":"https:\/\/focas.uniso.br\/index.php\/wp-json\/wp\/v2\/comments?post=4831"}],"version-history":[{"count":1,"href":"https:\/\/focas.uniso.br\/index.php\/wp-json\/wp\/v2\/posts\/4831\/revisions"}],"predecessor-version":[{"id":4836,"href":"https:\/\/focas.uniso.br\/index.php\/wp-json\/wp\/v2\/posts\/4831\/revisions\/4836"}],"wp:attachment":[{"href":"https:\/\/focas.uniso.br\/index.php\/wp-json\/wp\/v2\/media?parent=4831"}],"wp:term":[{"taxonomy":"category","embeddable":true,"href":"https:\/\/focas.uniso.br\/index.php\/wp-json\/wp\/v2\/categories?post=4831"},{"taxonomy":"post_tag","embeddable":true,"href":"https:\/\/focas.uniso.br\/index.php\/wp-json\/wp\/v2\/tags?post=4831"}],"curies":[{"name":"wp","href":"https:\/\/api.w.org\/{rel}","templated":true}]}}