{"id":4889,"date":"2025-12-04T08:51:46","date_gmt":"2025-12-04T11:51:46","guid":{"rendered":"https:\/\/focas.uniso.br\/?p=4889"},"modified":"2025-12-04T08:51:46","modified_gmt":"2025-12-04T11:51:46","slug":"curly-bob-cabeleireiro-revela-detalhes-do-corte-cacheado-viral-feito-em-bella-campos-para-vale-tudo","status":"publish","type":"post","link":"https:\/\/focas.uniso.br\/index.php\/2025\/12\/04\/curly-bob-cabeleireiro-revela-detalhes-do-corte-cacheado-viral-feito-em-bella-campos-para-vale-tudo\/","title":{"rendered":"Curly Bob: cabeleireiro revela detalhes do corte cacheado viral feito em Bella Campos para \u2018Vale Tudo\u2019"},"content":{"rendered":"\n<p><em>Caio Costa, cabeleireiro h\u00e1 22 anos e respons\u00e1vel pelo corte, fala sobre o estilo \u201ccurly bob\u201d que conquistou o gosto das brasileiras, ap\u00f3s a atriz mostrar a rotina de cuidados com o cabelo.<\/em><\/p>\n\n\n\n<p>Por P\u00e2mela Beker Gomes de Siqueira (Ag\u00eancia Focas \u2013 Jornalismo Uniso)<\/p>\n\n\n\n<figure class=\"wp-block-image size-full\"><img loading=\"lazy\" decoding=\"async\" width=\"273\" height=\"383\" src=\"https:\/\/focas.uniso.br\/wp-content\/uploads\/2025\/12\/Captura-de-tela-2025-12-03-232901.png\" alt=\"\" class=\"wp-image-4890\" srcset=\"https:\/\/focas.uniso.br\/wp-content\/uploads\/2025\/12\/Captura-de-tela-2025-12-03-232901.png 273w, https:\/\/focas.uniso.br\/wp-content\/uploads\/2025\/12\/Captura-de-tela-2025-12-03-232901-214x300.png 214w\" sizes=\"auto, (max-width: 273px) 100vw, 273px\" \/><figcaption class=\"wp-element-caption\">O cabeleireiro Caio Costa contou sobre a sua participa\u00e7\u00e3o na produ\u00e7\u00e3o do corte de cabelo da atriz Bella Campos para a personagem da novela \u201cVale Tudo\u201d  | Arquivo pessoal\/Caio Costa<\/figcaption><\/figure>\n\n\n\n<p>Um corte conquistou a cabe\u00e7a de diversas mulheres com cabelos cacheados no Brasil, ap\u00f3s ser usado pela atriz e modelo Bella Campos, de 27 anos, para interpretar a personagem Maria de F\u00e1tima, na novela \u201cVale Tudo\u201d. O cabeleireiro respons\u00e1vel pelo corte, Caio Costa, de 39 anos, natural de Campinas (SP) e morador do Rio de Janeiro (RJ), revelou alguns detalhes sobre o estilo e deu algumas informa\u00e7\u00f5es sobre os cuidados de cabelo com curvatura.<\/p>\n\n\n\n<p>Atrav\u00e9s do seu perfil nas redes sociais, Bella compartilhou diversas dicas de cremes usados, t\u00e9cnicas de defini\u00e7\u00e3o e sobre o momento de adapta\u00e7\u00e3o ao corte. Os conte\u00fados geraram brilho nos olhos das seguidoras, e esse desejo avan\u00e7ou para a cadeira de diversos sal\u00f5es de beleza pelo pa\u00eds. O estilo \u201ccurly bob\u201d costumava ser pouco usado para corte de cabelo com curvatura, mas esse padr\u00e3o pode ter mudado.<\/p>\n\n\n\n<p>Caio compartilhou que, no fundo, todo artista quer ver sua obra sendo aceita pelo p\u00fablico. Para ele, uma crian\u00e7a dos anos 80 moldada pela televis\u00e3o, foi uma experi\u00eancia positiva ver seu trabalho sendo aceito e alcan\u00e7ando lugares que n\u00e3o imaginava antes. \u201cNunca, em hip\u00f3tese nenhuma, pude imaginar que um trabalho meu ia alcan\u00e7ar uma magnitude dessa e levantar tantas discuss\u00f5es, como esse cabelo levantou.\u201d<\/p>\n\n\n\n<p>O corte nasceu em setembro de 2024, depois do profissional cuidar do cabelo da Bella Campos, que estava passando por uma transi\u00e7\u00e3o capilar na \u00e9poca. Costa explicou que a atriz estava passando por esse processo, pois em outro estabelecimento haviam usado materiais sujos com produto de alisamento no cabelo dela.<\/p>\n\n\n\n<p>Nesse momento, a atriz era apenas uma mulher lidando com esse novo processo, sem querer optar por uma op\u00e7\u00e3o radical para retirar as pontas alisadas, os dois ainda nem conversavam sobre a novela \u201cVale Tudo\u201d. Em novembro de 2024, Bella procurou o cabeleireiro a convite para que ele fosse o respons\u00e1vel pelo cabelo da personagem Maria de F\u00e1tima. \u201cEu fiquei muito feliz, foi incr\u00edvel\u201d, relembrou.<\/p>\n\n\n\n<p><strong>\u00c9 para todos os tipos de curvaturas<\/strong><\/p>\n\n\n\n<p>Costa considera que por muito tempo os cortes de cabelo curto, como o bob ou o \u201cchanel\u201d, eram usados apenas por pessoas com fios lisos, n\u00e3o parecendo refer\u00eancia para crespos ou cacheados, por exemplo. Dessa forma, quem tivesse cabelo com curvatura n\u00e3o se veria usando esse corte, embora a vontade de usar esses estilos nunca tenha deixado de existir.<\/p>\n\n\n\n<p>\u201cAs crespas sempre quiserem fazer, mas ao mesmo tempo, elas n\u00e3o tinham nenhum tipo de refer\u00eancia para saber como o cabelo se comportava. Eu acho que quando voc\u00ea faz um trabalho para uma novela, atinge uma grande massa, faz com que as pessoas possam se enxergar tamb\u00e9m e ter vontade de fazer esse cabelo\u201d, completou Costa.<\/p>\n\n\n\n<figure class=\"wp-block-image size-full\"><img loading=\"lazy\" decoding=\"async\" width=\"494\" height=\"269\" src=\"https:\/\/focas.uniso.br\/wp-content\/uploads\/2025\/12\/Captura-de-tela-2025-12-03-233111.png\" alt=\"\" class=\"wp-image-4891\" srcset=\"https:\/\/focas.uniso.br\/wp-content\/uploads\/2025\/12\/Captura-de-tela-2025-12-03-233111.png 494w, https:\/\/focas.uniso.br\/wp-content\/uploads\/2025\/12\/Captura-de-tela-2025-12-03-233111-300x163.png 300w\" sizes=\"auto, (max-width: 494px) 100vw, 494px\" \/><figcaption class=\"wp-element-caption\">As curvaturas dos cachos s\u00e3o classificadas por letras e numera\u00e7\u00f5es que diferenciam as curvaturas. O estilo \u00e9 indicado para quem busca volume no cabelo | Arquivo pessoal: J\u00e9ssica Rodrigues<\/figcaption><\/figure>\n\n\n\n<p>Caio citou que outro problema, al\u00e9m da falta de representatividade, enfrentada por pessoas de cabelo com curvatura \u00e9 o preconceito dos olhares para o volume dos fios. Ele explicou que essa sempre foi uma quest\u00e3o enfrentada pelos cacheados, crespos e ondulados, pois era entendido que fios lisos, sem volume ou frizz, eram exemplos de beleza. E que o volume pode ter sido um motivador para o aumento na escolha desse estilo.<\/p>\n\n\n\n<figure class=\"wp-block-image size-full\"><img loading=\"lazy\" decoding=\"async\" width=\"361\" height=\"532\" src=\"https:\/\/focas.uniso.br\/wp-content\/uploads\/2025\/12\/Captura-de-tela-2025-12-03-233313.png\" alt=\"\" class=\"wp-image-4892\" srcset=\"https:\/\/focas.uniso.br\/wp-content\/uploads\/2025\/12\/Captura-de-tela-2025-12-03-233313.png 361w, https:\/\/focas.uniso.br\/wp-content\/uploads\/2025\/12\/Captura-de-tela-2025-12-03-233313-204x300.png 204w\" sizes=\"auto, (max-width: 361px) 100vw, 361px\" \/><figcaption class=\"wp-element-caption\">O cabelo com curvatura requer uma sequ\u00eancia de cuidados necess\u00e1rios de acordo com a sua curvatura | Arquivo pessoal: P\u00e2mela Beker<\/figcaption><\/figure>\n\n\n\n<p>\u201cVoc\u00ea pode se enxergar de uma forma diferente, acho que \u00e9 isso. Acho que o cabelo tem esse poder, de voc\u00ea poder contar uma fase da sua vida com aquele cabelo do momento. Acho que esse \u00e9 o grande motivo, voc\u00ea pode se ver de v\u00e1rias formas durante a vida e marcar o cabelo, como as grandes divas pop fazem, n\u00e9? Tipo, a sua era agora \u00e9 esse cabelo e tudo isso vai mudar o seu comportamento\u201d, referenciou o especialista.<\/p>\n\n\n\n<p>Afinal, o que \u00e9 um cabelo com curvatura? Os cachos de um cabelo s\u00e3o classificados por letras e numera\u00e7\u00f5es que diferenciam suas curvaturas, como: 2B, 2C, 3A, 3B, 3C, 4A, 4B e 4C, abrangendo desde os ondulados at\u00e9 os crespos.<\/p>\n\n\n\n<figure class=\"wp-block-image size-full\"><img loading=\"lazy\" decoding=\"async\" width=\"530\" height=\"412\" src=\"https:\/\/focas.uniso.br\/wp-content\/uploads\/2025\/12\/Captura-de-tela-2025-12-03-233444.png\" alt=\"\" class=\"wp-image-4893\" srcset=\"https:\/\/focas.uniso.br\/wp-content\/uploads\/2025\/12\/Captura-de-tela-2025-12-03-233444.png 530w, https:\/\/focas.uniso.br\/wp-content\/uploads\/2025\/12\/Captura-de-tela-2025-12-03-233444-300x233.png 300w\" sizes=\"auto, (max-width: 530px) 100vw, 530px\" \/><figcaption class=\"wp-element-caption\">Uma das indica\u00e7\u00f5es do cabeleireiro Caio Costa \u00e9 evitar passar a m\u00e3o pelos cachos, para n\u00e3o perder a defini\u00e7\u00e3o e impedir o surgimento de frizz | Arquivo pessoal: P\u00e2mela Beker<\/figcaption><\/figure>\n\n\n\n<p>Os cortes como o \u201ccurly bob\u201d n\u00e3o conseguem mudar a estrutura de um fio de cabelo, e nem perder a defini\u00e7\u00e3o. Costa comentou que n\u00e3o existe uma dificuldade na adapta\u00e7\u00e3o ao estilo, mas sim, em a pessoa se enxergar com o cabelo curto.<\/p>\n\n\n\n<figure class=\"wp-block-image size-full\"><img loading=\"lazy\" decoding=\"async\" width=\"274\" height=\"344\" src=\"https:\/\/focas.uniso.br\/wp-content\/uploads\/2025\/12\/Captura-de-tela-2025-12-03-233937.png\" alt=\"\" class=\"wp-image-4894\" srcset=\"https:\/\/focas.uniso.br\/wp-content\/uploads\/2025\/12\/Captura-de-tela-2025-12-03-233937.png 274w, https:\/\/focas.uniso.br\/wp-content\/uploads\/2025\/12\/Captura-de-tela-2025-12-03-233937-239x300.png 239w\" sizes=\"auto, (max-width: 274px) 100vw, 274px\" \/><figcaption class=\"wp-element-caption\">Bella Campos optou pelo estilo \u201ccurly bob\u201d, que traz volume e defini\u00e7\u00e3o para os cabelos com curvatura | Arquivo pessoal: Caio Costa<\/figcaption><\/figure>\n\n\n\n<p>Para os interessados em optar pelo estilo curtinho, Costa deu uma dica essencial do que n\u00e3o deve ser feito: n\u00e3o passar a m\u00e3o v\u00e1rias vezes pelo cabelo. Assim que finalizar a defini\u00e7\u00e3o e soltar os cachos ou ondas, o indicado \u00e9 evitar o contato repetido com os fios, para n\u00e3o perder o formato e evitar o frizz. \u201cVoc\u00ea pode virar sua vida sem ficar toda hora tocando no cabelo, porque isso desmancha a forma, aumenta o fizz. A\u00ed sim, pode ser que voc\u00ea se sinta desconfort\u00e1vel com o cabelo\u201d, apontou.<\/p>\n\n\n\n<p><strong>Aumento na procura pelo corte curto em cabelos cacheados<\/strong><\/p>\n\n\n\n<figure class=\"wp-block-image size-full\"><img loading=\"lazy\" decoding=\"async\" width=\"289\" height=\"301\" src=\"https:\/\/focas.uniso.br\/wp-content\/uploads\/2025\/12\/Captura-de-tela-2025-12-03-234126.png\" alt=\"\" class=\"wp-image-4895\"\/><figcaption class=\"wp-element-caption\">J\u00e9ssica \u00e9 especialista em cortes para cabelos com curvatura e sentiu um aumento na procura pelo estilo curto | Arquivo pessoal: J\u00e9ssica Rodrigues<\/figcaption><\/figure>\n\n\n\n<p>H\u00e1 15 anos atuando como cabeleireira em Sorocaba (SP), J\u00e9ssica Rodrigues, de 30 anos, relatou que percebeu um aumento na procura por corte curto em pessoas de cabelo cacheado. Por m\u00eas, cerca de dez clientes que sentam nas cadeiras do sal\u00e3o, acabam optando pelo estilo.<\/p>\n\n\n\n<p>J\u00e9ssica explicou que o corte era menos procurado entre os clientes, pois al\u00e9m de ser necess\u00e1rio manter a est\u00e9tica, a pessoa precisa gostar do volume e da leveza que traz para os fios. \u201cMuitas pessoas est\u00e3o ainda descobrindo a pot\u00eancia do seu volume, ent\u00e3o preferem transitar para o curto com mais cautela. Sem d\u00favidas o corte da Maria de F\u00e1tima vem influenciando. Ter em rede nacional um corte curto em cabelo cacheado destrava paradigmas impostos que cabelo cacheado n\u00e3o pode ser curto, uma influ\u00eancia totalmente positiva\u201d, disse a profissional.<\/p>\n\n\n\n<p>O \u201ccurtinho\u201d \u00e9 super indicado para pessoas com cabelo com curvatura, principalmente para aqueles que est\u00e3o passando por um processo de transi\u00e7\u00e3o capilar, comentou J\u00e9ssica. O corte entrega um estilo f\u00e1cil de finaliza\u00e7\u00e3o, tendo uma manuten\u00e7\u00e3o a cada tr\u00eas meses, para manter a beleza.<\/p>\n\n\n\n<p>Para aqueles que ainda n\u00e3o est\u00e3o acostumados com o volume, a cabeleireira indicou experimentar uma finaliza\u00e7\u00e3o com o cabelo mais ou menos \u00famido, para entender o gosto da curvatura no fio. Um bom finalizador e um \u00f3leo capilar s\u00e3o essenciais para manter uma finaliza\u00e7\u00e3o bonita. Para ela, esse \u00e9 um estilo de corte que veio para ficar. \u201cFiquei feliz com a procura pelo corte, \u00e9 muito bonito ver a liberdade das cacheadas, crespas e onduladas. Minha maior orienta\u00e7\u00e3o \u00e9 entender que a curvatura entrega textura, isso ajuda a entender que tem dias em que o cabelo vai estar mais volumoso, com mais frizz. E vai ter dias que vai estar mais polido, ambos s\u00e3o lindos.\u201d<\/p>\n\n\n\n<figure class=\"wp-block-image size-full\"><img loading=\"lazy\" decoding=\"async\" width=\"313\" height=\"313\" src=\"https:\/\/focas.uniso.br\/wp-content\/uploads\/2025\/12\/Captura-de-tela-2025-12-03-234242.png\" alt=\"\" class=\"wp-image-4896\" srcset=\"https:\/\/focas.uniso.br\/wp-content\/uploads\/2025\/12\/Captura-de-tela-2025-12-03-234242.png 313w, https:\/\/focas.uniso.br\/wp-content\/uploads\/2025\/12\/Captura-de-tela-2025-12-03-234242-300x300.png 300w, https:\/\/focas.uniso.br\/wp-content\/uploads\/2025\/12\/Captura-de-tela-2025-12-03-234242-150x150.png 150w\" sizes=\"auto, (max-width: 313px) 100vw, 313px\" \/><figcaption class=\"wp-element-caption\">A cabeleireira explicou que esse \u00e9 o estilo de corte de cabelo para quem busca ter volume nos fios com curvatura | Arquivo pessoal: J\u00e9ssica Rodrigues<\/figcaption><\/figure>\n\n\n\n<p><strong>O curtinho j\u00e1 \u00e9 o favorito h\u00e1 tempos<\/strong><\/p>\n\n\n\n<p>H\u00e1 quatro meses, a psic\u00f3loga de Itapetininga, J\u00falia Domingues, de 24 anos, escolheu o estilo curto, pois passou anos com os fios longos e decidiu buscar uma mudan\u00e7a radical. \u201cMe senti empolgada, estava ansiosa pela mudan\u00e7a, foi uma sensa\u00e7\u00e3o de liberdade.\u201d<\/p>\n\n\n\n<p>Ao cortar, J\u00falia precisou mudar os cuidados com os fios naturais. Ela diminuiu a quantidade de produtos usados para a finaliza\u00e7\u00e3o e o tempo de secagem com o difusor reduziu pela metade. Uma mudan\u00e7a nos fios tamb\u00e9m foi notada, percebeu que ficou mais definido e volumoso, apesar da sua raiz ser lisa.<\/p>\n\n\n\n<p>Para ela, optar por um corte curto tendo um cabelo com curvatura foi mais dif\u00edcil, pois os fios com curvatura n\u00e3o seguem um padr\u00e3o. E que boa parte dos exemplos nesses estilos de corte s\u00e3o mulheres com o cabelo liso ou modelado com fontes de calor.<\/p>\n\n\n\n<p>\u201cMe sinto livre tendo o cabelo natural, pois me traz a possibilidade de demonstrar minha personalidade. O cabelo natural \u00e9 rebelde, ent\u00e3o existem ocasi\u00f5es que ele n\u00e3o me faz completamente feliz e t\u00e1 tudo bem. Acredito que isso est\u00e1 dentro do processo de aceita\u00e7\u00e3o das coisas que n\u00e3o podemos controlar\u201d, brincou J\u00falia.<\/p>\n\n\n\n<p>J\u00e1 o cora\u00e7\u00e3o de Ana Laura de Souza Braz, 21 anos, recepcionista em Itapetininga (SP), foi conquistado pelo estilo curto h\u00e1 seis anos. Quando fez o corte pela primeira vez, Ana sentiu uma sensa\u00e7\u00e3o libertadora. \u201cEu tinha um cabelo extremamente longo e cheio, que chegava pr\u00f3ximo ao final das costas. Quando cortei, senti um al\u00edvio, me identifiquei muito com o corte\u201d, relembrou.<\/p>\n\n\n\n<figure class=\"wp-block-image size-full\"><img loading=\"lazy\" decoding=\"async\" width=\"281\" height=\"405\" src=\"https:\/\/focas.uniso.br\/wp-content\/uploads\/2025\/12\/Captura-de-tela-2025-12-03-234439.png\" alt=\"\" class=\"wp-image-4897\" srcset=\"https:\/\/focas.uniso.br\/wp-content\/uploads\/2025\/12\/Captura-de-tela-2025-12-03-234439.png 281w, https:\/\/focas.uniso.br\/wp-content\/uploads\/2025\/12\/Captura-de-tela-2025-12-03-234439-208x300.png 208w\" sizes=\"auto, (max-width: 281px) 100vw, 281px\" \/><figcaption class=\"wp-element-caption\">H\u00e1 seis anos, Ana escolheu o estilo curto e conseguiu se redescobrir com os fios naturais, se acostumou com o estilo cacheado | Arquivo pessoal: Ana Laura Souza Braz<\/figcaption><\/figure>\n\n\n\n<p>Por muito tempo, Ana viveu com o cabelo \u201cindefinido\u201d. N\u00e3o sabia se ele se encaixava como liso ou cacheado. Depois do corte, ela passou pela transi\u00e7\u00e3o capilar, abandonou a qu\u00edmica capilar e come\u00e7ou a usar produtos do que estava acostumada. Ela sentiu que com o cabelo curto, a curvatura do cacheado definiu mais rapidamente.<\/p>\n\n\n\n<p>\u201cNossa sociedade infelizmente vive sob press\u00e3o est\u00e9tica, \u00e9 sempre bom ter inspira\u00e7\u00f5es diferentes do \u2018b\u00e1sico e padr\u00e3o\u2019. Depois de descobrir a forma de cabelo natural que tenho, e saber cuidar da maneira correta, gosto muito. Ainda fa\u00e7o uso de fontes de calor, mas sem nenhuma qu\u00edmica\u201d, contou Ana.<\/p>\n\n\n\n<figure class=\"wp-block-image size-full\"><img loading=\"lazy\" decoding=\"async\" width=\"530\" height=\"493\" src=\"https:\/\/focas.uniso.br\/wp-content\/uploads\/2025\/12\/Captura-de-tela-2025-12-03-234548.png\" alt=\"\" class=\"wp-image-4898\" srcset=\"https:\/\/focas.uniso.br\/wp-content\/uploads\/2025\/12\/Captura-de-tela-2025-12-03-234548.png 530w, https:\/\/focas.uniso.br\/wp-content\/uploads\/2025\/12\/Captura-de-tela-2025-12-03-234548-300x279.png 300w\" sizes=\"auto, (max-width: 530px) 100vw, 530px\" \/><figcaption class=\"wp-element-caption\">Segundo a profissional de Sorocaba, um bom finalizador e um \u00f3leo capilar s\u00e3o essenciais para manter uma finaliza\u00e7\u00e3o bonita | Arquivo pessoal: P\u00e2mela Beker<\/figcaption><\/figure>\n","protected":false},"excerpt":{"rendered":"<p>Caio Costa, cabeleireiro h\u00e1 22 anos e respons\u00e1vel pelo corte, fala sobre o estilo \u201ccurly bob\u201d que conquistou o gosto<\/p>\n","protected":false},"author":1,"featured_media":0,"comment_status":"open","ping_status":"open","sticky":false,"template":"","format":"standard","meta":{"colormag_page_container_layout":"default_layout","colormag_page_sidebar_layout":"default_layout","footnotes":""},"categories":[15,9,37,14],"tags":[41,29,28],"class_list":["post-4889","post","type-post","status-publish","format-standard","hentry","category-jornalismo","category-jornalismo-online","category-sorocaba","category-uniso","tag-focas-na-rede","tag-jornalismo","tag-uniso"],"featured_image_urls":{"full":"","thumbnail":"","medium":"","medium_large":"","large":"","1536x1536":"","2048x2048":"","colormag-highlighted-post":"","colormag-featured-post-medium":"","colormag-featured-post-small":"","colormag-featured-image":"","colormag-default-news":"","colormag-featured-image-large":""},"author_info":{"info":["focas"]},"category_info":"<a href=\"https:\/\/focas.uniso.br\/index.php\/category\/jornalismo\/\" rel=\"category tag\">Jornalismo<\/a> <a href=\"https:\/\/focas.uniso.br\/index.php\/category\/jornalismo-online\/\" rel=\"category tag\">jornalismo online<\/a> <a href=\"https:\/\/focas.uniso.br\/index.php\/category\/sorocaba\/\" rel=\"category tag\">Sorocaba<\/a> <a href=\"https:\/\/focas.uniso.br\/index.php\/category\/uniso\/\" rel=\"category tag\">Uniso<\/a>","tag_info":"Uniso","comment_count":"0","_links":{"self":[{"href":"https:\/\/focas.uniso.br\/index.php\/wp-json\/wp\/v2\/posts\/4889","targetHints":{"allow":["GET"]}}],"collection":[{"href":"https:\/\/focas.uniso.br\/index.php\/wp-json\/wp\/v2\/posts"}],"about":[{"href":"https:\/\/focas.uniso.br\/index.php\/wp-json\/wp\/v2\/types\/post"}],"author":[{"embeddable":true,"href":"https:\/\/focas.uniso.br\/index.php\/wp-json\/wp\/v2\/users\/1"}],"replies":[{"embeddable":true,"href":"https:\/\/focas.uniso.br\/index.php\/wp-json\/wp\/v2\/comments?post=4889"}],"version-history":[{"count":1,"href":"https:\/\/focas.uniso.br\/index.php\/wp-json\/wp\/v2\/posts\/4889\/revisions"}],"predecessor-version":[{"id":4899,"href":"https:\/\/focas.uniso.br\/index.php\/wp-json\/wp\/v2\/posts\/4889\/revisions\/4899"}],"wp:attachment":[{"href":"https:\/\/focas.uniso.br\/index.php\/wp-json\/wp\/v2\/media?parent=4889"}],"wp:term":[{"taxonomy":"category","embeddable":true,"href":"https:\/\/focas.uniso.br\/index.php\/wp-json\/wp\/v2\/categories?post=4889"},{"taxonomy":"post_tag","embeddable":true,"href":"https:\/\/focas.uniso.br\/index.php\/wp-json\/wp\/v2\/tags?post=4889"}],"curies":[{"name":"wp","href":"https:\/\/api.w.org\/{rel}","templated":true}]}}