{"id":4913,"date":"2025-12-09T09:53:16","date_gmt":"2025-12-09T12:53:16","guid":{"rendered":"https:\/\/focas.uniso.br\/?p=4913"},"modified":"2025-12-09T09:53:16","modified_gmt":"2025-12-09T12:53:16","slug":"nao-me-mate","status":"publish","type":"post","link":"https:\/\/focas.uniso.br\/index.php\/2025\/12\/09\/nao-me-mate\/","title":{"rendered":"N\u00e3o me mate!"},"content":{"rendered":"\n<p>A coluna de hoje abre espa\u00e7o para outra voz. A seguir um trecho do poema \u201cO que nos abala\u201d, de Ademir Barros dos Santos, que dialoga e muito com as manchetes recentes da imprensa brasileira.<\/p>\n\n\n\n<p><br><strong><em>At\u00e9 quando precisarei clamar: parem de nos matar?<\/em><\/strong><\/p>\n\n\n\n<p><em><br>Por que maltratas quem te deu a VIDA?<br>O que te fiz para me olhar como objeto?<br>O fim do amor n\u00e3o pode ter outra sa\u00edda?<br>\u00c9 preciso meu sangue regando o concreto?<br><br><\/em><\/p>\n\n\n\n<p><strong><em>At\u00e9 quando precisarei clamar: parem de nos matar?<br><br><\/em><\/strong><\/p>\n\n\n\n<p><em>Onde foi parar aquele que me conquistou com FLORes em uma MARINA?<br>Que me dizia todos os dias: \u201cte escolhi para ser a m\u00e3e do meu filho\u201d<br>Que apaixonado escreveu no espelho: \u201c\u00e9 voc\u00ea que eu amo CARINA\u201d<br>Que com gentilezas na frente dos amigos enaltecia meu brilho<\/em><\/p>\n\n\n\n<p><strong><em>At\u00e9 quando precisarei clamar: parem de nos matar?<br><br><\/em><\/strong><\/p>\n\n\n\n<p><em>Hoje o que vejo s\u00e3o minhas irm\u00e3s tendo suas vidas devastadas<br>A cada dia \u00e9 uma nova not\u00edcia de um futuro ceifado<br>Casas, fam\u00edlias, filhos e filhas ficando desamparadas<br>E os discursos se repetem: \u201cfiz pelo ci\u00fames que me tem cegado\u201d<\/em><\/p>\n\n\n\n<p><em><br><strong>At\u00e9 quando precisarei clamar: parem de nos matar?<br><br><\/strong><\/em><\/p>\n\n\n\n<p><em>Suas l\u00e1grimas, flores e chocolate n\u00e3o me comovem mais<br>Por muito tempo, cega de amor cedi ao: \u201camor retire o BO\u201d<br>Me arrependo de n\u00e3o ter escutado a amiga que ouvia meus ais<br>Pensei que tinha um companheiro, mas na verdade sempre estive s\u00f3<\/em><\/p>\n\n\n\n<p><strong><em>At\u00e9 quando precisarei clamar: parem de nos matar?<br><br><\/em><\/strong><\/p>\n\n\n\n<p><em>Por vezes pedia \u00e0 Deus: \u201cPai, n\u00e3o aguento mais, porque n\u00e3o me lEVAs\u201d<br>Foram momentos de desespero, na cozinha, no carro e elevador<br>N\u00e3o via caminhos, portas e nem luz para me tirar daquelas trevas<br>Hoje posso conviver com marcas, mas n\u00e3o mais me causas dor<br><br><\/em><\/p>\n\n\n\n<p><strong><em>At\u00e9 quando precisarei clamar: parem de nos matar?<br><br><\/em><\/strong><\/p>\n\n\n\n<p><em>Agrade\u00e7o a minha m\u00e3e, que por minha vida, pediu em roMARIA<br>Al\u00e9m da justi\u00e7a humANA, pela kh\u00e1rmica ser\u00e1s julgado<br>Pois o destino via, quando do meu sofrimento, voc\u00ea sorria<br>E no fogo do inferno n\u00e3o poder\u00e1s dizer: \u201cela me fez culpado\u201d<br><br><strong>At\u00e9 quando precisarei clamar: parem de nos matar?<br><\/strong><br>Somente um levante feminino trar\u00e1 solu\u00e7\u00e3o?<br>O masculino ter\u00e1 que assumir sua miss\u00e3o<br>Para que o feminic\u00eddio n\u00e3o fique s\u00f3 na televis\u00e3o<br>E eu possa parar de gritar: \u201cN\u00e3o me mate mais n\u00e3o\u201d<br><br><strong>At\u00e9 quando precisarei clamar: parem de nos matar?<br><br><\/strong><\/em><\/p>\n\n\n\n<p><em>Ser\u00e1 que s\u00f3 com campanhas isso SARA?<br>Acho que n\u00e3o, pois \u201c<u>s\u00f3 conhece a dor do tiro, quem no peito apara a bala<\/u>\u201d*<\/em><\/p>\n\n\n\n<p>*Poema \u201cO que nos abala\u201d, de Ademir Barros dos Santos, dispon\u00edvel em <a href=\"https:\/\/pordentrodaafrica.com\/artigos\/africa-em-verso-o-que-nos-abala\">https:\/\/pordentrodaafrica.com\/artigos\/africa-em-verso-o-que-nos-abala<\/a><\/p>\n\n\n\n<figure class=\"wp-block-image size-full\"><img loading=\"lazy\" decoding=\"async\" width=\"1024\" height=\"241\" src=\"https:\/\/focas.uniso.br\/wp-content\/uploads\/2025\/12\/Captura-de-tela-2025-12-08-210637.png\" alt=\"\" class=\"wp-image-4915\" srcset=\"https:\/\/focas.uniso.br\/wp-content\/uploads\/2025\/12\/Captura-de-tela-2025-12-08-210637.png 1024w, https:\/\/focas.uniso.br\/wp-content\/uploads\/2025\/12\/Captura-de-tela-2025-12-08-210637-300x71.png 300w, https:\/\/focas.uniso.br\/wp-content\/uploads\/2025\/12\/Captura-de-tela-2025-12-08-210637-768x181.png 768w\" sizes=\"auto, (max-width: 1024px) 100vw, 1024px\" \/><\/figure>\n","protected":false},"excerpt":{"rendered":"<p>A coluna de hoje abre espa\u00e7o para outra voz. A seguir um trecho do poema \u201cO que nos abala\u201d, de<\/p>\n","protected":false},"author":1,"featured_media":4914,"comment_status":"open","ping_status":"open","sticky":false,"template":"","format":"standard","meta":{"colormag_page_container_layout":"default_layout","colormag_page_sidebar_layout":"default_layout","footnotes":""},"categories":[6,57],"tags":[41,29],"class_list":["post-4913","post","type-post","status-publish","format-standard","has-post-thumbnail","hentry","category-coluna","category-focando-em","tag-focas-na-rede","tag-jornalismo"],"featured_image_urls":{"full":["https:\/\/focas.uniso.br\/wp-content\/uploads\/2025\/12\/Captura-de-tela-2025-12-08-210001.png",365,96,false],"thumbnail":["https:\/\/focas.uniso.br\/wp-content\/uploads\/2025\/12\/Captura-de-tela-2025-12-08-210001-150x96.png",150,96,true],"medium":["https:\/\/focas.uniso.br\/wp-content\/uploads\/2025\/12\/Captura-de-tela-2025-12-08-210001-300x79.png",300,79,true],"medium_large":["https:\/\/focas.uniso.br\/wp-content\/uploads\/2025\/12\/Captura-de-tela-2025-12-08-210001.png",365,96,false],"large":["https:\/\/focas.uniso.br\/wp-content\/uploads\/2025\/12\/Captura-de-tela-2025-12-08-210001.png",365,96,false],"1536x1536":["https:\/\/focas.uniso.br\/wp-content\/uploads\/2025\/12\/Captura-de-tela-2025-12-08-210001.png",365,96,false],"2048x2048":["https:\/\/focas.uniso.br\/wp-content\/uploads\/2025\/12\/Captura-de-tela-2025-12-08-210001.png",365,96,false],"colormag-highlighted-post":["https:\/\/focas.uniso.br\/wp-content\/uploads\/2025\/12\/Captura-de-tela-2025-12-08-210001.png",365,96,false],"colormag-featured-post-medium":["https:\/\/focas.uniso.br\/wp-content\/uploads\/2025\/12\/Captura-de-tela-2025-12-08-210001.png",365,96,false],"colormag-featured-post-small":["https:\/\/focas.uniso.br\/wp-content\/uploads\/2025\/12\/Captura-de-tela-2025-12-08-210001-130x90.png",130,90,true],"colormag-featured-image":["https:\/\/focas.uniso.br\/wp-content\/uploads\/2025\/12\/Captura-de-tela-2025-12-08-210001.png",365,96,false],"colormag-default-news":["https:\/\/focas.uniso.br\/wp-content\/uploads\/2025\/12\/Captura-de-tela-2025-12-08-210001-150x96.png",150,96,true],"colormag-featured-image-large":["https:\/\/focas.uniso.br\/wp-content\/uploads\/2025\/12\/Captura-de-tela-2025-12-08-210001.png",365,96,false]},"author_info":{"info":["focas"]},"category_info":"<a href=\"https:\/\/focas.uniso.br\/index.php\/category\/coluna\/\" rel=\"category tag\">Coluna<\/a> <a href=\"https:\/\/focas.uniso.br\/index.php\/category\/focando-em\/\" rel=\"category tag\">Focando em<\/a>","tag_info":"Focando em","comment_count":"0","_links":{"self":[{"href":"https:\/\/focas.uniso.br\/index.php\/wp-json\/wp\/v2\/posts\/4913","targetHints":{"allow":["GET"]}}],"collection":[{"href":"https:\/\/focas.uniso.br\/index.php\/wp-json\/wp\/v2\/posts"}],"about":[{"href":"https:\/\/focas.uniso.br\/index.php\/wp-json\/wp\/v2\/types\/post"}],"author":[{"embeddable":true,"href":"https:\/\/focas.uniso.br\/index.php\/wp-json\/wp\/v2\/users\/1"}],"replies":[{"embeddable":true,"href":"https:\/\/focas.uniso.br\/index.php\/wp-json\/wp\/v2\/comments?post=4913"}],"version-history":[{"count":1,"href":"https:\/\/focas.uniso.br\/index.php\/wp-json\/wp\/v2\/posts\/4913\/revisions"}],"predecessor-version":[{"id":4916,"href":"https:\/\/focas.uniso.br\/index.php\/wp-json\/wp\/v2\/posts\/4913\/revisions\/4916"}],"wp:featuredmedia":[{"embeddable":true,"href":"https:\/\/focas.uniso.br\/index.php\/wp-json\/wp\/v2\/media\/4914"}],"wp:attachment":[{"href":"https:\/\/focas.uniso.br\/index.php\/wp-json\/wp\/v2\/media?parent=4913"}],"wp:term":[{"taxonomy":"category","embeddable":true,"href":"https:\/\/focas.uniso.br\/index.php\/wp-json\/wp\/v2\/categories?post=4913"},{"taxonomy":"post_tag","embeddable":true,"href":"https:\/\/focas.uniso.br\/index.php\/wp-json\/wp\/v2\/tags?post=4913"}],"curies":[{"name":"wp","href":"https:\/\/api.w.org\/{rel}","templated":true}]}}