{"id":4922,"date":"2025-12-10T09:00:04","date_gmt":"2025-12-10T12:00:04","guid":{"rendered":"https:\/\/focas.uniso.br\/?p=4922"},"modified":"2025-12-10T09:00:04","modified_gmt":"2025-12-10T12:00:04","slug":"budismo-candomble-isla-e-umbanda-religioes-que-costuram-a-cidade-fora-do-eixo-catolico-evangelico","status":"publish","type":"post","link":"https:\/\/focas.uniso.br\/index.php\/2025\/12\/10\/budismo-candomble-isla-e-umbanda-religioes-que-costuram-a-cidade-fora-do-eixo-catolico-evangelico\/","title":{"rendered":"Budismo, Candombl\u00e9, Isl\u00e3 e Umbanda; religi\u00f5es que costuram a cidade fora do eixo cat\u00f3lico-evang\u00e9lico"},"content":{"rendered":"\n<p><em>\u201cF\u00e9s que costuram essa Terra\u201d traz uma nova perspectiva das comunidades religiosas que movimentam a cidade de Sorocaba<\/em><\/p>\n\n\n\n<p>Por Ana Torres (Ag\u00eancia Focas \u2013 Jornalismo Uniso)<strong> <\/strong>\u00a0<\/p>\n\n\n\n<p>Quando a espiritualidade preenche, ela cria comunidades movidas pela f\u00e9, acolhimento e partilha. Por vezes, ela faz seu templo em casas, quintais ou sal\u00f5es, pois maior do que a necessidade de arquiteturas imensas, est\u00e1 a vontade de se reunir e conhecer aquilo que os envolve.<\/p>\n\n\n\n<p>Essa sensa\u00e7\u00e3o n\u00e3o \u00e9 exclusiva de uma vertente religiosa, mesmo que o IBGE aponte que h\u00e1 predomin\u00e2ncia de cat\u00f3licos e evang\u00e9licos, que somados chegam a mais de 500 mil pessoas na regi\u00e3o de Sorocaba, a cidade se costura em uma grande diversidade de cren\u00e7as.<\/p>\n\n\n\n<p>Em \u201cF\u00e9s que costuram essa Terra\u201d, trabalho de conclus\u00e3o de curso dos futuros jornalistas Ana Carolina Cirullo Leite, Giovana Santos de Lima, Laura Porto Nacir e Mateus Machado Moraes, s\u00e3o apresentadas de forma po\u00e9tica e delicada quatro comunidades religiosas sorocabanas, estando elas dentro das esferas do budismo, candombl\u00e9, isl\u00e3 e umbanda.<\/p>\n\n\n\n<p>Para a orientadora e professora Mestre em Comunica\u00e7\u00e3o e Cultura pela Universidade de Sorocaba M\u00f4nica Cristina Ribeiro, o resultado do minidocument\u00e1rio foi muito gratificante e o processo de produ\u00e7\u00e3o tamb\u00e9m \u00e9 destacado. \u201cEles eram um grupo muito leve, muito comprometido. O que nos preocupou foi que \u00e9 um assunto muito sens\u00edvel, porque lida com desigualdade e preconceito religioso. Ent\u00e3o, eu acho que eles tiveram muita sensibilidade, muita delicadeza para abordar esse tema que \u00e9 muito importante.\u201d<\/p>\n\n\n\n<p>Esse compromisso, pontuado pela banca, foi evidenciado pela preocupa\u00e7\u00e3o de amarrar a narrativa em um todo desde seu t\u00edtulo. \u201cComo n\u00f3s tratamos apenas sobre Sorocaba, quisemos colocar no nome a tradu\u00e7\u00e3o origin\u00e1ria da cidade, terra rasgada. E com base no que quer\u00edamos trabalhar, que era a quest\u00e3o de empatia, religi\u00f5es, optamos por colocar como as f\u00e9s costuram essa terra. Porque todos eles possuem um la\u00e7o comunit\u00e1rio, consequentemente, se eles possuem esse lado social, ent\u00e3o eles se unem de uma forma que torna a cidade mais emp\u00e1tica e unida\u201d, exp\u00f5e Mateus.<\/p>\n\n\n\n<p>A narrativa foi potencializada pelas personagens cativantes que constroem a hist\u00f3ria dessas comunidades. Uma delas, que esteve presente no evento, foi Neide Aparecida Marciano Vicente, que h\u00e1 58 anos pratica o budismo em sua vida, sendo uma das primeiras pessoas negras, juntamente de sua fam\u00edlia, a praticar a religi\u00e3o em Sorocaba. \u201cPara apresentar o budismo, falar sobre a minha religi\u00e3o, que \u00e9 a Soka Gakkai, \u00e9 muito gratificante. [&#8230;] Voc\u00ea pode ver, n\u00e3o tem an\u00fancio no jornal, na televis\u00e3o, n\u00e3o tem nada. Ent\u00e3o, a nossa propaga\u00e7\u00e3o do budismo da Soka Gakkai, de Nitiren Daishonin \u00e9 atrav\u00e9s de cora\u00e7\u00e3o a cora\u00e7\u00e3o\u201d, fala Neide sobre sua participa\u00e7\u00e3o no document\u00e1rio.<\/p>\n\n\n\n<p>Outra personagem muito importante, presente na exibi\u00e7\u00e3o, \u00e9 a M\u00e3e de Santo Viviane Tavares Ferraz, de 50 anos, que tem h\u00e1 20 anos um terreiro de umbanda. No minidocument\u00e1rio, \u00e9 poss\u00edvel perceber como o trabalho comunit\u00e1rio prestado pelos umbandistas movimenta a comunidade ao redor, principalmente com as crian\u00e7as, com aulas de capoeira e curimba.<\/p>\n\n\n\n<p>Viviane comenta como o trabalho de TCC \u00e9 importante para mostrar a diversidade religiosa e cultural em Sorocaba vinda de diversos lugares: \u201crealmente acho que chegou o tempo de as pessoas entenderem essas diferen\u00e7as para que haja o respeito, [&#8230;] essa diversidade, ela precisa ser ampliada para que a gente se trate com mais igualdade\u201d.<\/p>\n\n\n\n<p>Um trabalho que come\u00e7ou de uma curiosidade ao ver uma igreja cat\u00f3lica e uma mesquita habitando o mesmo espa\u00e7o, floriu no trabalho cheio de delicadeza e poesia, que ao t\u00e9rmino da noite, se viu aplaudido e aprovado.<\/p>\n\n\n\n<figure class=\"wp-block-gallery has-nested-images columns-default is-cropped wp-block-gallery-1 is-layout-flex wp-block-gallery-is-layout-flex\">\n<figure class=\"wp-block-image size-large\"><img loading=\"lazy\" decoding=\"async\" width=\"752\" height=\"498\" data-id=\"4923\" src=\"https:\/\/focas.uniso.br\/wp-content\/uploads\/2025\/12\/Captura-de-tela-2025-12-09-204220.png\" alt=\"\" class=\"wp-image-4923\" srcset=\"https:\/\/focas.uniso.br\/wp-content\/uploads\/2025\/12\/Captura-de-tela-2025-12-09-204220.png 752w, https:\/\/focas.uniso.br\/wp-content\/uploads\/2025\/12\/Captura-de-tela-2025-12-09-204220-300x199.png 300w\" sizes=\"auto, (max-width: 752px) 100vw, 752px\" \/><figcaption class=\"wp-element-caption\">Cr\u00e9ditos:\u00a0Ana\u00a0Torres<\/figcaption><\/figure>\n\n\n\n<figure class=\"wp-block-image size-large\"><img loading=\"lazy\" decoding=\"async\" width=\"790\" height=\"506\" data-id=\"4924\" src=\"https:\/\/focas.uniso.br\/wp-content\/uploads\/2025\/12\/Captura-de-tela-2025-12-09-204242.png\" alt=\"\" class=\"wp-image-4924\" srcset=\"https:\/\/focas.uniso.br\/wp-content\/uploads\/2025\/12\/Captura-de-tela-2025-12-09-204242.png 790w, https:\/\/focas.uniso.br\/wp-content\/uploads\/2025\/12\/Captura-de-tela-2025-12-09-204242-300x192.png 300w, https:\/\/focas.uniso.br\/wp-content\/uploads\/2025\/12\/Captura-de-tela-2025-12-09-204242-768x492.png 768w\" sizes=\"auto, (max-width: 790px) 100vw, 790px\" \/><figcaption class=\"wp-element-caption\">Cr\u00e9ditos:\u00a0Ana\u00a0Torres<\/figcaption><\/figure>\n\n\n\n<figure class=\"wp-block-image size-large\"><img loading=\"lazy\" decoding=\"async\" width=\"859\" height=\"500\" data-id=\"4925\" src=\"https:\/\/focas.uniso.br\/wp-content\/uploads\/2025\/12\/Captura-de-tela-2025-12-09-204256.png\" alt=\"\" class=\"wp-image-4925\" srcset=\"https:\/\/focas.uniso.br\/wp-content\/uploads\/2025\/12\/Captura-de-tela-2025-12-09-204256.png 859w, https:\/\/focas.uniso.br\/wp-content\/uploads\/2025\/12\/Captura-de-tela-2025-12-09-204256-300x175.png 300w, https:\/\/focas.uniso.br\/wp-content\/uploads\/2025\/12\/Captura-de-tela-2025-12-09-204256-768x447.png 768w\" sizes=\"auto, (max-width: 859px) 100vw, 859px\" \/><figcaption class=\"wp-element-caption\">Cr\u00e9ditos:\u00a0Ana\u00a0Torres<\/figcaption><\/figure>\n\n\n\n<figure class=\"wp-block-image size-large\"><img loading=\"lazy\" decoding=\"async\" width=\"758\" height=\"506\" data-id=\"4926\" src=\"https:\/\/focas.uniso.br\/wp-content\/uploads\/2025\/12\/Captura-de-tela-2025-12-09-204313.png\" alt=\"\" class=\"wp-image-4926\" srcset=\"https:\/\/focas.uniso.br\/wp-content\/uploads\/2025\/12\/Captura-de-tela-2025-12-09-204313.png 758w, https:\/\/focas.uniso.br\/wp-content\/uploads\/2025\/12\/Captura-de-tela-2025-12-09-204313-300x200.png 300w\" sizes=\"auto, (max-width: 758px) 100vw, 758px\" \/><figcaption class=\"wp-element-caption\">Cr\u00e9ditos:\u00a0Ana\u00a0Torres<\/figcaption><\/figure>\n\n\n\n<figure class=\"wp-block-image size-large\"><img loading=\"lazy\" decoding=\"async\" width=\"805\" height=\"504\" data-id=\"4927\" src=\"https:\/\/focas.uniso.br\/wp-content\/uploads\/2025\/12\/Captura-de-tela-2025-12-09-204329.png\" alt=\"\" class=\"wp-image-4927\" srcset=\"https:\/\/focas.uniso.br\/wp-content\/uploads\/2025\/12\/Captura-de-tela-2025-12-09-204329.png 805w, https:\/\/focas.uniso.br\/wp-content\/uploads\/2025\/12\/Captura-de-tela-2025-12-09-204329-300x188.png 300w, https:\/\/focas.uniso.br\/wp-content\/uploads\/2025\/12\/Captura-de-tela-2025-12-09-204329-768x481.png 768w\" sizes=\"auto, (max-width: 805px) 100vw, 805px\" \/><figcaption class=\"wp-element-caption\">Cr\u00e9ditos:\u00a0Ana\u00a0Torres<\/figcaption><\/figure>\n\n\n\n<figure class=\"wp-block-image size-large\"><img loading=\"lazy\" decoding=\"async\" width=\"726\" height=\"498\" data-id=\"4928\" src=\"https:\/\/focas.uniso.br\/wp-content\/uploads\/2025\/12\/Captura-de-tela-2025-12-09-204341.png\" alt=\"\" class=\"wp-image-4928\" srcset=\"https:\/\/focas.uniso.br\/wp-content\/uploads\/2025\/12\/Captura-de-tela-2025-12-09-204341.png 726w, https:\/\/focas.uniso.br\/wp-content\/uploads\/2025\/12\/Captura-de-tela-2025-12-09-204341-300x206.png 300w, https:\/\/focas.uniso.br\/wp-content\/uploads\/2025\/12\/Captura-de-tela-2025-12-09-204341-130x90.png 130w\" sizes=\"auto, (max-width: 726px) 100vw, 726px\" \/><figcaption class=\"wp-element-caption\">Cr\u00e9ditos:\u00a0Ana\u00a0Torres<\/figcaption><\/figure>\n\n\n\n<figure class=\"wp-block-image size-large\"><img loading=\"lazy\" decoding=\"async\" width=\"882\" height=\"498\" data-id=\"4929\" src=\"https:\/\/focas.uniso.br\/wp-content\/uploads\/2025\/12\/Captura-de-tela-2025-12-09-204354.png\" alt=\"\" class=\"wp-image-4929\" srcset=\"https:\/\/focas.uniso.br\/wp-content\/uploads\/2025\/12\/Captura-de-tela-2025-12-09-204354.png 882w, https:\/\/focas.uniso.br\/wp-content\/uploads\/2025\/12\/Captura-de-tela-2025-12-09-204354-300x169.png 300w, https:\/\/focas.uniso.br\/wp-content\/uploads\/2025\/12\/Captura-de-tela-2025-12-09-204354-768x434.png 768w\" sizes=\"auto, (max-width: 882px) 100vw, 882px\" \/><figcaption class=\"wp-element-caption\">Cr\u00e9ditos:\u00a0Ana\u00a0Torres<\/figcaption><\/figure>\n\n\n\n<figure class=\"wp-block-image size-large\"><img loading=\"lazy\" decoding=\"async\" width=\"916\" height=\"503\" data-id=\"4931\" src=\"https:\/\/focas.uniso.br\/wp-content\/uploads\/2025\/12\/Captura-de-tela-2025-12-09-204413.png\" alt=\"\" class=\"wp-image-4931\" srcset=\"https:\/\/focas.uniso.br\/wp-content\/uploads\/2025\/12\/Captura-de-tela-2025-12-09-204413.png 916w, https:\/\/focas.uniso.br\/wp-content\/uploads\/2025\/12\/Captura-de-tela-2025-12-09-204413-300x165.png 300w, https:\/\/focas.uniso.br\/wp-content\/uploads\/2025\/12\/Captura-de-tela-2025-12-09-204413-768x422.png 768w\" sizes=\"auto, (max-width: 916px) 100vw, 916px\" \/><figcaption class=\"wp-element-caption\">Cr\u00e9ditos:\u00a0Ana\u00a0Torres<\/figcaption><\/figure>\n\n\n\n<figure class=\"wp-block-image size-large\"><img loading=\"lazy\" decoding=\"async\" width=\"704\" height=\"498\" data-id=\"4932\" src=\"https:\/\/focas.uniso.br\/wp-content\/uploads\/2025\/12\/Captura-de-tela-2025-12-09-204428.png\" alt=\"\" class=\"wp-image-4932\" srcset=\"https:\/\/focas.uniso.br\/wp-content\/uploads\/2025\/12\/Captura-de-tela-2025-12-09-204428.png 704w, https:\/\/focas.uniso.br\/wp-content\/uploads\/2025\/12\/Captura-de-tela-2025-12-09-204428-300x212.png 300w\" sizes=\"auto, (max-width: 704px) 100vw, 704px\" \/><figcaption class=\"wp-element-caption\">Cr\u00e9ditos:\u00a0Ana\u00a0Torres<\/figcaption><\/figure>\n<\/figure>\n","protected":false},"excerpt":{"rendered":"<p>\u201cF\u00e9s que costuram essa Terra\u201d traz uma nova perspectiva das comunidades religiosas que movimentam a cidade de Sorocaba Por Ana<\/p>\n","protected":false},"author":1,"featured_media":0,"comment_status":"open","ping_status":"open","sticky":false,"template":"","format":"standard","meta":{"colormag_page_container_layout":"default_layout","colormag_page_sidebar_layout":"default_layout","footnotes":""},"categories":[15,9,37,1,14],"tags":[41,29,28],"class_list":["post-4922","post","type-post","status-publish","format-standard","hentry","category-jornalismo","category-jornalismo-online","category-sorocaba","category-uncategorized","category-uniso","tag-focas-na-rede","tag-jornalismo","tag-uniso"],"featured_image_urls":{"full":"","thumbnail":"","medium":"","medium_large":"","large":"","1536x1536":"","2048x2048":"","colormag-highlighted-post":"","colormag-featured-post-medium":"","colormag-featured-post-small":"","colormag-featured-image":"","colormag-default-news":"","colormag-featured-image-large":""},"author_info":{"info":["focas"]},"category_info":"<a href=\"https:\/\/focas.uniso.br\/index.php\/category\/jornalismo\/\" rel=\"category tag\">Jornalismo<\/a> <a href=\"https:\/\/focas.uniso.br\/index.php\/category\/jornalismo-online\/\" rel=\"category tag\">jornalismo online<\/a> <a href=\"https:\/\/focas.uniso.br\/index.php\/category\/sorocaba\/\" rel=\"category tag\">Sorocaba<\/a> <a href=\"https:\/\/focas.uniso.br\/index.php\/category\/uncategorized\/\" rel=\"category tag\">Uncategorized<\/a> <a href=\"https:\/\/focas.uniso.br\/index.php\/category\/uniso\/\" rel=\"category tag\">Uniso<\/a>","tag_info":"Uniso","comment_count":"0","_links":{"self":[{"href":"https:\/\/focas.uniso.br\/index.php\/wp-json\/wp\/v2\/posts\/4922","targetHints":{"allow":["GET"]}}],"collection":[{"href":"https:\/\/focas.uniso.br\/index.php\/wp-json\/wp\/v2\/posts"}],"about":[{"href":"https:\/\/focas.uniso.br\/index.php\/wp-json\/wp\/v2\/types\/post"}],"author":[{"embeddable":true,"href":"https:\/\/focas.uniso.br\/index.php\/wp-json\/wp\/v2\/users\/1"}],"replies":[{"embeddable":true,"href":"https:\/\/focas.uniso.br\/index.php\/wp-json\/wp\/v2\/comments?post=4922"}],"version-history":[{"count":1,"href":"https:\/\/focas.uniso.br\/index.php\/wp-json\/wp\/v2\/posts\/4922\/revisions"}],"predecessor-version":[{"id":4933,"href":"https:\/\/focas.uniso.br\/index.php\/wp-json\/wp\/v2\/posts\/4922\/revisions\/4933"}],"wp:attachment":[{"href":"https:\/\/focas.uniso.br\/index.php\/wp-json\/wp\/v2\/media?parent=4922"}],"wp:term":[{"taxonomy":"category","embeddable":true,"href":"https:\/\/focas.uniso.br\/index.php\/wp-json\/wp\/v2\/categories?post=4922"},{"taxonomy":"post_tag","embeddable":true,"href":"https:\/\/focas.uniso.br\/index.php\/wp-json\/wp\/v2\/tags?post=4922"}],"curies":[{"name":"wp","href":"https:\/\/api.w.org\/{rel}","templated":true}]}}