{"id":4945,"date":"2025-12-11T09:07:33","date_gmt":"2025-12-11T12:07:33","guid":{"rendered":"https:\/\/focas.uniso.br\/?p=4945"},"modified":"2025-12-11T09:07:33","modified_gmt":"2025-12-11T12:07:33","slug":"de-tatui-para-as-redes-jornalista-transforma-paixao-por-comunicacao-em-sucesso-digital","status":"publish","type":"post","link":"https:\/\/focas.uniso.br\/index.php\/2025\/12\/11\/de-tatui-para-as-redes-jornalista-transforma-paixao-por-comunicacao-em-sucesso-digital\/","title":{"rendered":"De Tatu\u00ed para as redes, jornalista transforma paix\u00e3o por comunica\u00e7\u00e3o em sucesso digital"},"content":{"rendered":"\n<p><em>Formado em jornalismo, Alexandre Machado viu nas redes sociais uma oportunidade de continuar comunicando sem sair do interior<\/em><\/p>\n\n\n\n<p>Por: Let\u00edcia Am\u00e9rico Camargo (Ag\u00eancia Focas \u2013 Jornalismo Uniso)<\/p>\n\n\n\n<figure class=\"wp-block-image size-full\"><img loading=\"lazy\" decoding=\"async\" width=\"555\" height=\"275\" src=\"https:\/\/focas.uniso.br\/wp-content\/uploads\/2025\/12\/Captura-de-tela-2025-12-10-164856.png\" alt=\"\" class=\"wp-image-4947\" srcset=\"https:\/\/focas.uniso.br\/wp-content\/uploads\/2025\/12\/Captura-de-tela-2025-12-10-164856.png 555w, https:\/\/focas.uniso.br\/wp-content\/uploads\/2025\/12\/Captura-de-tela-2025-12-10-164856-300x149.png 300w\" sizes=\"auto, (max-width: 555px) 100vw, 555px\" \/><figcaption class=\"wp-element-caption\">O perfil que conta com mais de 35 mil seguidores alcan\u00e7a cerca de 180 mil visualiza\u00e7\u00f5es por m\u00eas, e acumula um total de 25 milh\u00f5es de views, desde que come\u00e7ou | Foto: Reprodu\u00e7\u00e3o Instagram<\/figcaption><\/figure>\n\n\n\n<p>O jornalismo precisou se adaptar ao longo dos anos, para sobreviver n\u00e3o somente ao crescimento da internet, mas \u00e0s novas formas de vivenciar a profiss\u00e3o. Com uma forma\u00e7\u00e3o em comunica\u00e7\u00e3o, \u00e9 poss\u00edvel trabalhar em diversas \u00e1reas e poder explorar a intera\u00e7\u00e3o com o p\u00fablico de in\u00fameras formas. Neste cen\u00e1rio, nasce o perfil \u201cO que Fazer em Tatu\u00ed\u201d, que trata a comunica\u00e7\u00e3o como uma ponte para criar um la\u00e7o de carinho e, principalmente, confian\u00e7a com seu p\u00fablico.<\/p>\n\n\n\n<p>Durante a Pandemia da Covid-19, grande parte da popula\u00e7\u00e3o precisou se reinventar, procurando modos para deixar seu trabalho mais atraente, ou at\u00e9 mesmo, mudar completamente seus planos. Em um desses momentos, surge um perfil no Instagram, voltado para resenhas de restaurantes, na cidade de Tatu\u00ed, interior de S\u00e3o Paulo. Com pouco mais de 100 mil habitantes, a cidade nunca havia experimentado um perfil de informa\u00e7\u00f5es diferenciadas, ainda mais promovendo resenhas de restaurantes.<\/p>\n\n\n\n<p>Alexandre Machado, 32 anos, \u00e9 formado em jornalismo e, atualmente, trabalha com comunica\u00e7\u00e3o e marketing, al\u00e9m de ser digital influencer, se dedicando \u00e0 administra\u00e7\u00e3o da p\u00e1gina na internet. Ele conta que, logo de cara, seu perfil foi bem aceito pelos moradores, que n\u00e3o tinham acesso a um conte\u00fado desse nicho, ou sequer conheciam lugares diferentes dentro do munic\u00edpio. \u201cQuando pesquis\u00e1vamos na internet, um lugar para ir, s\u00f3 encontr\u00e1vamos sites muito antigos, que recomendavam cinco pizzarias por exemplo, e tr\u00eas nem existiam mais, por isso criei esse perfil, pensei em tentar algo diferente e foi um sucesso\u201d, diz.<\/p>\n\n\n\n<p>A discuss\u00e3o sobre a necessidade de se reinventar surge a partir da percep\u00e7\u00e3o de Alexandre sobre o decl\u00ednio da m\u00eddia tradicional e a busca por uma renda maior. O jornalista percebeu que a o tradicionalismo estava perdendo espa\u00e7o com a populariza\u00e7\u00e3o das redes sociais, levando ve\u00edculos grandes e pequenos a se reduzirem, e percebeu que n\u00e3o conseguiria seguir esse caminho morando no interior. Ele refor\u00e7a que n\u00e3o h\u00e1 uma necessidade de reinven\u00e7\u00e3o, mas sim, de readapta\u00e7\u00e3o, criando uma carreira com base nas realidades das m\u00eddias digitais.<\/p>\n\n\n\n<p>\u201cEu enxerguei nas m\u00eddias sociais uma oportunidade de continuar na minha cidade e fazer algum trabalho relevante. Utilizo muito da minha forma\u00e7\u00e3o no meu trabalho, principalmente das aulas de telejornalismo, onde aprendi a escrever um roteiro, gravar e editar, at\u00e9 mesmo aulas como empreendedorismo, que pensava n\u00e3o ser \u00fatil, hoje em dia me ajuda bastante\u201d, comenta.<\/p>\n\n\n\n<p>Apesar de conflitos relacionados a quest\u00f5es financeiras e o engajamento no in\u00edcio de seu perfil, o tamb\u00e9m digital influencer indica alguns conselhos que, segundo ele, ajudam a mitigar esses desafios. Como buscar um nicho diferente, em que n\u00e3o haja tanta concorr\u00eancia de conte\u00fado, buscar inovar e se atualizar constantemente, e sempre manter um conte\u00fado original, com respeito ao espectador.<\/p>\n\n\n\n<p>A trajet\u00f3ria de Alexandre reflete um movimento cada vez mais comum no jornalismo: transformar a necessidade de adapta\u00e7\u00e3o em oportunidade, sem abrir m\u00e3o da ess\u00eancia da comunica\u00e7\u00e3o, que \u00e9 informar, aproximar e inspirar. \u201cDentro da \u00e1rea da comunica\u00e7\u00e3o, consegui encontrar uma coisa que junta o que eu gosto de fazer, o que eu aprendi a fazer na faculdade com o que o p\u00fablico quer consumir\u201d, finaliza.<\/p>\n\n\n\n<p><\/p>\n","protected":false},"excerpt":{"rendered":"<p>Formado em jornalismo, Alexandre Machado viu nas redes sociais uma oportunidade de continuar comunicando sem sair do interior Por: Let\u00edcia<\/p>\n","protected":false},"author":1,"featured_media":0,"comment_status":"open","ping_status":"open","sticky":false,"template":"","format":"standard","meta":{"colormag_page_container_layout":"default_layout","colormag_page_sidebar_layout":"default_layout","footnotes":""},"categories":[15,9,37,14],"tags":[30,41,29,28],"class_list":["post-4945","post","type-post","status-publish","format-standard","hentry","category-jornalismo","category-jornalismo-online","category-sorocaba","category-uniso","tag-focas","tag-focas-na-rede","tag-jornalismo","tag-uniso"],"featured_image_urls":{"full":"","thumbnail":"","medium":"","medium_large":"","large":"","1536x1536":"","2048x2048":"","colormag-highlighted-post":"","colormag-featured-post-medium":"","colormag-featured-post-small":"","colormag-featured-image":"","colormag-default-news":"","colormag-featured-image-large":""},"author_info":{"info":["focas"]},"category_info":"<a href=\"https:\/\/focas.uniso.br\/index.php\/category\/jornalismo\/\" rel=\"category tag\">Jornalismo<\/a> <a href=\"https:\/\/focas.uniso.br\/index.php\/category\/jornalismo-online\/\" rel=\"category tag\">jornalismo online<\/a> <a href=\"https:\/\/focas.uniso.br\/index.php\/category\/sorocaba\/\" rel=\"category tag\">Sorocaba<\/a> <a href=\"https:\/\/focas.uniso.br\/index.php\/category\/uniso\/\" rel=\"category tag\">Uniso<\/a>","tag_info":"Uniso","comment_count":"0","_links":{"self":[{"href":"https:\/\/focas.uniso.br\/index.php\/wp-json\/wp\/v2\/posts\/4945","targetHints":{"allow":["GET"]}}],"collection":[{"href":"https:\/\/focas.uniso.br\/index.php\/wp-json\/wp\/v2\/posts"}],"about":[{"href":"https:\/\/focas.uniso.br\/index.php\/wp-json\/wp\/v2\/types\/post"}],"author":[{"embeddable":true,"href":"https:\/\/focas.uniso.br\/index.php\/wp-json\/wp\/v2\/users\/1"}],"replies":[{"embeddable":true,"href":"https:\/\/focas.uniso.br\/index.php\/wp-json\/wp\/v2\/comments?post=4945"}],"version-history":[{"count":2,"href":"https:\/\/focas.uniso.br\/index.php\/wp-json\/wp\/v2\/posts\/4945\/revisions"}],"predecessor-version":[{"id":4949,"href":"https:\/\/focas.uniso.br\/index.php\/wp-json\/wp\/v2\/posts\/4945\/revisions\/4949"}],"wp:attachment":[{"href":"https:\/\/focas.uniso.br\/index.php\/wp-json\/wp\/v2\/media?parent=4945"}],"wp:term":[{"taxonomy":"category","embeddable":true,"href":"https:\/\/focas.uniso.br\/index.php\/wp-json\/wp\/v2\/categories?post=4945"},{"taxonomy":"post_tag","embeddable":true,"href":"https:\/\/focas.uniso.br\/index.php\/wp-json\/wp\/v2\/tags?post=4945"}],"curies":[{"name":"wp","href":"https:\/\/api.w.org\/{rel}","templated":true}]}}