{"id":4950,"date":"2025-12-10T19:03:17","date_gmt":"2025-12-10T22:03:17","guid":{"rendered":"https:\/\/focas.uniso.br\/?p=4950"},"modified":"2025-12-10T19:03:17","modified_gmt":"2025-12-10T22:03:17","slug":"mais-um-dezembro-sem-clarice-lispector","status":"publish","type":"post","link":"https:\/\/focas.uniso.br\/index.php\/2025\/12\/10\/mais-um-dezembro-sem-clarice-lispector\/","title":{"rendered":"Mais um dezembro, sem Clarice Lispector"},"content":{"rendered":"\n<p>Por Maria Clara Russini (Ag\u00eancia Focas \u2013 Jornalismo Uniso)<\/p>\n\n\n\n<p>H\u00e1 48 anos, o Brasil sentia o peso de perder uma das vozes mais atemporais da literatura brasileira. Consagrada como sendo um dos maiores nomes da literatura brasileira do s\u00e9culo XX, Clarice Lispector se destacava entre as obras tradicionais, com sua linguagem po\u00e9tica e a capacidade de transformar passagens do cotidiano em um fluxo de consci\u00eancia majestoso. No dia 9 de dezembro de 1977, Clarice partiu em decorr\u00eancia de um c\u00e2ncer no ov\u00e1rio, um dia antes de seu anivers\u00e1rio de 57 anos, deixando um vazio no cora\u00e7\u00e3o de todos aqueles que apreciam a literatura brasileira.<\/p>\n\n\n\n<p>Clarice Lispector nasceu na aldeia de Tchetchelnik, na Ucr\u00e2nia, no dia 10 de dezembro de 1920. Era filha de Pinkouss e Mania Lispector, casal de origem judaica que fugiu de seu pa\u00eds diante da persegui\u00e7\u00e3o aos judeus durante a Guerra Civil Russa.<\/p>\n\n\n\n<p>Ao chegarem ao Brasil, fixaram resid\u00eancia em Macei\u00f3, Alagoas, onde morava Zaina, irm\u00e3 de sua m\u00e3e. Clarice tinha apenas dois meses de idade. Por iniciativa de seu pai, todos mudaram o nome. Nascida Haya Pinkhasovna Lispector, passou a se chamar Clarice.<\/p>\n\n\n\n<p>Em 1941, Clarice ingressou na Faculdade Nacional de Direito e empregou-se como redatora da Ag\u00eancia Nacional. Depois, trabalhou no jornal \u201cA Noite\u201d. Em 1943, casou-se com o amigo de turma, Maury Gurgel Valente. Em 1944, formou-se em Direito. S\u00f3 veio a receber o grau de Bacharel em Ci\u00eancias Jur\u00eddicas e Sociais em 1952.<\/p>\n\n\n\n<p>Em 1944, Clarice publicou seu primeiro romance, Perto do Cora\u00e7\u00e3o Selvagem, obra onde \u00e9 explorado desde a inf\u00e2ncia at\u00e9 a vida adulta da protagonista Joana. A narrativa n\u00e3o ocorre de forma linear, alternando entre lembran\u00e7as, pensamentos e situa\u00e7\u00f5es do cotidiano, revelando as d\u00favidas e reflex\u00f5es da personagem. A obra provocou espanto entre diversos cr\u00edticos, por conta de sua escrita que n\u00e3o mantinha o tradicional modelo de come\u00e7o, meio e fim, fundindo prosa e poesia, revelando o estilo que iria cativar os leitores de Clarice.<\/p>\n\n\n\n<p>Em 1959, Clarice se separou do marido e retornou ao Rio de Janeiro, acompanhada de seus dois filhos, e se aventurou no mundo jornal\u00edstico. Logo quando retornou para a cidade, come\u00e7ou a trabalhar no jornal Correio da Manh\u00e3, assumindo a coluna \u201cCorreio Feminino\u201d.<\/p>\n\n\n\n<p>Nesse mesmo ano, ao dormir com um cigarro aceso, Clarice sofreu diversas queimaduras no corpo e em sua m\u00e3o direita, a mesma que usava para escrever. Ap\u00f3s o ocorrido, Clarice passou por diversas cirurgias e se manteve isolada, mas nunca deixou de exercer sua paix\u00e3o: a escrita.<\/p>\n\n\n\n<p>Em 1977, Clarice Lispector escreveu A Hora da Estrela, sua \u00faltima obra publicada em vida, na qual conta a hist\u00f3ria de Macab\u00e9a, uma mo\u00e7a do interior em busca de sobreviv\u00eancia na cidade grande.<\/p>\n\n\n\n<p>A vers\u00e3o cinematogr\u00e1fica desse romance, dirigida por Suzana Amaral em 1985, conquistou os maiores pr\u00eamios do Festival de Cinema de Bras\u00edlia e deu \u00e0 atriz Marc\u00e9lia Cartaxo, que fez o papel principal, o trof\u00e9u Urso de Prata, em Berlim, em 1986.<\/p>\n\n\n\n<p>No mesmo ano ap\u00f3s a publica\u00e7\u00e3o, Clarice faleceu em decorr\u00eancia de um c\u00e2ncer no ov\u00e1rio, um dia antes de seu anivers\u00e1rio no dia 10 de dezembro.<\/p>\n\n\n\n<p>Ao partir, Clarice n\u00e3o deixou apenas suas obras como uma esp\u00e9cie de fonte para usufruirmos; Clarice revolucionou a forma de escrita tradicional e transformou situa\u00e7\u00f5es que a olhos nus poderiam parecer insignificantes, mas que, com a maestria que apenas Lispector tinha, tudo se transformava em poesia e nos revelava que a beleza nasce no dia a dia, e que tudo pode ser extraordin\u00e1rio se voc\u00ea souber olhar com aten\u00e7\u00e3o.<\/p>\n\n\n\n<p>E como j\u00e1 dizia Clarice Lispector: \u201cA palavra \u00e9 meu dom\u00ednio sobre o mundo\u201d. Nesta data memor\u00e1vel, nosso \u00fanico agradecimento \u00e9 pelo privil\u00e9gio de ter encontrado a eternidade no instante, espelhada nas p\u00e1ginas onde a sua alma ainda pulsa, transformando o sil\u00eancio em poesia.<\/p>\n\n\n\n<p><\/p>\n","protected":false},"excerpt":{"rendered":"<p>Por Maria Clara Russini (Ag\u00eancia Focas \u2013 Jornalismo Uniso) H\u00e1 48 anos, o Brasil sentia o peso de perder uma<\/p>\n","protected":false},"author":1,"featured_media":0,"comment_status":"open","ping_status":"open","sticky":false,"template":"","format":"standard","meta":{"colormag_page_container_layout":"default_layout","colormag_page_sidebar_layout":"default_layout","footnotes":""},"categories":[15,9,37,14],"tags":[30,41,29,28],"class_list":["post-4950","post","type-post","status-publish","format-standard","hentry","category-jornalismo","category-jornalismo-online","category-sorocaba","category-uniso","tag-focas","tag-focas-na-rede","tag-jornalismo","tag-uniso"],"featured_image_urls":{"full":"","thumbnail":"","medium":"","medium_large":"","large":"","1536x1536":"","2048x2048":"","colormag-highlighted-post":"","colormag-featured-post-medium":"","colormag-featured-post-small":"","colormag-featured-image":"","colormag-default-news":"","colormag-featured-image-large":""},"author_info":{"info":["focas"]},"category_info":"<a href=\"https:\/\/focas.uniso.br\/index.php\/category\/jornalismo\/\" rel=\"category tag\">Jornalismo<\/a> <a href=\"https:\/\/focas.uniso.br\/index.php\/category\/jornalismo-online\/\" rel=\"category tag\">jornalismo online<\/a> <a href=\"https:\/\/focas.uniso.br\/index.php\/category\/sorocaba\/\" rel=\"category tag\">Sorocaba<\/a> <a href=\"https:\/\/focas.uniso.br\/index.php\/category\/uniso\/\" rel=\"category tag\">Uniso<\/a>","tag_info":"Uniso","comment_count":"0","_links":{"self":[{"href":"https:\/\/focas.uniso.br\/index.php\/wp-json\/wp\/v2\/posts\/4950","targetHints":{"allow":["GET"]}}],"collection":[{"href":"https:\/\/focas.uniso.br\/index.php\/wp-json\/wp\/v2\/posts"}],"about":[{"href":"https:\/\/focas.uniso.br\/index.php\/wp-json\/wp\/v2\/types\/post"}],"author":[{"embeddable":true,"href":"https:\/\/focas.uniso.br\/index.php\/wp-json\/wp\/v2\/users\/1"}],"replies":[{"embeddable":true,"href":"https:\/\/focas.uniso.br\/index.php\/wp-json\/wp\/v2\/comments?post=4950"}],"version-history":[{"count":1,"href":"https:\/\/focas.uniso.br\/index.php\/wp-json\/wp\/v2\/posts\/4950\/revisions"}],"predecessor-version":[{"id":4951,"href":"https:\/\/focas.uniso.br\/index.php\/wp-json\/wp\/v2\/posts\/4950\/revisions\/4951"}],"wp:attachment":[{"href":"https:\/\/focas.uniso.br\/index.php\/wp-json\/wp\/v2\/media?parent=4950"}],"wp:term":[{"taxonomy":"category","embeddable":true,"href":"https:\/\/focas.uniso.br\/index.php\/wp-json\/wp\/v2\/categories?post=4950"},{"taxonomy":"post_tag","embeddable":true,"href":"https:\/\/focas.uniso.br\/index.php\/wp-json\/wp\/v2\/tags?post=4950"}],"curies":[{"name":"wp","href":"https:\/\/api.w.org\/{rel}","templated":true}]}}