{"id":500,"date":"2015-10-30T19:20:00","date_gmt":"2015-10-30T19:20:00","guid":{"rendered":"http:\/\/focas.uniso.br\/index.php\/2015\/10\/30\/alunos-de-rp-aprendem-como-criar-um-portfolio\/"},"modified":"2015-10-30T19:20:00","modified_gmt":"2015-10-30T19:20:00","slug":"alunos-de-rp-aprendem-como-criar-um-portfolio","status":"publish","type":"post","link":"https:\/\/focas.uniso.br\/index.php\/2015\/10\/30\/alunos-de-rp-aprendem-como-criar-um-portfolio\/","title":{"rendered":"Alunos de RP aprendem como criar um portf\u00f3lio"},"content":{"rendered":"<div style=\"background-color: white; color: #141823; font-family: helvetica, arial, sans-serif; font-size: 14px; line-height: 19.32px; margin-bottom: 6px; text-align: justify;\"><a href=\"https:\/\/fbcdn-sphotos-a-a.akamaihd.net\/hphotos-ak-xfl1\/t31.0-8\/12182538_878116168943897_8981188010745464863_o.jpg\" style=\"clear: left; float: left; margin-bottom: 1em; margin-right: 1em;\"><img loading=\"lazy\" decoding=\"async\" border=\"0\" height=\"266\" src=\"https:\/\/fbcdn-sphotos-a-a.akamaihd.net\/hphotos-ak-xfl1\/t31.0-8\/12182538_878116168943897_8981188010745464863_o.jpg\" width=\"400\" \/><\/a><span style=\"line-height: 19.32px;\">Construir um bom um bom portf\u00f3lio pode ser considerado um problema para muitos profissionais que est\u00e3o come\u00e7ando a carreira. Pensando nisso, o curso de Rela\u00e7\u00f5es P\u00fablicas da Universidade de Sorocaba promoveu nesta quinta (29) uma oficina sobre \u201cComo elaborar um portf\u00f3lio\u201d, como parte das atividades da Semana da Comunica\u00e7\u00e3o.<\/span><\/div>\n<div style=\"background-color: white; color: #141823; font-family: helvetica, arial, sans-serif; font-size: 14px; line-height: 19.32px; margin-bottom: 6px; margin-top: 6px; text-align: justify;\">Durante a oficina, Miro Negrini, s\u00f3cio propriet\u00e1rio da Ag\u00eancia ContatoCom e Self Point, mostrou aos alunos d<span style=\"display: inline;\">e RP como montar um bom portf\u00f3lio na pr\u00e1tica. Negrini come\u00e7ou perguntando aos presentes \u201co que \u00e9 um portf\u00f3lio\u201d e atrav\u00e9s das respostas foi explicando o que realmente \u00e9 esse documento e sua import\u00e2ncia no mercado atual.<\/span><\/div>\n<div style=\"background-color: white; color: #141823; display: inline; font-family: helvetica, arial, sans-serif; font-size: 14px; line-height: 19.32px;\">\n<div style=\"margin-bottom: 6px; text-align: justify;\">Miro tamb\u00e9m mostrou aos alunos sites que ajudam na organiza\u00e7\u00e3o desse material em plataformas digitais e quais s\u00e3o os tipos de trabalhos que devem ser colocados no portf\u00f3lio.<\/div>\n<div style=\"margin-bottom: 6px; margin-top: 6px; text-align: justify;\">Segundo Negrini, a iniciativa da oficina \u00e9 \u201cmuito significativa para o crescimento profissional do aluno e \u00e9 importante levar essa pr\u00e1tica de mercado para a sala de aula, al\u00e9m de mostrar que a universidade e o curso se preocupam com a carreira dos alunos\u201d.<\/div>\n<div style=\"margin-bottom: 6px; margin-top: 6px;\"><\/div>\n<div style=\"text-align: justify;\"><span style=\"line-height: 19.32px;\">A Semana da Comunica\u00e7\u00e3o termina nesta sexta-feira (30) com palestras e oficinas dos cursos de Jornalismo, Publicidade e Propaganda e Rela\u00e7\u00f5es P\u00fablicas. Mais informa\u00e7\u00f5es no site<\/span><span style=\"line-height: 19.32px;\">&nbsp;<\/span><a href=\"http:\/\/l.facebook.com\/l.php?u=http%3A%2F%2Fwww.uniso.br%2F&amp;h=2AQEqPScWAQEZHjEQoqKhJ4VAGoNduRdsC0oi8CqfdWN-eQ&amp;enc=AZOJR46HjIwjPJ90CeDJqxpBxp0LNNzGJMZBFnPNeDBVnWBjAIdaEGnV8jljuJ57AJXjok6byxA0IBfeU-644pm3O0pZe6VrJBT9VNG5GzowUrhsqAGIQoDcvgpn7jbFXbBRTS7Ek3fVHCrsQ22VLd8A3PKMYvi6ViF4K6G0e5GHMajgMDh-ASjZKBoBoGpxY_ZKOX1rks0xyZaJjocwOrrH&amp;s=1\" rel=\"nofollow noopener noreferrer\" style=\"color: #3b5998; cursor: pointer; line-height: 19.32px; text-decoration: none;\" target=\"_blank\">www.uniso.br<\/a><span style=\"line-height: 19.32px;\">.<\/span><\/div>\n<p><\/p>\n<div style=\"text-align: right;\"><span style=\"line-height: 19.32px;\">Texto e Fotos: Juliana Martins, Ag\u00eancia JOR\/Uniso<\/span><\/div>\n<\/div>\n","protected":false},"excerpt":{"rendered":"<p>Construir um bom um bom portf\u00f3lio pode ser considerado um problema para muitos profissionais que est\u00e3o come\u00e7ando a carreira. Pensando<\/p>\n","protected":false},"author":1,"featured_media":0,"comment_status":"open","ping_status":"open","sticky":false,"template":"","format":"standard","meta":{"colormag_page_container_layout":"default_layout","colormag_page_sidebar_layout":"default_layout","footnotes":""},"categories":[1],"tags":[],"class_list":["post-500","post","type-post","status-publish","format-standard","hentry","category-uncategorized"],"featured_image_urls":{"full":"","thumbnail":"","medium":"","medium_large":"","large":"","1536x1536":"","2048x2048":"","colormag-highlighted-post":"","colormag-featured-post-medium":"","colormag-featured-post-small":"","colormag-featured-image":"","colormag-default-news":"","colormag-featured-image-large":""},"author_info":{"info":["focas"]},"category_info":"<a href=\"https:\/\/focas.uniso.br\/index.php\/category\/uncategorized\/\" rel=\"category tag\">Uncategorized<\/a>","tag_info":"Uncategorized","comment_count":"0","_links":{"self":[{"href":"https:\/\/focas.uniso.br\/index.php\/wp-json\/wp\/v2\/posts\/500","targetHints":{"allow":["GET"]}}],"collection":[{"href":"https:\/\/focas.uniso.br\/index.php\/wp-json\/wp\/v2\/posts"}],"about":[{"href":"https:\/\/focas.uniso.br\/index.php\/wp-json\/wp\/v2\/types\/post"}],"author":[{"embeddable":true,"href":"https:\/\/focas.uniso.br\/index.php\/wp-json\/wp\/v2\/users\/1"}],"replies":[{"embeddable":true,"href":"https:\/\/focas.uniso.br\/index.php\/wp-json\/wp\/v2\/comments?post=500"}],"version-history":[{"count":0,"href":"https:\/\/focas.uniso.br\/index.php\/wp-json\/wp\/v2\/posts\/500\/revisions"}],"wp:attachment":[{"href":"https:\/\/focas.uniso.br\/index.php\/wp-json\/wp\/v2\/media?parent=500"}],"wp:term":[{"taxonomy":"category","embeddable":true,"href":"https:\/\/focas.uniso.br\/index.php\/wp-json\/wp\/v2\/categories?post=500"},{"taxonomy":"post_tag","embeddable":true,"href":"https:\/\/focas.uniso.br\/index.php\/wp-json\/wp\/v2\/tags?post=500"}],"curies":[{"name":"wp","href":"https:\/\/api.w.org\/{rel}","templated":true}]}}