{"id":501,"date":"2015-10-30T19:18:00","date_gmt":"2015-10-30T19:18:00","guid":{"rendered":"http:\/\/focas.uniso.br\/index.php\/2015\/10\/30\/13o-midia-fest-movimentou-semana-da-comunicacao-na-uniso\/"},"modified":"2015-10-30T19:18:00","modified_gmt":"2015-10-30T19:18:00","slug":"13o-midia-fest-movimentou-semana-da-comunicacao-na-uniso","status":"publish","type":"post","link":"https:\/\/focas.uniso.br\/index.php\/2015\/10\/30\/13o-midia-fest-movimentou-semana-da-comunicacao-na-uniso\/","title":{"rendered":"13\u00ba M\u00eddia Fest movimentou Semana da Comunica\u00e7\u00e3o na Uniso"},"content":{"rendered":"<div style=\"clear: both; text-align: center;\"><a href=\"https:\/\/scontent-mia1-1.xx.fbcdn.net\/hphotos-xpa1\/t31.0-8\/12184201_878114942277353_6730436918764367776_o.jpg\" style=\"clear: right; float: right; margin-bottom: 1em; margin-left: 1em;\"><img loading=\"lazy\" decoding=\"async\" border=\"0\" height=\"267\" src=\"https:\/\/scontent-mia1-1.xx.fbcdn.net\/hphotos-xpa1\/t31.0-8\/12184201_878114942277353_6730436918764367776_o.jpg\" width=\"400\" \/><\/a><\/div>\n<div style=\"background-color: white; color: #141823; font-family: helvetica, arial, sans-serif; font-size: 14px; line-height: 19.32px; margin-bottom: 6px; text-align: justify;\"><span style=\"line-height: 19.32px;\">Organizada por alunos do 4\u00ba semestre do curso de Publicidade e Propaganda, a 13\u00ba edi\u00e7\u00e3o do M\u00eddia Fest movimentou a Universidade de Sorocaba nesta quinta-feira (29). Como parte da programa\u00e7\u00e3o da Semana da Comunica\u00e7\u00e3o, a atividade aconteceu no Audit\u00f3rio Central, com a participa\u00e7\u00e3o de estudantes e profissionais para discutir sobre a m\u00eddia eletr\u00f4nica nos \u00faltimos 20 anos em Sorocaba e regi\u00e3o.<\/span><\/div>\n<div style=\"background-color: white; color: #141823; font-family: helvetica, arial, sans-serif; font-size: 14px; line-height: 19.32px; margin-bottom: 6px; margin-top: 6px; text-align: justify;\">Como convidados, participaram do<span style=\"display: inline;\">&nbsp;evento o comediante e roteirista, Daniel Murilo; o s\u00f3cio-diretor do Portal Agenda, Leandro Florido; a s\u00f3cia diretora da Hollic Social Media, \u00c9rica Hans e Arlei Seta, executivo de vendas da Tv Tem.<\/span><\/div>\n<div style=\"background-color: white; color: #141823; display: inline; font-family: helvetica, arial, sans-serif; font-size: 14px; line-height: 19.32px;\">\n<div style=\"margin-bottom: 6px; text-align: justify;\">Para Arlei, o evento e a sua proposta s\u00e3o muito relevantes para os alunos. \u201cEssa discuss\u00e3o \u00e9 muito importante para entender o impacto causado pelas m\u00eddias eletr\u00f4nicas no funcionamento de ve\u00edculos de comunica\u00e7\u00e3o regionais, como a TV, r\u00e1dio e jornal e para que os alunos saibam trabalhar com essa caracter\u00edstica do mercado\u201d, comentou.<\/div>\n<div style=\"margin-bottom: 6px; margin-top: 6px; text-align: justify;\">Let\u00edcia Steinert, 21, aluna do curso de PP e uma das organizadoras do evento conta que adquiriu experi\u00eancia durante a realiza\u00e7\u00e3o do M\u00eddia Fest. \u201cPude colocar em pr\u00e1tica o que venho aprendendo no curso, especialmente na disciplina de M\u00eddia, e fiquei bastante satisfeita com o resultado\u201d, diz.<\/div>\n<div style=\"margin-bottom: 6px; margin-top: 6px;\"><\/div>\n<div style=\"text-align: right;\"><span style=\"line-height: 19.32px;\">Texto: Nath\u00e1lia Alberigi, Ag\u00eancia JOR\/Uniso<\/span><\/div>\n<div style=\"text-align: right;\"><span style=\"line-height: 19.32px;\">Fotos: Bruno Machado, Ag\u00eancia JOR\/Uniso<\/span><\/div>\n<\/div>\n","protected":false},"excerpt":{"rendered":"<p>Organizada por alunos do 4\u00ba semestre do curso de Publicidade e Propaganda, a 13\u00ba edi\u00e7\u00e3o do M\u00eddia Fest movimentou a<\/p>\n","protected":false},"author":1,"featured_media":0,"comment_status":"open","ping_status":"open","sticky":false,"template":"","format":"standard","meta":{"colormag_page_container_layout":"default_layout","colormag_page_sidebar_layout":"default_layout","footnotes":""},"categories":[1],"tags":[],"class_list":["post-501","post","type-post","status-publish","format-standard","hentry","category-uncategorized"],"featured_image_urls":{"full":"","thumbnail":"","medium":"","medium_large":"","large":"","1536x1536":"","2048x2048":"","colormag-highlighted-post":"","colormag-featured-post-medium":"","colormag-featured-post-small":"","colormag-featured-image":"","colormag-default-news":"","colormag-featured-image-large":""},"author_info":{"info":["focas"]},"category_info":"<a href=\"https:\/\/focas.uniso.br\/index.php\/category\/uncategorized\/\" rel=\"category tag\">Uncategorized<\/a>","tag_info":"Uncategorized","comment_count":"0","_links":{"self":[{"href":"https:\/\/focas.uniso.br\/index.php\/wp-json\/wp\/v2\/posts\/501","targetHints":{"allow":["GET"]}}],"collection":[{"href":"https:\/\/focas.uniso.br\/index.php\/wp-json\/wp\/v2\/posts"}],"about":[{"href":"https:\/\/focas.uniso.br\/index.php\/wp-json\/wp\/v2\/types\/post"}],"author":[{"embeddable":true,"href":"https:\/\/focas.uniso.br\/index.php\/wp-json\/wp\/v2\/users\/1"}],"replies":[{"embeddable":true,"href":"https:\/\/focas.uniso.br\/index.php\/wp-json\/wp\/v2\/comments?post=501"}],"version-history":[{"count":0,"href":"https:\/\/focas.uniso.br\/index.php\/wp-json\/wp\/v2\/posts\/501\/revisions"}],"wp:attachment":[{"href":"https:\/\/focas.uniso.br\/index.php\/wp-json\/wp\/v2\/media?parent=501"}],"wp:term":[{"taxonomy":"category","embeddable":true,"href":"https:\/\/focas.uniso.br\/index.php\/wp-json\/wp\/v2\/categories?post=501"},{"taxonomy":"post_tag","embeddable":true,"href":"https:\/\/focas.uniso.br\/index.php\/wp-json\/wp\/v2\/tags?post=501"}],"curies":[{"name":"wp","href":"https:\/\/api.w.org\/{rel}","templated":true}]}}