{"id":502,"date":"2015-10-30T16:16:00","date_gmt":"2015-10-30T16:16:00","guid":{"rendered":"http:\/\/focas.uniso.br\/index.php\/2015\/10\/30\/curso-de-jornalismo-tem-oficina-sobre-a-producao-de-videos-no-portal-cruzeiro-do-sul\/"},"modified":"2015-10-30T16:16:00","modified_gmt":"2015-10-30T16:16:00","slug":"curso-de-jornalismo-tem-oficina-sobre-a-producao-de-videos-no-portal-cruzeiro-do-sul","status":"publish","type":"post","link":"https:\/\/focas.uniso.br\/index.php\/2015\/10\/30\/curso-de-jornalismo-tem-oficina-sobre-a-producao-de-videos-no-portal-cruzeiro-do-sul\/","title":{"rendered":"Curso de Jornalismo tem oficina sobre a produ\u00e7\u00e3o de v\u00eddeos no portal Cruzeiro do Sul"},"content":{"rendered":"<div style=\"clear: both; text-align: center;\"><a href=\"https:\/\/scontent-mia1-1.xx.fbcdn.net\/hphotos-xfa1\/t31.0-8\/12186286_878045612284286_677614559915132504_o.jpg\" style=\"clear: right; float: right; margin-bottom: 1em; margin-left: 1em;\"><img loading=\"lazy\" decoding=\"async\" border=\"0\" height=\"214\" src=\"https:\/\/scontent-mia1-1.xx.fbcdn.net\/hphotos-xfa1\/t31.0-8\/12186286_878045612284286_677614559915132504_o.jpg\" width=\"320\" \/><\/a><\/div>\n<div style=\"background-color: white; color: #141823; font-family: helvetica, arial, sans-serif; font-size: 14px; line-height: 19.32px; margin-bottom: 6px; text-align: justify;\"><span style=\"line-height: 19.32px;\">Para a jornalista Simone Sanches, a informa\u00e7\u00e3o est\u00e1 em todos os locais e dispon\u00edvel a qualquer hora e \u00e9 tarefa do jornalista estar atento e preparado para oferec\u00ea-la ao p\u00fablico. Simone atua no jornal Cruzeiro do Sul, onde j\u00e1 foi colunista social e rep\u00f3rter, mas a partir deste ano est\u00e1 envolvida com a produ\u00e7\u00e3o dos v\u00eddeos que s\u00e3o postados no portal. Em uma oficina dedicada aos alunos de Jornali<\/span><span style=\"display: inline; line-height: 19.32px;\">smo da Uniso, nesta quinta-feira (29), ela exp\u00f4s sua rotina e as pr\u00e1ticas desta fun\u00e7\u00e3o.<\/span><\/div>\n<div style=\"background-color: white; color: #141823; display: inline; font-family: helvetica, arial, sans-serif; font-size: 14px; line-height: 19.32px;\">\n<div style=\"margin-bottom: 6px; text-align: justify;\">Al\u00e9m dos meios de comunica\u00e7\u00e3o convencionais que permitem a recep\u00e7\u00e3o da informa\u00e7\u00e3o pelo p\u00fablico, como o jornal impresso, o r\u00e1dio e a televis\u00e3o, segundo a jornalista, com o avan\u00e7o da Internet, os sites e portais informativos e a amplia\u00e7\u00e3o das plataformas digitais, a TV Web se destaca como mais uma ferramenta importante para os jornalistas e para o p\u00fablico.<\/div>\n<div style=\"margin-bottom: 6px; margin-top: 6px; text-align: justify;\">A palestrante apresentou aos alunos todo o processo da TV Web no portal do Cruzeiro<\/div>\n<p>do Sul e compartilhou com os estudantes suas experi\u00eancias nesse meio de informa\u00e7\u00e3o. O procedimento de trabalho exige agilidade e dom\u00ednio de conhecimento t\u00e9cnico, explica Simone, j\u00e1 que os jornalistas t\u00eam que editar, fotografar, gravar os v\u00eddeos para a reda\u00e7\u00e3o, complementando a cobertura jornal\u00edstica. Para ela, essa rotina garante uma certa adrenalina, mas tamb\u00e9m exige a aten\u00e7\u00e3o para que o v\u00eddeo esteja aliado \u00e0 pauta e adequado ao p\u00fablico alvo.<\/p>\n<div style=\"margin-bottom: 6px; margin-top: 6px; text-align: justify;\"><a href=\"https:\/\/fbcdn-sphotos-e-a.akamaihd.net\/hphotos-ak-xta1\/t31.0-8\/12184169_878045608950953_713231763677887142_o.jpg\" style=\"clear: left; float: left; margin-bottom: 1em; margin-right: 1em;\"><img loading=\"lazy\" decoding=\"async\" border=\"0\" height=\"214\" src=\"https:\/\/fbcdn-sphotos-e-a.akamaihd.net\/hphotos-ak-xta1\/t31.0-8\/12184169_878045608950953_713231763677887142_o.jpg\" width=\"320\" \/><\/a>Leonardo Vieira, aluno de Jornalismo, no 4\u00ba per\u00edodo da manh\u00e3, j\u00e1 participou de quatro oficinas durante a Semana da Comunica\u00e7\u00e3o, que termina nesta sexta-feira, dia 30, e considera o tema TV Web importante, j\u00e1 que os jornalistas precisam saber desempenhar v\u00e1rias fun\u00e7\u00f5es. \u201cPrecisa aprender a editar e ter no\u00e7\u00e3o para fazer v\u00eddeos mais curtos, porque t\u00eam mais compartilhamentos, e para ter crescimento no jornal online\u201d, avalia.<\/div>\n<div style=\"margin-bottom: 6px; margin-top: 6px;\"><\/div>\n<div style=\"text-align: right;\"><span style=\"line-height: 19.32px;\">Texto Ag\u00eancia JOR\/Uniso, colaborou Larissa Camargo<\/span><\/div>\n<div style=\"text-align: right;\"><span style=\"line-height: 19.32px;\">Fotos: Larissa Camargo (2\u00ba per\u00edodo JOR\/Uniso)<\/span><\/div>\n<\/div>\n","protected":false},"excerpt":{"rendered":"<p>Para a jornalista Simone Sanches, a informa\u00e7\u00e3o est\u00e1 em todos os locais e dispon\u00edvel a qualquer hora e \u00e9 tarefa<\/p>\n","protected":false},"author":1,"featured_media":0,"comment_status":"open","ping_status":"open","sticky":false,"template":"","format":"standard","meta":{"colormag_page_container_layout":"default_layout","colormag_page_sidebar_layout":"default_layout","footnotes":""},"categories":[1],"tags":[],"class_list":["post-502","post","type-post","status-publish","format-standard","hentry","category-uncategorized"],"featured_image_urls":{"full":"","thumbnail":"","medium":"","medium_large":"","large":"","1536x1536":"","2048x2048":"","colormag-highlighted-post":"","colormag-featured-post-medium":"","colormag-featured-post-small":"","colormag-featured-image":"","colormag-default-news":"","colormag-featured-image-large":""},"author_info":{"info":["focas"]},"category_info":"<a href=\"https:\/\/focas.uniso.br\/index.php\/category\/uncategorized\/\" rel=\"category tag\">Uncategorized<\/a>","tag_info":"Uncategorized","comment_count":"0","_links":{"self":[{"href":"https:\/\/focas.uniso.br\/index.php\/wp-json\/wp\/v2\/posts\/502","targetHints":{"allow":["GET"]}}],"collection":[{"href":"https:\/\/focas.uniso.br\/index.php\/wp-json\/wp\/v2\/posts"}],"about":[{"href":"https:\/\/focas.uniso.br\/index.php\/wp-json\/wp\/v2\/types\/post"}],"author":[{"embeddable":true,"href":"https:\/\/focas.uniso.br\/index.php\/wp-json\/wp\/v2\/users\/1"}],"replies":[{"embeddable":true,"href":"https:\/\/focas.uniso.br\/index.php\/wp-json\/wp\/v2\/comments?post=502"}],"version-history":[{"count":0,"href":"https:\/\/focas.uniso.br\/index.php\/wp-json\/wp\/v2\/posts\/502\/revisions"}],"wp:attachment":[{"href":"https:\/\/focas.uniso.br\/index.php\/wp-json\/wp\/v2\/media?parent=502"}],"wp:term":[{"taxonomy":"category","embeddable":true,"href":"https:\/\/focas.uniso.br\/index.php\/wp-json\/wp\/v2\/categories?post=502"},{"taxonomy":"post_tag","embeddable":true,"href":"https:\/\/focas.uniso.br\/index.php\/wp-json\/wp\/v2\/tags?post=502"}],"curies":[{"name":"wp","href":"https:\/\/api.w.org\/{rel}","templated":true}]}}