{"id":504,"date":"2015-10-30T13:14:00","date_gmt":"2015-10-30T13:14:00","guid":{"rendered":"http:\/\/focas.uniso.br\/index.php\/2015\/10\/30\/alunos-de-publicidade-e-propaganda-promovem-o-midia-fest\/"},"modified":"2015-10-30T13:14:00","modified_gmt":"2015-10-30T13:14:00","slug":"alunos-de-publicidade-e-propaganda-promovem-o-midia-fest","status":"publish","type":"post","link":"https:\/\/focas.uniso.br\/index.php\/2015\/10\/30\/alunos-de-publicidade-e-propaganda-promovem-o-midia-fest\/","title":{"rendered":"Alunos de Publicidade e Propaganda promovem o M\u00eddia Fest"},"content":{"rendered":"<div style=\"background-color: white; color: #141823; font-family: helvetica, arial, sans-serif; font-size: 14px; line-height: 19.32px; margin-bottom: 6px; text-align: justify;\"><a href=\"https:\/\/fbcdn-sphotos-d-a.akamaihd.net\/hphotos-ak-xap1\/v\/t1.0-9\/12105913_877988122290035_8821921957231736640_n.jpg?oh=300226e6b5dcf8dab451be6bc203ae35&amp;oe=56B95A29&amp;__gda__=1455624949_7c15d8385d163e8eb42a310e6a577dbe\" style=\"clear: right; float: right; margin-bottom: 1em; margin-left: 1em;\"><img loading=\"lazy\" decoding=\"async\" border=\"0\" height=\"237\" src=\"https:\/\/fbcdn-sphotos-d-a.akamaihd.net\/hphotos-ak-xap1\/v\/t1.0-9\/12105913_877988122290035_8821921957231736640_n.jpg?oh=300226e6b5dcf8dab451be6bc203ae35&amp;oe=56B95A29&amp;__gda__=1455624949_7c15d8385d163e8eb42a310e6a577dbe\" width=\"320\" \/><\/a><span style=\"line-height: 19.32px;\">O 13\u00ba M\u00eddia Fest teve in\u00edcio na manh\u00e3 desta quinta-feira (29), na Universidade de Sorocaba (Uniso). Os alunos do quarto semestre de Publicidade e Propaganda se reuniram no Audit\u00f3rio Central para mostrar um pouco dos ve\u00edculos de comunica\u00e7\u00e3o utilizando a Publicidade.<\/span><\/div>\n<div style=\"background-color: white; color: #141823; font-family: helvetica, arial, sans-serif; font-size: 14px; line-height: 19.32px; margin-bottom: 6px; margin-top: 6px; text-align: justify;\">Foram montados estandes diversificados de m\u00eddia, como o de m\u00eddia exterior, m\u00eddia alternativa, m\u00eddia impressa, mobile, r\u00e1dio, internet, revista, jornal e cin<span style=\"display: inline;\">ema. \u201cN\u00f3s pensamos em fazer uma coisa diferente, que n\u00e3o fosse ma\u00e7ante. Por isso optamos por algo que fosse divertido e chamasse a aten\u00e7\u00e3o\u201d, comentou a estudante, Ana Paula Soares, 19.<\/span><\/div>\n<div style=\"background-color: white; display: inline;\">\n<div style=\"margin-bottom: 6px;\"><\/div>\n<div style=\"color: #141823; font-family: helvetica, arial, sans-serif; font-size: 14px; line-height: 19.32px; text-align: justify;\"><span style=\"line-height: 19.32px;\">O evento contou com a participa\u00e7\u00e3o da r\u00e1dio Band e da TVR, al\u00e9m de sorteios e um campeonato de dan\u00e7a. \u201cOs estandes ent\u00e3o din\u00e2micos e criativos. Os alunos trouxeram um formato descontra\u00eddo, do perfil que o jovem gosta\u201d, comentou a coordenadora do curso, Neliane Leone. A programa\u00e7\u00e3o do M\u00eddia Fest continuou no per\u00edodo da noite com a participa\u00e7\u00e3o de profissionais que debateram a mudan\u00e7a da m\u00eddia eletr\u00f4nica nos \u00faltimos 20 anos.<\/span><span style=\"line-height: 19.32px;\">&nbsp;<\/span><\/div>\n<div style=\"text-align: justify;\"><span style=\"color: #141823; font-family: helvetica, arial, sans-serif; font-size: 14px; line-height: 19.32px;\"><br \/><\/span><\/div>\n<p><\/p>\n<div style=\"color: #141823; font-family: helvetica, arial, sans-serif; font-size: 14px; line-height: 19.32px; text-align: right;\"><span style=\"line-height: 19.32px;\">Texto: Emilene Garcia, Ag\u00eancia JOR\/Uniso<\/span><\/div>\n<div style=\"color: #141823; font-family: helvetica, arial, sans-serif; font-size: 14px; line-height: 19.32px; text-align: right;\"><span style=\"line-height: 19.32px;\">Fotos: Giulia Vasovino, Ag\u00eancia JOR\/Uniso<\/span><\/div>\n<\/div>\n","protected":false},"excerpt":{"rendered":"<p>O 13\u00ba M\u00eddia Fest teve in\u00edcio na manh\u00e3 desta quinta-feira (29), na Universidade de Sorocaba (Uniso). Os alunos do quarto<\/p>\n","protected":false},"author":1,"featured_media":0,"comment_status":"open","ping_status":"open","sticky":false,"template":"","format":"standard","meta":{"colormag_page_container_layout":"default_layout","colormag_page_sidebar_layout":"default_layout","footnotes":""},"categories":[1],"tags":[],"class_list":["post-504","post","type-post","status-publish","format-standard","hentry","category-uncategorized"],"featured_image_urls":{"full":"","thumbnail":"","medium":"","medium_large":"","large":"","1536x1536":"","2048x2048":"","colormag-highlighted-post":"","colormag-featured-post-medium":"","colormag-featured-post-small":"","colormag-featured-image":"","colormag-default-news":"","colormag-featured-image-large":""},"author_info":{"info":["focas"]},"category_info":"<a href=\"https:\/\/focas.uniso.br\/index.php\/category\/uncategorized\/\" rel=\"category tag\">Uncategorized<\/a>","tag_info":"Uncategorized","comment_count":"0","_links":{"self":[{"href":"https:\/\/focas.uniso.br\/index.php\/wp-json\/wp\/v2\/posts\/504","targetHints":{"allow":["GET"]}}],"collection":[{"href":"https:\/\/focas.uniso.br\/index.php\/wp-json\/wp\/v2\/posts"}],"about":[{"href":"https:\/\/focas.uniso.br\/index.php\/wp-json\/wp\/v2\/types\/post"}],"author":[{"embeddable":true,"href":"https:\/\/focas.uniso.br\/index.php\/wp-json\/wp\/v2\/users\/1"}],"replies":[{"embeddable":true,"href":"https:\/\/focas.uniso.br\/index.php\/wp-json\/wp\/v2\/comments?post=504"}],"version-history":[{"count":0,"href":"https:\/\/focas.uniso.br\/index.php\/wp-json\/wp\/v2\/posts\/504\/revisions"}],"wp:attachment":[{"href":"https:\/\/focas.uniso.br\/index.php\/wp-json\/wp\/v2\/media?parent=504"}],"wp:term":[{"taxonomy":"category","embeddable":true,"href":"https:\/\/focas.uniso.br\/index.php\/wp-json\/wp\/v2\/categories?post=504"},{"taxonomy":"post_tag","embeddable":true,"href":"https:\/\/focas.uniso.br\/index.php\/wp-json\/wp\/v2\/tags?post=504"}],"curies":[{"name":"wp","href":"https:\/\/api.w.org\/{rel}","templated":true}]}}