{"id":5220,"date":"2026-03-09T09:36:49","date_gmt":"2026-03-09T12:36:49","guid":{"rendered":"https:\/\/focas.uniso.br\/?p=5220"},"modified":"2026-04-01T09:23:59","modified_gmt":"2026-04-01T12:23:59","slug":"serie-mes-da-mulher-segunda-feira-literaria-mulheres-em-prosa-e-verso-chega-a-sorocaba-esse-mes","status":"publish","type":"post","link":"https:\/\/focas.uniso.br\/index.php\/2026\/03\/09\/serie-mes-da-mulher-segunda-feira-literaria-mulheres-em-prosa-e-verso-chega-a-sorocaba-esse-mes\/","title":{"rendered":"Segunda Feira Liter\u00e1ria Mulheres em Prosa e Verso chega a Sorocaba esse m\u00eas"},"content":{"rendered":"\n<p><em>[S\u00e9rie M\u00eas das Mulheres]<\/em><\/p>\n\n\n\n<p>Por Ra\u00edssa Rosendo (Ag\u00eancia Focas \u2013 Jornalismo Uniso)<\/p>\n\n\n\n<figure class=\"wp-block-image aligncenter size-large\"><img loading=\"lazy\" decoding=\"async\" width=\"1024\" height=\"650\" src=\"https:\/\/focas.uniso.br\/wp-content\/uploads\/2026\/03\/credito-foguinho-1024x650.jpeg\" alt=\"\" class=\"wp-image-5221\" srcset=\"https:\/\/focas.uniso.br\/wp-content\/uploads\/2026\/03\/credito-foguinho-1024x650.jpeg 1024w, https:\/\/focas.uniso.br\/wp-content\/uploads\/2026\/03\/credito-foguinho-300x191.jpeg 300w, https:\/\/focas.uniso.br\/wp-content\/uploads\/2026\/03\/credito-foguinho-768x488.jpeg 768w, https:\/\/focas.uniso.br\/wp-content\/uploads\/2026\/03\/credito-foguinho.jpeg 1200w\" sizes=\"auto, (max-width: 1024px) 100vw, 1024px\" \/><\/figure>\n\n\n\n<p class=\"has-text-align-center\"><sub>Cr\u00e9dito: Foguinho<\/sub><\/p>\n\n\n\n<p>A 2\u00b0 edi\u00e7\u00e3o da&nbsp;Feira Liter\u00e1ria Mulheres em Prosa e Verso chega a Sorocaba nos dias 28 e 29 de mar\u00e7o. O projeto idealizado pelo Comit\u00ea Popular de Luta Mulheres pela Democracia visa a aprecia\u00e7\u00e3o das produ\u00e7\u00f5es liter\u00e1rias femininas e a valoriza\u00e7\u00e3o dos h\u00e1bitos de consumo cultural atrav\u00e9s da literatura. Com entrada gratuita, o N\u00facleo ETC (Educa\u00e7\u00e3o, Tecnologia e Cultura) UFSCar, localizado na Santa Ros\u00e1lia, recebe escritoras, artistas, editoras independentes e coletivos culturais para uma programa\u00e7\u00e3o diversa com rodas de conversas, debates, apresenta\u00e7\u00f5es art\u00edsticas, oficinas, divulga\u00e7\u00e3o e venda das obras.&nbsp;<\/p>\n\n\n\n<p>Dentro da programa\u00e7\u00e3o, destaca-se a participa\u00e7\u00e3o de Maria Vilani, escritora, fil\u00f3sofa, pedagoga e ativista cultural. Fundadora do CAPS Graja\u00fa (Centro de Artes e Promo\u00e7\u00e3o Social), ativo h\u00e1 mais de 30 anos, autora multig\u00eanero e membra vital\u00edcia da Academia de Letras dos Professores da Cidade de S\u00e3o Paulo \u2013 Maria faz parte&nbsp;da mesa de encerramento da Feira Liter\u00e1ria, trazendo consigo afeto e mudan\u00e7a social, destacando as pot\u00eancias perif\u00e9ricas como polos de criatividade e express\u00e3o humana.&nbsp;<\/p>\n\n\n\n<p>Ariani Teodoro, produtora cultural e respons\u00e1vel pela curadoria da feira, fala sobre a import\u00e2ncia do evento para impulsionar um repert\u00f3rio voltado para a vis\u00e3o feminina. \u201cAinda hoje \u00e9 dif\u00edcil, dentro da escola, dentro da academia, os grandes nomes que ainda perpetuam s\u00e3o dos homens\u201d. Ariani tamb\u00e9m ressalta a feira como ambiente para diversifica\u00e7\u00e3o, onde a amplitude de g\u00eaneros liter\u00e1rios se encontra com um p\u00fablico com vasta gama de personalidades.&nbsp;<\/p>\n\n\n\n<p>Em uma \u00e9poca tomada pela tecnologia, a leitura se torna um modo de resist\u00eancia e quando d\u00e1 visibilidade para as mulheres, abre ainda mais espa\u00e7o para um universo antes silenciado. Um modo de investimento dessa cultura \u00e9 a aprecia\u00e7\u00e3o, entender \u00e1 literatura como um direito e n\u00e3o como um privil\u00e9gio. Desse modo, Ariani faz um convite para a participa\u00e7\u00e3o em seu clube de leitura \u201cAfro Leituras\u201d <a href=\"https:\/\/www.instagram.com\/p\/DVI58h1kTl7\/?img_index=1\">https:\/\/www.instagram.com\/p\/DVI58h1kTl7\/?img_index=1<\/a>, grupo online patrocinado pelo governo do estado de S\u00e3o Paulo, que busca dar maior visibilidade para a literatura preta.&nbsp;<\/p>\n\n\n\n<p>A jornalista e propriet\u00e1ria da Editora Codal, Josy Souza traz um relato sobre sua percep\u00e7\u00e3o em rela\u00e7\u00e3o \u00e0s mudan\u00e7as regionais que a Feira produz: \u201cO incentivo \u00e0 leitura em Sorocaba ainda \u00e9 muito baixo, ent\u00e3o a\u00e7\u00f5es como essa s\u00e3o de extrema import\u00e2ncia, s\u00e3o resist\u00eancia e for\u00e7a. \u00c9 fato que temos muito mais mulheres lendo e escrevendo hoje em dia, mas historicamente houve uma \u00e9poca em que as mulheres n\u00e3o podiam escrever livros. Temos v\u00e1rios exemplos na literatura de mulheres que publicaram livros com nomes masculinos para que pudessem ser validadas na sociedade ou simplesmente aceitas. Uma feira como essa representa o nosso sucesso na conquista do nosso espa\u00e7o.\u201d&nbsp; Josy mostra um caminho que est\u00e1 sendo tra\u00e7ado h\u00e1 s\u00e9culos, mas que ganha um lugar de destaque dentro de mulheres com for\u00e7a para mostrarem suas vozes. Al\u00e9m do aux\u00edlio \u00e0 democratiza\u00e7\u00e3o da cultura, o evento \u00e9 um meio para visibilizar as produ\u00e7\u00f5es liter\u00e1rias em Sorocaba.<\/p>\n\n\n\n<p>O Comit\u00ea Popular de Luta Mulheres pela Democracia reabriu as inscri\u00e7\u00f5es para escritoras interessadas em participar das rodas de conversa e falar mais sobre suas obras, tudo de forma gratuita e podendo ser realizada at\u00e9 o dia 13 de mar\u00e7o, para saber mais acesse o perfil feiraliterariaprosaeverso.<\/p>\n\n\n\n<p><a href=\"https:\/\/www.instagram.com\/feiraliterariaprosaeverso?igsh=MXRsYXN1eWhmMDl0Zw==\">https:\/\/www.instagram.com\/feiraliterariaprosaeverso?igsh=MXRsYXN1eWhmMDl0Zw==<\/a><\/p>\n\n\n\n<p><strong>Confira a programa\u00e7\u00e3o:<\/strong><\/p>\n\n\n\n<p><strong>28 de mar\u00e7o (s\u00e1bado)<\/strong><\/p>\n\n\n\n<p style=\"line-height:1.5\">9h \u2013 Abertura oficial<\/p>\n\n\n\n<p style=\"line-height:1.5\">Coordena\u00e7\u00e3o CPL, Curadoria e colaboradores<\/p>\n\n\n\n<p style=\"line-height:1.5\">9h30 \u2013 Premia\u00e7\u00e3o das vencedoras do \u201cConcurso de Poesia Livre Mulheres em Prosa e Verso\u201d<\/p>\n\n\n\n<p style=\"line-height:1.5\">Coordena\u00e7\u00e3o: membro do CPL e Comiss\u00e3o Avaliadora<\/p>\n\n\n\n<p style=\"line-height:1.5\">10h \u2013 MESA 1<\/p>\n\n\n\n<p style=\"line-height:1.5\">Sorocabanas que inspiram<\/p>\n\n\n\n<p style=\"line-height:1.5\">Roda de conversa com autoras inscritas para apresenta\u00e7\u00e3o das obras comercializadas na feira<\/p>\n\n\n\n<p style=\"line-height:1.5\">Media\u00e7\u00e3o: Josy Souza \u2013 Codal Editora (@editoracodal)<\/p>\n\n\n\n<p style=\"line-height:1.5\">12h \u2013 Almo\u00e7o<\/p>\n\n\n\n<p style=\"line-height:1.5\">13h30 \u2013 MESA 2<\/p>\n\n\n\n<p style=\"line-height:1.5\">Mercado Editorial: Avan\u00e7os Femininos e Inquieta\u00e7\u00f5es<\/p>\n\n\n\n<p style=\"line-height:1.5\">Roda de conversa sobre publica\u00e7\u00f5es e edi\u00e7\u00f5es feitas por mulheres em Sorocaba<\/p>\n\n\n\n<p style=\"line-height:1.5\">Participantes:<\/p>\n\n\n\n<p style=\"line-height:1.5\">\u2022&nbsp;&nbsp;&nbsp;&nbsp;&nbsp;&nbsp;&nbsp;&nbsp;&nbsp; Beatriz Amorim Boccoli \u2013 IFSP<\/p>\n\n\n\n<p style=\"line-height:1.5\">\u2022&nbsp;&nbsp;&nbsp;&nbsp;&nbsp;&nbsp;&nbsp;&nbsp;&nbsp; Alice Cardoso Souza \u2013 IFSP<\/p>\n\n\n\n<p style=\"line-height:1.5\">\u2022&nbsp;&nbsp;&nbsp;&nbsp;&nbsp;&nbsp;&nbsp;&nbsp;&nbsp; Daniela Auad (@daniela.auad) \u2013 Coordenadora do Observat\u00f3rio Mulheres UFSCar e do projeto <\/p>\n\n\n\n<p style=\"line-height:1.5\">\u201cMulheres P\u00fablicas, Mulheres que Publicam\u201d<\/p>\n\n\n\n<p style=\"line-height:1.5\">\u2022&nbsp;&nbsp;&nbsp;&nbsp;&nbsp;&nbsp;&nbsp;&nbsp;&nbsp; Fernanda Ikedo (@fer.ikb) \u2013 Escritora e jornalista<\/p>\n\n\n\n<p style=\"line-height:1.5\">Media\u00e7\u00e3o: Prof\u00aa Viviane Mendon\u00e7a (@viviane_melo_mendonca)<\/p>\n\n\n\n<p style=\"line-height:1.5\">15h \u2013 MESA 3<\/p>\n\n\n\n<p style=\"line-height:1.5\">Movendo o Mundo<\/p>\n\n\n\n<p style=\"line-height:1.5\">Roda de conversa com autoras de Sorocaba sobre suas produ\u00e7\u00f5es<\/p>\n\n\n\n<p style=\"line-height:1.5\">Media\u00e7\u00e3o: Janete Campos (@prof.janetecampos)<\/p>\n\n\n\n<p style=\"line-height:1.5\">16h30 \u2013 Oficina de Zine: Poesia Livre \u2013 Roselaine Cruz (@roselainecruzpoetisa)<\/p>\n\n\n\n<p style=\"line-height:1.5\">16h30 \u2013 Oficina de Escrita Criativa \u2013 D\u00e9bora Brenga (@deborabrenga)<\/p>\n\n\n\n<p style=\"line-height:1.5\">18h \u2013 SLAM \u2013 Sarau com microfone aberto<\/p>\n\n\n\n<p style=\"line-height:1.5\">19h \u2013 Encerramento \u2013 Coordena\u00e7\u00e3o CPL<\/p>\n\n\n\n<p><strong>29 de mar\u00e7o (domingo)<\/strong><\/p>\n\n\n\n<p>9h \u2013 Abertura \u2013 Coordena\u00e7\u00e3o CPL<\/p>\n\n\n\n<p>9h15 \u2013 Conta\u00e7\u00e3o de Hist\u00f3rias: Pretas que Contam com Gabi\u00e1<\/p>\n\n\n\n<p style=\"line-height:0\">10h \u2013 Mesa de Encerramento com Maria Vilani \u2013 Escritora e Fil\u00f3sofa (@casa_do_silencio)<\/p>\n\n\n\n<p style=\"line-height:0\">Media\u00e7\u00e3o: Ariani Teodoro \u2013 Produtora cultural (@ari_entrelinhas)<\/p>\n\n\n\n<p><\/p>\n","protected":false},"excerpt":{"rendered":"<p>[S\u00e9rie M\u00eas das Mulheres] Por Ra\u00edssa Rosendo (Ag\u00eancia Focas \u2013 Jornalismo Uniso) Cr\u00e9dito: Foguinho A 2\u00b0 edi\u00e7\u00e3o da&nbsp;Feira Liter\u00e1ria Mulheres<\/p>\n","protected":false},"author":1,"featured_media":0,"comment_status":"open","ping_status":"open","sticky":false,"template":"","format":"standard","meta":{"colormag_page_container_layout":"default_layout","colormag_page_sidebar_layout":"default_layout","footnotes":""},"categories":[4,15,16,9,7,37,14],"tags":[41,29,28],"class_list":["post-5220","post","type-post","status-publish","format-standard","hentry","category-evento","category-jornalismo","category-jornalismo-digital","category-jornalismo-online","category-reportagens-especiais","category-sorocaba","category-uniso","tag-focas-na-rede","tag-jornalismo","tag-uniso"],"featured_image_urls":{"full":"","thumbnail":"","medium":"","medium_large":"","large":"","1536x1536":"","2048x2048":"","colormag-highlighted-post":"","colormag-featured-post-medium":"","colormag-featured-post-small":"","colormag-featured-image":"","colormag-default-news":"","colormag-featured-image-large":""},"author_info":{"info":["focas"]},"category_info":"<a href=\"https:\/\/focas.uniso.br\/index.php\/category\/evento\/\" rel=\"category tag\">Evento<\/a> <a href=\"https:\/\/focas.uniso.br\/index.php\/category\/jornalismo\/\" rel=\"category tag\">Jornalismo<\/a> <a href=\"https:\/\/focas.uniso.br\/index.php\/category\/jornalismo-digital\/\" rel=\"category tag\">jornalismo digital<\/a> <a href=\"https:\/\/focas.uniso.br\/index.php\/category\/jornalismo-online\/\" rel=\"category tag\">jornalismo online<\/a> <a href=\"https:\/\/focas.uniso.br\/index.php\/category\/reportagens-especiais\/\" rel=\"category tag\">Reportagens Especiais<\/a> <a href=\"https:\/\/focas.uniso.br\/index.php\/category\/sorocaba\/\" rel=\"category tag\">Sorocaba<\/a> <a href=\"https:\/\/focas.uniso.br\/index.php\/category\/uniso\/\" rel=\"category tag\">Uniso<\/a>","tag_info":"Uniso","comment_count":"0","_links":{"self":[{"href":"https:\/\/focas.uniso.br\/index.php\/wp-json\/wp\/v2\/posts\/5220","targetHints":{"allow":["GET"]}}],"collection":[{"href":"https:\/\/focas.uniso.br\/index.php\/wp-json\/wp\/v2\/posts"}],"about":[{"href":"https:\/\/focas.uniso.br\/index.php\/wp-json\/wp\/v2\/types\/post"}],"author":[{"embeddable":true,"href":"https:\/\/focas.uniso.br\/index.php\/wp-json\/wp\/v2\/users\/1"}],"replies":[{"embeddable":true,"href":"https:\/\/focas.uniso.br\/index.php\/wp-json\/wp\/v2\/comments?post=5220"}],"version-history":[{"count":4,"href":"https:\/\/focas.uniso.br\/index.php\/wp-json\/wp\/v2\/posts\/5220\/revisions"}],"predecessor-version":[{"id":5251,"href":"https:\/\/focas.uniso.br\/index.php\/wp-json\/wp\/v2\/posts\/5220\/revisions\/5251"}],"wp:attachment":[{"href":"https:\/\/focas.uniso.br\/index.php\/wp-json\/wp\/v2\/media?parent=5220"}],"wp:term":[{"taxonomy":"category","embeddable":true,"href":"https:\/\/focas.uniso.br\/index.php\/wp-json\/wp\/v2\/categories?post=5220"},{"taxonomy":"post_tag","embeddable":true,"href":"https:\/\/focas.uniso.br\/index.php\/wp-json\/wp\/v2\/tags?post=5220"}],"curies":[{"name":"wp","href":"https:\/\/api.w.org\/{rel}","templated":true}]}}