{"id":5250,"date":"2026-03-12T09:39:35","date_gmt":"2026-03-12T12:39:35","guid":{"rendered":"https:\/\/focas.uniso.br\/?p=5250"},"modified":"2026-04-01T09:25:00","modified_gmt":"2026-04-01T12:25:00","slug":"exposicao-mulheres-empreendedoras-promove-a-forca-e-a-independencia-do-empreendedorismo-feminino-em-sorocaba","status":"publish","type":"post","link":"https:\/\/focas.uniso.br\/index.php\/2026\/03\/12\/exposicao-mulheres-empreendedoras-promove-a-forca-e-a-independencia-do-empreendedorismo-feminino-em-sorocaba\/","title":{"rendered":"Exposi\u00e7\u00e3o Mulheres Empreendedoras promove a for\u00e7a e a independ\u00eancia do empreendedorismo feminino em Sorocaba"},"content":{"rendered":"\n<p><em>[S\u00e9rie M\u00eas da Mulher] Evento organizado pela Secretaria Da Mulher de Sorocaba (SEMUL) direciona oportunidades e amplia o espa\u00e7o das mulheres no mundo empresarial.<\/em><\/p>\n\n\n\n<p>Por Sabrina Alves (Ag\u00eancia Focas \u2013 Jornalismo Uniso)<\/p>\n\n\n\n<figure class=\"wp-block-image aligncenter size-full\"><img loading=\"lazy\" decoding=\"async\" width=\"749\" height=\"498\" src=\"https:\/\/focas.uniso.br\/wp-content\/uploads\/2026\/03\/jpg-12.03.jpg\" alt=\"\" class=\"wp-image-5253\" srcset=\"https:\/\/focas.uniso.br\/wp-content\/uploads\/2026\/03\/jpg-12.03.jpg 749w, https:\/\/focas.uniso.br\/wp-content\/uploads\/2026\/03\/jpg-12.03-300x199.jpg 300w\" sizes=\"auto, (max-width: 749px) 100vw, 749px\" \/><\/figure>\n\n\n\n<p class=\"has-text-align-center\"><sub>Foto: Sabrina Alves<\/sub><\/p>\n\n\n\n<p>A Expo Mulheres Empreendedoras segue pela sua quarta edi\u00e7\u00e3o gerando cada vez mais impacto para as mulheres no mundo dos neg\u00f3cios na cidade de Sorocaba, incentivando o empreendedorismo feminino e auxiliando as mulheres da regi\u00e3o nessa trajet\u00f3ria. Neste s\u00e1bado (7\/3\/26), empreendedoras de v\u00e1rios setores da \u00e1rea dos neg\u00f3cios se reuniram na Pra\u00e7a Coronel Fernando Prestes para celebrar o Dia Da Mulher e tamb\u00e9m promover a pr\u00f3pria especialidade, gerando vendas, criando contatos e, principalmente, inspirando outras sonhadoras a seguir sua independ\u00eancia.<\/p>\n\n\n\n<p>O evento contou com a participa\u00e7\u00e3o de diversas refer\u00eancias profissionais da cidade, que n\u00e3o s\u00f3 colaboraram para a sua realiza\u00e7\u00e3o, como tamb\u00e9m entregaram apoio em incentivo a todas as mulheres presentes e \u00e0s que j\u00e1 passaram por alguma dificuldade financeira ou abuso. Participaram cerca de 75 expositoras de nichos diversificados como confeitaria, artesanato, moda, beleza e presta\u00e7\u00e3o de servi\u00e7os. \u201cN\u00e3o desistam e contem sempre conosco\u201d, diz Ros\u00e2ngela Perecini, Secret\u00e1ria da Secretaria da Mulher de Sorocaba: \u201cpela primeira vez, a cidade de Sorocaba est\u00e1 olhando para a pauta da Mulher\u201d, afirma.<\/p>\n\n\n\n<p>P\u00e9ricles R\u00e9gis, ex-vereador do Centro para crian\u00e7a e Adolescente (CCA) e atual Secret\u00e1rio das Rela\u00e7\u00f5es do Trabalho e qualifica\u00e7\u00e3o profissional, prestou seu apoio ao evento. Al\u00e9m dele, estiveram presentes representantes de entidades da Secret\u00e1ria do Empreendedorismo, da Microempresa e da empresa de pequeno porte (Semepp), do Sebrae Sorocaba e da Associa\u00e7\u00e3o Comercial de Sorocaba (ACSO). A iniciativa tamb\u00e9m trouxe atra\u00e7\u00f5es art\u00edsticas como o grupo de dan\u00e7a Elas no Samba, a Orquestra Locomotiva e a cantora Tereza Baddini.<\/p>\n\n\n\n<figure class=\"wp-block-image aligncenter size-full\"><img loading=\"lazy\" decoding=\"async\" width=\"752\" height=\"501\" src=\"https:\/\/focas.uniso.br\/wp-content\/uploads\/2026\/03\/image-4.jpeg\" alt=\"\" class=\"wp-image-5254\" srcset=\"https:\/\/focas.uniso.br\/wp-content\/uploads\/2026\/03\/image-4.jpeg 752w, https:\/\/focas.uniso.br\/wp-content\/uploads\/2026\/03\/image-4-300x200.jpeg 300w\" sizes=\"auto, (max-width: 752px) 100vw, 752px\" \/><\/figure>\n\n\n\n<p class=\"has-text-align-center\"><sub>Foto: S\u00edntique Klicia<\/sub><\/p>\n\n\n\n<p>O projeto Exposi\u00e7\u00e3o Mulheres Empreendedoras visa incentivar e orientar mulheres em vulnerabilidade financeira, e est\u00e1 ativo na cidade de Sorocaba h\u00e1 um ano, sendo essa sua quarta edi\u00e7\u00e3o. O programa segue entregando apoio e oportunidades, com a ajuda de entidades do ramo empreendedor. As mulheres s\u00e3o direcionadas desde a cria\u00e7\u00e3o da ideia, at\u00e9 a execu\u00e7\u00e3o, facilitando n\u00e3o s\u00f3 o processo, como tamb\u00e9m abrangendo os resultados, mostrando para essas mulheres que o mundo dos neg\u00f3cios \u00e9 completamente poss\u00edvel de ser encarado e liderado, diferente do que muitas acreditam. \u201cA principal dificuldade \u00e9 ser vista, \u00e9 ser escutada e reconhecida [&#8230;] Uma mulher pode olhar para a outra, mas nem sempre os homens admitem que essa mulher sabe o que faz ou entende o que est\u00e1 fazendo\u201d, diz Mayara Alves Lima Toti, 35 anos, empres\u00e1ria no ramo de materiais e acess\u00f3rios femininos. \u201cA Expo \u00e9 uma ferramenta de economia e liberdade financeira, para aquela que \u00e9 m\u00e3e, que n\u00e3o tem condi\u00e7\u00f5es ou que passa por alguma viol\u00eancia\u201d, declara Ana Carolina Costa, 48 anos, Chefe de cess\u00e3o de igualdade a Secret\u00e1ria da Mulher de Sorocaba.<\/p>\n\n\n\n<p>Esse \u00e9 um dos projetos criados pela Secretaria da Mulher, \u00f3rg\u00e3o que se dedica \u00e0 resist\u00eancia e ao protagonismo feminino no munic\u00edpio. Para participar, \u00e9 necess\u00e1rio ficar atenta aos editais que s\u00e3o publicados no Instagram da Prefeitura de Sorocaba (@prefeituradesorocaba) ou no site oficial da Secretaria da Mulher (<a href=\"http:\/\/mulher.sorocaba.sp.gov.br\/\">mulher.sorocaba.sp.gov.br<\/a>). Tamb\u00e9m \u00e9 poss\u00edvel obter mais informa\u00e7\u00f5es pessoalmente. O departamento fica localizado na Av. Rudolf Dafferner, n\u00famero 65, no Alto Boa Vista e atende de segunda-feira a sexta-feira, das 8h \u00e0s 17h.<\/p>\n","protected":false},"excerpt":{"rendered":"<p>[S\u00e9rie M\u00eas da Mulher] Evento organizado pela Secretaria Da Mulher de Sorocaba (SEMUL) direciona oportunidades e amplia o espa\u00e7o das<\/p>\n","protected":false},"author":1,"featured_media":0,"comment_status":"open","ping_status":"open","sticky":false,"template":"","format":"standard","meta":{"colormag_page_container_layout":"default_layout","colormag_page_sidebar_layout":"default_layout","footnotes":""},"categories":[4,15,16,9,7,37,14],"tags":[41,29,28],"class_list":["post-5250","post","type-post","status-publish","format-standard","hentry","category-evento","category-jornalismo","category-jornalismo-digital","category-jornalismo-online","category-reportagens-especiais","category-sorocaba","category-uniso","tag-focas-na-rede","tag-jornalismo","tag-uniso"],"featured_image_urls":{"full":"","thumbnail":"","medium":"","medium_large":"","large":"","1536x1536":"","2048x2048":"","colormag-highlighted-post":"","colormag-featured-post-medium":"","colormag-featured-post-small":"","colormag-featured-image":"","colormag-default-news":"","colormag-featured-image-large":""},"author_info":{"info":["focas"]},"category_info":"<a href=\"https:\/\/focas.uniso.br\/index.php\/category\/evento\/\" rel=\"category tag\">Evento<\/a> <a href=\"https:\/\/focas.uniso.br\/index.php\/category\/jornalismo\/\" rel=\"category tag\">Jornalismo<\/a> <a href=\"https:\/\/focas.uniso.br\/index.php\/category\/jornalismo-digital\/\" rel=\"category tag\">jornalismo digital<\/a> <a href=\"https:\/\/focas.uniso.br\/index.php\/category\/jornalismo-online\/\" rel=\"category tag\">jornalismo online<\/a> <a href=\"https:\/\/focas.uniso.br\/index.php\/category\/reportagens-especiais\/\" rel=\"category tag\">Reportagens Especiais<\/a> <a href=\"https:\/\/focas.uniso.br\/index.php\/category\/sorocaba\/\" rel=\"category tag\">Sorocaba<\/a> <a href=\"https:\/\/focas.uniso.br\/index.php\/category\/uniso\/\" rel=\"category tag\">Uniso<\/a>","tag_info":"Uniso","comment_count":"0","_links":{"self":[{"href":"https:\/\/focas.uniso.br\/index.php\/wp-json\/wp\/v2\/posts\/5250","targetHints":{"allow":["GET"]}}],"collection":[{"href":"https:\/\/focas.uniso.br\/index.php\/wp-json\/wp\/v2\/posts"}],"about":[{"href":"https:\/\/focas.uniso.br\/index.php\/wp-json\/wp\/v2\/types\/post"}],"author":[{"embeddable":true,"href":"https:\/\/focas.uniso.br\/index.php\/wp-json\/wp\/v2\/users\/1"}],"replies":[{"embeddable":true,"href":"https:\/\/focas.uniso.br\/index.php\/wp-json\/wp\/v2\/comments?post=5250"}],"version-history":[{"count":1,"href":"https:\/\/focas.uniso.br\/index.php\/wp-json\/wp\/v2\/posts\/5250\/revisions"}],"predecessor-version":[{"id":5255,"href":"https:\/\/focas.uniso.br\/index.php\/wp-json\/wp\/v2\/posts\/5250\/revisions\/5255"}],"wp:attachment":[{"href":"https:\/\/focas.uniso.br\/index.php\/wp-json\/wp\/v2\/media?parent=5250"}],"wp:term":[{"taxonomy":"category","embeddable":true,"href":"https:\/\/focas.uniso.br\/index.php\/wp-json\/wp\/v2\/categories?post=5250"},{"taxonomy":"post_tag","embeddable":true,"href":"https:\/\/focas.uniso.br\/index.php\/wp-json\/wp\/v2\/tags?post=5250"}],"curies":[{"name":"wp","href":"https:\/\/api.w.org\/{rel}","templated":true}]}}