{"id":5260,"date":"2026-03-13T09:56:43","date_gmt":"2026-03-13T12:56:43","guid":{"rendered":"https:\/\/focas.uniso.br\/?p=5260"},"modified":"2026-04-01T09:26:09","modified_gmt":"2026-04-01T12:26:09","slug":"empreendedorismo-feminino-mulheres-que-transformam-desafios-em-oportunidades","status":"publish","type":"post","link":"https:\/\/focas.uniso.br\/index.php\/2026\/03\/13\/empreendedorismo-feminino-mulheres-que-transformam-desafios-em-oportunidades\/","title":{"rendered":"Empreendedorismo feminino: Mulheres que transformam desafios em oportunidades"},"content":{"rendered":"\n<p><em>[S\u00e9rie M\u00eas das Mulheres] Em diferentes \u00e1reas, mulheres que encontraram no empreendedorismo um caminho para independ\u00eancia, realiza\u00e7\u00e3o profissional e transformam sonhos em realidade.<\/em><\/p>\n\n\n\n<p>Por Nathi\u00e9ly Dias (Ag\u00eancia Focas \u2013 Jornalismo Uniso)&nbsp;<\/p>\n\n\n\n<p>Empreender ainda \u00e9 um desafio para muitas mulheres, que frequentemente precisam conciliar carreira, fam\u00edlia e a busca por independ\u00eancia financeira. No entanto, hist\u00f3rias de determina\u00e7\u00e3o mostram que transformar ideias em neg\u00f3cio pode ser tamb\u00e9m um caminho de autonomia e realiza\u00e7\u00e3o.<\/p>\n\n\n\n<p>A administradora Ingrid Antunes, de 31 anos, encontrou no trabalho artesanal uma nova forma de empreender ap\u00f3s enfrentar dificuldades com seu neg\u00f3cio anterior. Formada em Administra\u00e7\u00e3o e p\u00f3s-graduada em Marketing pela Universidade de Sorocaba (Uniso), ela inicialmente tinha uma loja de roupas, que acabou sendo fechada durante a pandemia.<\/p>\n\n\n\n<figure class=\"wp-block-image aligncenter size-large\"><img loading=\"lazy\" decoding=\"async\" width=\"711\" height=\"1024\" src=\"https:\/\/focas.uniso.br\/wp-content\/uploads\/2026\/03\/image-5-711x1024.jpeg\" alt=\"\" class=\"wp-image-5261\" srcset=\"https:\/\/focas.uniso.br\/wp-content\/uploads\/2026\/03\/image-5-711x1024.jpeg 711w, https:\/\/focas.uniso.br\/wp-content\/uploads\/2026\/03\/image-5-208x300.jpeg 208w, https:\/\/focas.uniso.br\/wp-content\/uploads\/2026\/03\/image-5-768x1107.jpeg 768w, https:\/\/focas.uniso.br\/wp-content\/uploads\/2026\/03\/image-5.jpeg 828w\" sizes=\"auto, (max-width: 711px) 100vw, 711px\" \/><\/figure>\n\n\n\n<p class=\"has-text-align-center\"><sub>Ingrid Antunes | Foto: Arquivo pessoal<\/sub><\/p>\n\n\n\n<p>Ap\u00f3s voltar temporariamente a trabalhar como CLT, Ingrid decidiu apostar em uma nova ideia, a produzir bolsas artesanais feitas com p\u00e9rolas e mi\u00e7angas. A inspira\u00e7\u00e3o surgiu enquanto navegava por refer\u00eancias no Pinterest e percebeu a dificuldade de encontrar pe\u00e7as da forma que queria para comprar. \u201cEnt\u00e3o eu comprei um pacote de p\u00e9rolas e um carretel de linhas, cheguei em casa e tentei fazer. A primeira bolsa ficou sem forma, mas foi a primeira que fiz e gostei do tipo de trabalho\u201d, relembra.<\/p>\n\n\n\n<p>O interesse de amigas pelas pe\u00e7as levou \u00e0s primeiras encomendas e, desde ent\u00e3o, Ingrid passou a produzir bolsas personalizadas de acordo com o gosto das clientes. Atualmente, ela trabalha com cole\u00e7\u00f5es autorais e em comemora\u00e7\u00e3o aos cinco anos de neg\u00f3cio em 2026, ela lan\u00e7ar\u00e1 uma nova cole\u00e7\u00e3o de bolsas em Mar\u00e7o. Al\u00e9m do artesanato, tamb\u00e9m oferece consultoria de marketing para pequenos empreendedores.<\/p>\n\n\n\n<div class=\"wp-block-group is-content-justification-center is-nowrap is-layout-flex wp-container-core-group-is-layout-23441af8 wp-block-group-is-layout-flex\">\n<figure class=\"wp-block-image size-large\"><img loading=\"lazy\" decoding=\"async\" width=\"768\" height=\"1024\" src=\"https:\/\/focas.uniso.br\/wp-content\/uploads\/2026\/03\/13.03-768x1024.jpeg\" alt=\"\" class=\"wp-image-5264\" srcset=\"https:\/\/focas.uniso.br\/wp-content\/uploads\/2026\/03\/13.03-768x1024.jpeg 768w, https:\/\/focas.uniso.br\/wp-content\/uploads\/2026\/03\/13.03-225x300.jpeg 225w, https:\/\/focas.uniso.br\/wp-content\/uploads\/2026\/03\/13.03.jpeg 828w\" sizes=\"auto, (max-width: 768px) 100vw, 768px\" \/><\/figure>\n\n\n\n<div class=\"wp-block-group is-nowrap is-layout-flex wp-container-core-group-is-layout-6c531013 wp-block-group-is-layout-flex\">\n<figure class=\"wp-block-image size-large\"><img loading=\"lazy\" decoding=\"async\" width=\"768\" height=\"1024\" src=\"https:\/\/focas.uniso.br\/wp-content\/uploads\/2026\/03\/13.03.26-768x1024.jpeg\" alt=\"\" class=\"wp-image-5265\" srcset=\"https:\/\/focas.uniso.br\/wp-content\/uploads\/2026\/03\/13.03.26-768x1024.jpeg 768w, https:\/\/focas.uniso.br\/wp-content\/uploads\/2026\/03\/13.03.26-225x300.jpeg 225w, https:\/\/focas.uniso.br\/wp-content\/uploads\/2026\/03\/13.03.26.jpeg 828w\" sizes=\"auto, (max-width: 768px) 100vw, 768px\" \/><\/figure>\n\n\n\n<figure class=\"wp-block-image size-large\"><img loading=\"lazy\" decoding=\"async\" width=\"768\" height=\"1024\" src=\"https:\/\/focas.uniso.br\/wp-content\/uploads\/2026\/03\/13.03.2-768x1024.jpeg\" alt=\"\" class=\"wp-image-5266\" srcset=\"https:\/\/focas.uniso.br\/wp-content\/uploads\/2026\/03\/13.03.2-768x1024.jpeg 768w, https:\/\/focas.uniso.br\/wp-content\/uploads\/2026\/03\/13.03.2-225x300.jpeg 225w, https:\/\/focas.uniso.br\/wp-content\/uploads\/2026\/03\/13.03.2.jpeg 828w\" sizes=\"auto, (max-width: 768px) 100vw, 768px\" \/><\/figure>\n<\/div>\n<\/div>\n\n\n\n<p class=\"has-text-align-center\"><sub>Bolsas artesanais produzidas com mi\u00e7angas que fazem parte do cat\u00e1logo da marca | FOTO: Arquivo pessoal<\/sub><\/p>\n\n\n\n<p>Para Ingrid, um dos maiores desafios do setor \u00e9 a valoriza\u00e7\u00e3o do trabalho artesanal. \u201cMuitas pessoas n\u00e3o entendem o processo que existe por tr\u00e1s de uma pe\u00e7a feita \u00e0 m\u00e3o. \u00c9 um trabalho que exige tempo, esfor\u00e7o f\u00edsico e criatividade\u201d, afirma.<\/p>\n\n\n\n<p>Na \u00e1rea da est\u00e9tica, a hist\u00f3ria de Talita Aparecida Corneli Renaldini come\u00e7ou a partir de uma necessidade pessoal. Graduada e p\u00f3s-graduada em Administra\u00e7\u00e3o e Recursos Humanos, com forma\u00e7\u00e3o em est\u00e9tica e, atualmente, cursando biomedicina, ela decidiu empreender ap\u00f3s enfrentar dificuldades para conciliar o trabalho com os cuidados da filha rec\u00e9m-nascida.<\/p>\n\n\n\n<figure class=\"wp-block-image aligncenter size-large\"><img loading=\"lazy\" decoding=\"async\" width=\"576\" height=\"1024\" src=\"https:\/\/focas.uniso.br\/wp-content\/uploads\/2026\/03\/image-6-576x1024.jpeg\" alt=\"\" class=\"wp-image-5262\" srcset=\"https:\/\/focas.uniso.br\/wp-content\/uploads\/2026\/03\/image-6-576x1024.jpeg 576w, https:\/\/focas.uniso.br\/wp-content\/uploads\/2026\/03\/image-6-169x300.jpeg 169w, https:\/\/focas.uniso.br\/wp-content\/uploads\/2026\/03\/image-6-768x1365.jpeg 768w, https:\/\/focas.uniso.br\/wp-content\/uploads\/2026\/03\/image-6-864x1536.jpeg 864w, https:\/\/focas.uniso.br\/wp-content\/uploads\/2026\/03\/image-6.jpeg 900w\" sizes=\"auto, (max-width: 576px) 100vw, 576px\" \/><\/figure>\n\n\n\n<p class=\"has-text-align-center\"><sub>Talita Renaldini | Foto: Arquivo pessoal\u00a0<\/sub><\/p>\n\n\n\n<p>A crian\u00e7a nasceu prematura, com 6 meses, e exigia aten\u00e7\u00e3o constante, o que tornou dif\u00edcil manter a rotina no emprego formal. Foi nesse momento que Talita decidiu investir em cursos na \u00e1rea da beleza. \u201cEu comecei fazendo cursos de design de sobrancelhas e micropigmenta\u00e7\u00e3o enquanto ainda trabalhava na empresa. Aos poucos fui atendendo em casa e percebi que aquilo poderia se tornar um neg\u00f3cio\u201d, conta.<\/p>\n\n\n\n<p>O ponto de virada veio quando a renda obtida com os atendimentos passou a superar o sal\u00e1rio que recebia no emprego formal. Hoje, com 12 anos de experi\u00eancia na \u00e1rea da est\u00e9tica, ela trabalha exclusivamente com procedimentos voltados \u00e0 micropigmenta\u00e7\u00e3o e j\u00e1 planeja expandir para a \u00e1rea de harmoniza\u00e7\u00e3o facial.<\/p>\n\n\n\n<div class=\"wp-block-group is-content-justification-center is-nowrap is-layout-flex wp-container-core-group-is-layout-23441af8 wp-block-group-is-layout-flex\">\n<figure class=\"wp-block-image size-large\"><img loading=\"lazy\" decoding=\"async\" width=\"1024\" height=\"737\" src=\"https:\/\/focas.uniso.br\/wp-content\/uploads\/2026\/03\/13.033-1-1024x737.jpeg\" alt=\"\" class=\"wp-image-5279\" srcset=\"https:\/\/focas.uniso.br\/wp-content\/uploads\/2026\/03\/13.033-1-1024x737.jpeg 1024w, https:\/\/focas.uniso.br\/wp-content\/uploads\/2026\/03\/13.033-1-300x216.jpeg 300w, https:\/\/focas.uniso.br\/wp-content\/uploads\/2026\/03\/13.033-1-768x553.jpeg 768w, https:\/\/focas.uniso.br\/wp-content\/uploads\/2026\/03\/13.033-1-1536x1106.jpeg 1536w, https:\/\/focas.uniso.br\/wp-content\/uploads\/2026\/03\/13.033-1.jpeg 1600w\" sizes=\"auto, (max-width: 1024px) 100vw, 1024px\" \/><\/figure>\n\n\n\n<figure class=\"wp-block-image size-large\"><img loading=\"lazy\" decoding=\"async\" width=\"1001\" height=\"1024\" src=\"https:\/\/focas.uniso.br\/wp-content\/uploads\/2026\/03\/13.03.266-1-1001x1024.jpeg\" alt=\"\" class=\"wp-image-5278\" srcset=\"https:\/\/focas.uniso.br\/wp-content\/uploads\/2026\/03\/13.03.266-1-1001x1024.jpeg 1001w, https:\/\/focas.uniso.br\/wp-content\/uploads\/2026\/03\/13.03.266-1-293x300.jpeg 293w, https:\/\/focas.uniso.br\/wp-content\/uploads\/2026\/03\/13.03.266-1-768x785.jpeg 768w, https:\/\/focas.uniso.br\/wp-content\/uploads\/2026\/03\/13.03.266-1.jpeg 1284w\" sizes=\"auto, (max-width: 1001px) 100vw, 1001px\" \/><\/figure>\n\n\n\n<figure class=\"wp-block-image size-large\"><img loading=\"lazy\" decoding=\"async\" width=\"1024\" height=\"875\" src=\"https:\/\/focas.uniso.br\/wp-content\/uploads\/2026\/03\/13.03.22-1-1024x875.jpeg\" alt=\"\" class=\"wp-image-5277\" srcset=\"https:\/\/focas.uniso.br\/wp-content\/uploads\/2026\/03\/13.03.22-1-1024x875.jpeg 1024w, https:\/\/focas.uniso.br\/wp-content\/uploads\/2026\/03\/13.03.22-1-300x256.jpeg 300w, https:\/\/focas.uniso.br\/wp-content\/uploads\/2026\/03\/13.03.22-1-768x656.jpeg 768w, https:\/\/focas.uniso.br\/wp-content\/uploads\/2026\/03\/13.03.22-1.jpeg 1284w\" sizes=\"auto, (max-width: 1024px) 100vw, 1024px\" \/><\/figure>\n\n\n\n<div class=\"wp-block-group is-nowrap is-layout-flex wp-container-core-group-is-layout-6c531013 wp-block-group-is-layout-flex\"><\/div>\n<\/div>\n\n\n\n<p class=\"has-text-align-center\"><sub>Resultados dos procedimento de micropigmenta\u00e7\u00e3o labial e design de sobrancelha| FOTO: Arquivo pessoal<\/sub><\/p>\n\n\n\n<p>Para Talita, empreender representa liberdade e realiza\u00e7\u00e3o pessoal. \u201cEmpreender significa independ\u00eancia, crescimento, sucesso, orgulho, me sentir livre. Trabalhamos muito, \u00e0s vezes at\u00e9 mais do que em um emprego tradicional, mas significa tudo isso\u201d, comenta.<\/p>\n\n\n\n<p>J\u00e1 no turismo, Giane Paola dos Santos, de 45 anos, encontrou uma nova possibilidade de empreender ap\u00f3s mais de duas d\u00e9cadas atuando na \u00e1rea de Recursos Humanos. Atualmente, trabalha h\u00e1 24 anos na empresa Panna, em Mairinque (SP), mas come\u00e7ou h\u00e1 dois anos a organizar excurs\u00f5es tur\u00edsticas.<\/p>\n\n\n\n<p>Apaixonada por viagens e pelo contato com pessoas, Giane decidiu unir essas duas coisas em um novo projeto. Para isso, buscou forma\u00e7\u00e3o na \u00e1rea e concluiu recentemente um curso t\u00e9cnico em guia de turismo.<\/p>\n\n\n\n<figure class=\"wp-block-image aligncenter size-large\"><img loading=\"lazy\" decoding=\"async\" width=\"681\" height=\"1024\" src=\"https:\/\/focas.uniso.br\/wp-content\/uploads\/2026\/03\/image-7-681x1024.jpeg\" alt=\"\" class=\"wp-image-5263\" srcset=\"https:\/\/focas.uniso.br\/wp-content\/uploads\/2026\/03\/image-7-681x1024.jpeg 681w, https:\/\/focas.uniso.br\/wp-content\/uploads\/2026\/03\/image-7-200x300.jpeg 200w, https:\/\/focas.uniso.br\/wp-content\/uploads\/2026\/03\/image-7-768x1154.jpeg 768w, https:\/\/focas.uniso.br\/wp-content\/uploads\/2026\/03\/image-7.jpeg 1006w\" sizes=\"auto, (max-width: 681px) 100vw, 681px\" \/><\/figure>\n\n\n\n<p class=\"has-text-align-center\"><sub>Giane Paola dos Santos | Foto: Arquivo pessoal<\/sub><\/p>\n\n\n\n<p>A primeira excurs\u00e3o organizada por ela foi para o parque aqu\u00e1tico Thermas de S\u00e3o Pedro, em fevereiro de 2024. O resultado superou as expectativas. \u201cEu imaginei que talvez conseguir\u00edamos encher uma van, mas fomos com um \u00f4nibus de 50 lugares, foi lotado\u201d, conta.<\/p>\n\n\n\n<p>O retorno positivo dos participantes motivou a continuidade do projeto, que hoje organiza viagens em grupo para fam\u00edlias nos finais de semana e feriados. Segundo Giane, a iniciativa vai al\u00e9m do empreendedorismo e tamb\u00e9m representa a realiza\u00e7\u00e3o dos sonhos das pessoas.<\/p>\n\n\n\n<p>\u201c\u00c0s vezes voc\u00ea est\u00e1 realizando o sonho de uma pessoa que nunca teve a oportunidade de viajar. Se torna poss\u00edvel para as pessoas algo que elas acham que nunca iriam conseguir fazer. Se tornou uma miss\u00e3o a meu ver\u201d, relata.<\/p>\n\n\n\n<figure class=\"wp-block-image aligncenter size-large\"><img loading=\"lazy\" decoding=\"async\" width=\"1024\" height=\"576\" src=\"https:\/\/focas.uniso.br\/wp-content\/uploads\/2026\/03\/13-1-1024x576.jpeg\" alt=\"\" class=\"wp-image-5274\" srcset=\"https:\/\/focas.uniso.br\/wp-content\/uploads\/2026\/03\/13-1-1024x576.jpeg 1024w, https:\/\/focas.uniso.br\/wp-content\/uploads\/2026\/03\/13-1-300x169.jpeg 300w, https:\/\/focas.uniso.br\/wp-content\/uploads\/2026\/03\/13-1-768x432.jpeg 768w, https:\/\/focas.uniso.br\/wp-content\/uploads\/2026\/03\/13-1-1536x864.jpeg 1536w, https:\/\/focas.uniso.br\/wp-content\/uploads\/2026\/03\/13-1.jpeg 1600w\" sizes=\"auto, (max-width: 1024px) 100vw, 1024px\" \/><\/figure>\n\n\n\n<p class=\"has-text-align-center\"><sub>Participantes de excurs\u00e3o posam para foto em frente ao hotel Wyndham Ol\u00edmpia Royal Hotels | FOTO: Arquivo pessoal<\/sub><\/p>\n\n\n\n<p>Apesar de estarem em diferentes \u00e1reas de atua\u00e7\u00e3o, as tr\u00eas empreendedoras compartilham ideias semelhantes quando o assunto \u00e9 iniciar seu pr\u00f3prio neg\u00f3cio.<\/p>\n\n\n\n<p>Para Ingrid, o primeiro passo \u00e9 buscar conhecimento. \u201cEmpreender exige entender um pouco de tudo, como vendas, marketing, administra\u00e7\u00e3o e precifica\u00e7\u00e3o. Estudar e buscar cursos faz toda a diferen\u00e7a. N\u00e3o desista\u201d.<\/p>\n\n\n\n<p>Talita destaca a import\u00e2ncia de acreditar nos pr\u00f3prios sonhos. \u201cN\u00e3o desista dos seus sonhos, antes de come\u00e7ar um CNPJ, existe um CPF que sonhou ali. Se voc\u00ea acredita no sonho, corra atr\u00e1s todos os dias para realiz\u00e1-lo.\u201d<\/p>\n\n\n\n<p>J\u00e1 Giane destaca a import\u00e2ncia de trabalhar com algo que tenha significado pessoal. \u201c\u00c9 importante escolher algo que voc\u00ea goste de fazer. Quando o trabalho \u00e9 feito com amor, os resultados aparecem.\u201d<\/p>\n\n\n\n<p>As hist\u00f3rias mostram que o empreendedorismo feminino pode surgir de diferentes motiva\u00e7\u00f5es como a busca por autonomia e \u00e0 realiza\u00e7\u00e3o pessoal, mas todas t\u00eam em comum a coragem de transformar ideias em realidade e construir novas possibilidades de futuro.<\/p>\n","protected":false},"excerpt":{"rendered":"<p>[S\u00e9rie M\u00eas das Mulheres] Em diferentes \u00e1reas, mulheres que encontraram no empreendedorismo um caminho para independ\u00eancia, realiza\u00e7\u00e3o profissional e transformam<\/p>\n","protected":false},"author":1,"featured_media":0,"comment_status":"open","ping_status":"open","sticky":false,"template":"","format":"standard","meta":{"colormag_page_container_layout":"default_layout","colormag_page_sidebar_layout":"default_layout","footnotes":""},"categories":[15,16,9,7,14],"tags":[41,29,28],"class_list":["post-5260","post","type-post","status-publish","format-standard","hentry","category-jornalismo","category-jornalismo-digital","category-jornalismo-online","category-reportagens-especiais","category-uniso","tag-focas-na-rede","tag-jornalismo","tag-uniso"],"featured_image_urls":{"full":"","thumbnail":"","medium":"","medium_large":"","large":"","1536x1536":"","2048x2048":"","colormag-highlighted-post":"","colormag-featured-post-medium":"","colormag-featured-post-small":"","colormag-featured-image":"","colormag-default-news":"","colormag-featured-image-large":""},"author_info":{"info":["focas"]},"category_info":"<a href=\"https:\/\/focas.uniso.br\/index.php\/category\/jornalismo\/\" rel=\"category tag\">Jornalismo<\/a> <a href=\"https:\/\/focas.uniso.br\/index.php\/category\/jornalismo-digital\/\" rel=\"category tag\">jornalismo digital<\/a> <a href=\"https:\/\/focas.uniso.br\/index.php\/category\/jornalismo-online\/\" rel=\"category tag\">jornalismo online<\/a> <a href=\"https:\/\/focas.uniso.br\/index.php\/category\/reportagens-especiais\/\" rel=\"category tag\">Reportagens Especiais<\/a> <a href=\"https:\/\/focas.uniso.br\/index.php\/category\/uniso\/\" rel=\"category tag\">Uniso<\/a>","tag_info":"Uniso","comment_count":"0","_links":{"self":[{"href":"https:\/\/focas.uniso.br\/index.php\/wp-json\/wp\/v2\/posts\/5260","targetHints":{"allow":["GET"]}}],"collection":[{"href":"https:\/\/focas.uniso.br\/index.php\/wp-json\/wp\/v2\/posts"}],"about":[{"href":"https:\/\/focas.uniso.br\/index.php\/wp-json\/wp\/v2\/types\/post"}],"author":[{"embeddable":true,"href":"https:\/\/focas.uniso.br\/index.php\/wp-json\/wp\/v2\/users\/1"}],"replies":[{"embeddable":true,"href":"https:\/\/focas.uniso.br\/index.php\/wp-json\/wp\/v2\/comments?post=5260"}],"version-history":[{"count":3,"href":"https:\/\/focas.uniso.br\/index.php\/wp-json\/wp\/v2\/posts\/5260\/revisions"}],"predecessor-version":[{"id":5281,"href":"https:\/\/focas.uniso.br\/index.php\/wp-json\/wp\/v2\/posts\/5260\/revisions\/5281"}],"wp:attachment":[{"href":"https:\/\/focas.uniso.br\/index.php\/wp-json\/wp\/v2\/media?parent=5260"}],"wp:term":[{"taxonomy":"category","embeddable":true,"href":"https:\/\/focas.uniso.br\/index.php\/wp-json\/wp\/v2\/categories?post=5260"},{"taxonomy":"post_tag","embeddable":true,"href":"https:\/\/focas.uniso.br\/index.php\/wp-json\/wp\/v2\/tags?post=5260"}],"curies":[{"name":"wp","href":"https:\/\/api.w.org\/{rel}","templated":true}]}}