{"id":529,"date":"2015-10-09T23:14:00","date_gmt":"2015-10-09T23:14:00","guid":{"rendered":"http:\/\/focas.uniso.br\/index.php\/2015\/10\/09\/semana-csa-promove-palestras-sobre-lideranca-empreendedorismo-e-economia\/"},"modified":"2015-10-09T23:14:00","modified_gmt":"2015-10-09T23:14:00","slug":"semana-csa-promove-palestras-sobre-lideranca-empreendedorismo-e-economia","status":"publish","type":"post","link":"https:\/\/focas.uniso.br\/index.php\/2015\/10\/09\/semana-csa-promove-palestras-sobre-lideranca-empreendedorismo-e-economia\/","title":{"rendered":"Semana CSA promove palestras sobre lideran\u00e7a,  empreendedorismo e economia"},"content":{"rendered":"<div style=\"line-height: 150%; text-align: justify; text-indent: 36pt;\"><span style=\"font-family: Arial, Helvetica, sans-serif; font-size: 12.0pt; line-height: 150%;\">A Semana de Ci\u00eancias Sociais Aplicadas (CSA) da Universidade de Sorocaba (Uniso) reuniu alunos, ex-alunos, professores e profissionais das \u00e1reas de Administra\u00e7\u00e3o, Ci\u00eancias Cont\u00e1beis, Ci\u00eancias Econ\u00f4micas e Com\u00e9rcio Exterior em palestras sobre lideran\u00e7a, empreendedorismo e economia ministradas nos audit\u00f3rios da Cidade Universit\u00e1ria \u201cProfessor Aldo Vannucchi\u201d, entre os dias 05 e 07 de outubro.<o:p><\/o:p><\/span><\/div>\n<div style=\"line-height: 150%; text-align: justify; text-indent: 36pt;\"><span style=\"font-family: Arial, Helvetica, sans-serif; font-size: 12.0pt; line-height: 150%;\">A palestra \u201cPerspectiva da Economia Brasileira\u201d foi ministrada pelo economista e consultor em varejo da empresa CRM Consultoria, Carlos Moraes, no dia 05. Segundo o palestrante, \u201ctransmitir aspectos da economia para os estudantes \u00e9 essencial para que eles tenham conte\u00fado suficiente para qualquer atividade que venham a exercer\u201d. A estudante Nat\u00e1lia Fernanda Campos de Oliveira Soares considerou o tema da palestra como \u201cimportante para se atualizar no mercado de trabalho e conhecer aspectos fundamentais da \u00e1rea\u201d.<o:p><\/o:p><\/span><br \/><span style=\"font-family: Arial, Helvetica, sans-serif; font-size: 12.0pt; line-height: 150%;\"><br \/><\/span><\/div>\n<div style=\"line-height: 150%; text-align: justify; text-indent: 36pt;\"><a href=\"http:\/\/3.bp.blogspot.com\/-Y2F24f1ZiH0\/VhhCN0k2AII\/AAAAAAAAEI8\/7YiAFWugdMk\/s1600\/_DSC7249.JPG\" style=\"clear: left; float: left; margin-bottom: 1em; margin-right: 1em;\"><span style=\"font-family: Arial, Helvetica, sans-serif;\"><img loading=\"lazy\" decoding=\"async\" border=\"0\" height=\"229\" src=\"http:\/\/3.bp.blogspot.com\/-Y2F24f1ZiH0\/VhhCN0k2AII\/AAAAAAAAEI8\/7YiAFWugdMk\/s320\/_DSC7249.JPG\" width=\"320\" \/><\/span><\/a><span style=\"font-family: Arial, Helvetica, sans-serif; font-size: 12.0pt; line-height: 150%;\">O economista e secret\u00e1rio de Desenvolvimento e Trabalho da Prefeitura de Sorocaba, Geraldo C\u00e9sar Almeida, ministrou a palestra \u201cEmpreendedorismo e Oportunidades\u201d, no dia 06. Para ele, um bom empreendedor precisa \u201cadaptar-se \u00e0s mudan\u00e7as tecnol\u00f3gicas\u201d: \u201cNunca se teve tanta facilidade em buscar informa\u00e7\u00e3o. A chamada gera\u00e7\u00e3o Y vive com o celular nas m\u00e3os e tem que usar esta arma a favor\u201d.<o:p><\/o:p><\/span><\/div>\n<div style=\"line-height: 150%; text-align: justify; text-indent: 36pt;\"><span style=\"font-family: Arial, Helvetica, sans-serif; font-size: 12.0pt; line-height: 150%;\">Para Bianca Rodrigues, aluna do segundo semestre de Administra\u00e7\u00e3o, o bate-papo trouxe aos estudantes um olhar mais amplo sobre o futuro profissional. \u201c\u00c9 importante ficar por dentro do dia a dia da profiss\u00e3o para acompanhar o mercado\u201d, comenta. &nbsp;J\u00e1 Let\u00edcia Alves, estudante de Com\u00e9rcio Exterior, acredita que \u201csaber empreender \u00e9 essencial, precisamos disso para saber construir e administrar uma empresa\u201d.<o:p><\/o:p><\/span><\/div>\n<div style=\"line-height: 150%; text-align: justify; text-indent: 35.4pt;\"><span style=\"font-family: Arial, Helvetica, sans-serif; font-size: 12.0pt; line-height: 150%;\">A coordenadora do curso de Com\u00e9rcio Exterior da Uniso, Meirecler Mieto, acredita que o empreendedorismo \u00e9 a \u201cbola da vez\u201d. \u201cAs pessoas t\u00eam de pensar em criar, desenvolver novos neg\u00f3cios, n\u00e3o pensando apenas no empreendedorismo empresarial, mas tamb\u00e9m no do estudante na sua vida profissional\u201d, comenta.<o:p><\/o:p><\/span><\/div>\n<div style=\"line-height: 150%; text-align: justify; text-indent: 35.4pt;\"><span style=\"font-family: Arial, Helvetica, sans-serif; font-size: 12.0pt; line-height: 150%;\"><br \/><\/span><\/div>\n<div style=\"line-height: 150%; text-align: center;\"><b><span style=\"font-family: Arial, Helvetica, sans-serif; font-size: 12.0pt; line-height: 150%;\">Economia regional, c\u00e2mbio e balan\u00e7a comercial<o:p><\/o:p><\/span><\/b><\/div>\n<div style=\"line-height: 150%; text-align: justify;\"><b><span style=\"font-family: Arial, Helvetica, sans-serif; font-size: 12.0pt; line-height: 150%;\"><br \/><\/span><\/b><\/div>\n<div style=\"line-height: 150%; text-align: justify; text-indent: 36pt;\"><a href=\"http:\/\/3.bp.blogspot.com\/-E-EZGLS0D6w\/VhhCMmD6PFI\/AAAAAAAAEIk\/QRezds5GSRc\/s1600\/DSCN2145.JPG\" style=\"clear: right; float: right; margin-bottom: 1em; margin-left: 1em;\"><span style=\"font-family: Arial, Helvetica, sans-serif;\"><img loading=\"lazy\" decoding=\"async\" border=\"0\" height=\"240\" src=\"http:\/\/3.bp.blogspot.com\/-E-EZGLS0D6w\/VhhCMmD6PFI\/AAAAAAAAEIk\/QRezds5GSRc\/s320\/DSCN2145.JPG\" width=\"320\" \/><\/span><\/a><span style=\"font-family: Arial, Helvetica, sans-serif; font-size: 12.0pt; line-height: 150%;\"><\/span><\/p>\n<div style=\"text-align: justify;\"><span style=\"font-size: 12.0pt; line-height: 150%;\"><span style=\"font-family: Arial, Helvetica, sans-serif; font-size: 12pt; line-height: 150%; text-indent: 36pt;\">Lilian Lobenwein \u00e9 gerente executiva da Aurora EADI (Esta\u00e7\u00e3o Aduaneira do Interior \u2013 \u201cPorto Seco\u201d) e ministrou a palestra \u201cEADI Sorocaba: Import\u00e2ncia para Economia Regional\u201d nos dias 05 e 07, como parte dos eventos da Semana CSA da Uniso.<\/span><\/span><\/div>\n<p><span style=\"font-family: Arial, Helvetica, sans-serif; font-size: 12.0pt; line-height: 150%;\"><o:p><\/o:p><\/span><\/div>\n<div style=\"line-height: 150%; text-align: justify; text-indent: 36pt;\"><span style=\"font-family: Arial, Helvetica, sans-serif; font-size: 12.0pt; line-height: 150%;\">A gerente explicou que no Brasil, existem algumas alf\u00e2ndegas, portos e aeroportos e existem as \u201czonas secund\u00e1rias\u201d, categoria em que a EADI se encaixa. \u201cEssas zonas s\u00e3o armaz\u00e9ns alfandegados, onde as mercadorias podem ficar e, junto com a Receita Federal, serem liberadas antes mesmo de chegarem aos portos e aeroportos\u201d.<o:p><\/o:p><\/span><\/div>\n<div style=\"line-height: 150%; text-align: justify; text-indent: 36pt;\"><span style=\"font-family: Arial, Helvetica, sans-serif; font-size: 12.0pt; line-height: 150%;\">Para o aluno de Com\u00e9rcio Exterior Jo\u00e3o Paulo Marchi, esse tipo de evento ajuda o aluno a entender melhor como anda a economia brasileira: \u201c\u00c9 importante para entendermos melhor o que acontece, para sabermos se participamos direta ou indiretamente deste processo\u201d, diz. <o:p><\/o:p><\/span><\/div>\n<div style=\"line-height: 150%; text-align: justify; text-indent: 36pt;\"><span style=\"font-family: Arial, Helvetica, sans-serif; font-size: 12.0pt; line-height: 150%;\">Para o professor Jorge Rubio, muitas vezes os alunos se preocupam com a economia internacional sem nem conhecer a nacional ou regional.&nbsp; \u201c\u00c9 importante que eles saibam o que est\u00e1 sendo feito, como a regi\u00e3o est\u00e1 reagindo aos impulsos econ\u00f4micos e aos problemas que o Brasil est\u00e1 passando\u201d, comenta.<o:p><\/o:p><\/span><\/div>\n<div style=\"line-height: 150%; text-align: justify; text-indent: 36pt;\"><span style=\"font-family: Arial, Helvetica, sans-serif; font-size: 12.0pt; line-height: 150%;\">Na noite do dia 06, o atual presidente da Ordem dos Economistas do Brasil, Manuel Enriquez Garcia ministrou palestra sobre \u201cC\u00e2mbio e Balan\u00e7a Comercial\u201d, tema que considerou como de \u201cextrema import\u00e2ncia para estudantes\u201d, principalmente os de Administra\u00e7\u00e3o e Com\u00e9rcio Exterior. \u201cOs alunos precisam estar familiarizados com o assunto, j\u00e1 que este \u00e9 um tema presente no campo comercial dos cursos sociais\u201d.<o:p><\/o:p><\/span><\/div>\n<div style=\"line-height: 150%; text-align: justify; text-indent: 36pt;\"><span style=\"font-family: Arial, Helvetica, sans-serif; font-size: 12.0pt; line-height: 150%;\"><br \/><\/span><\/div>\n<div style=\"line-height: 150%; text-align: center;\"><span style=\"font-family: Arial, Helvetica, sans-serif;\"><b><i><span style=\"font-size: 12.0pt; line-height: 150%;\">Coaching<\/span><\/i><\/b><b><span style=\"font-size: 12.0pt; line-height: 150%;\">, lideran\u00e7a e PNL<o:p><\/o:p><\/span><\/b><\/span><\/div>\n<div style=\"line-height: 150%; text-align: center;\"><b><span style=\"font-family: Arial, Helvetica, sans-serif; font-size: 12.0pt; line-height: 150%;\"><br \/><\/span><\/b><\/div>\n<div style=\"line-height: 150%; text-align: justify;\"><span style=\"font-family: Arial, Helvetica, sans-serif; font-size: 12.0pt; line-height: 150%;\">&nbsp;&nbsp;&nbsp;&nbsp;&nbsp;&nbsp;&nbsp;&nbsp;&nbsp;&nbsp;&nbsp; Encerrando as atividades da semana, a Uniso recebeu duas palestras na noite do dia 07: \u201c<i>Coaching <\/i>e Lideran\u00e7a\u201d foi ministrada no Audit\u00f3rio Central pela propriet\u00e1ria da empresa Inspire Solu\u00e7\u00f5es, Vanessa Panchoni; e \u201cPNL Aplicada \u00e0 Gest\u00e3o de Pessoas\u201d foi ministrada no Audit\u00f3rio do Bloco F pelo treinador comportamental Allex Rodrigues.<o:p><\/o:p><\/span><\/div>\n<div style=\"line-height: 150%; text-align: justify;\"><a href=\"http:\/\/2.bp.blogspot.com\/-4CJW1G08siE\/VhhDJHI8VGI\/AAAAAAAAEJg\/hPCJoA6r2H0\/s1600\/_DSC7291.jpg\" style=\"clear: left; float: left; margin-bottom: 1em; margin-right: 1em;\"><span style=\"font-family: Arial, Helvetica, sans-serif;\"><img loading=\"lazy\" decoding=\"async\" border=\"0\" height=\"214\" src=\"http:\/\/2.bp.blogspot.com\/-4CJW1G08siE\/VhhDJHI8VGI\/AAAAAAAAEJg\/hPCJoA6r2H0\/s320\/_DSC7291.jpg\" width=\"320\" \/><\/span><\/a><span style=\"font-family: Arial, Helvetica, sans-serif; font-size: 12.0pt; line-height: 150%;\">De acordo com Rodrigues, que ministrou a palestra para uma plateia formada principalmente por alunos de Administra\u00e7\u00e3o e Com\u00e9rcio Exterior, a Programa\u00e7\u00e3o Neurolingu\u00edstica (PNL) \u00e9 \u201cessencial para uma percep\u00e7\u00e3o diferenciada do mundo\u201d. Ele explicou que a PLN auxilia profissionais na \u201creflex\u00e3o sobre as possibilidades de carreira\u201d e na gest\u00e3o de pessoas de uma empresa.<o:p><\/o:p><\/span><\/div>\n<div style=\"line-height: 150%; text-align: justify;\"><span style=\"font-family: Arial, Helvetica, sans-serif; font-size: 12.0pt; line-height: 150%;\">&nbsp;&nbsp;&nbsp;&nbsp;&nbsp;&nbsp;&nbsp;&nbsp;&nbsp;&nbsp;&nbsp; A coordenadora do curso de Com\u00e9rcio Exterior, Meirecler Mieto, disse que a palestra foi muito positiva, no sentido de fazer com que os alunos conhecessem mais da \u00e1rea comportamental das empresas. \u201cO conhecimento t\u00e9cnico de determinado assunto, ajuda o candidato a conseguir o emprego, mas o conhecimento comportamental ou pessoal ajuda o empregado a permanecer na empresa\u201d, enfatizou.<o:p><\/o:p><\/span><\/div>\n<p><span style=\"font-family: Arial, Helvetica, sans-serif;\"><br \/><\/span><\/p>\n<div style=\"line-height: 150%; text-align: justify;\"><span style=\"font-family: Arial, Helvetica, sans-serif; font-size: 12.0pt; line-height: 150%;\">&nbsp;&nbsp;&nbsp;&nbsp;&nbsp;&nbsp;&nbsp;&nbsp;&nbsp;&nbsp;&nbsp; Texto: <i>Bruno Machado,<\/i> <i>Henrique Belquior, Maicon Fagundes, Nath\u00e1lia Alberigi e Nicole Fabri&nbsp;<\/i>\u2013 Ag\u00eanciaJor\/Uniso<o:p><\/o:p><\/span><br \/><span style=\"font-family: Arial, Helvetica, sans-serif;\"><span style=\"font-size: 12.0pt; line-height: 150%;\"><br \/><\/span><span style=\"font-size: 12.0pt; line-height: 150%;\"><br \/><\/span><span style=\"font-size: 12.0pt; line-height: 150%;\"><br \/><\/span><\/span><\/p>\n<div style=\"clear: both; text-align: center;\"><a href=\"http:\/\/1.bp.blogspot.com\/-uFP1HgrBW6Q\/VhhCNzrDyZI\/AAAAAAAAEI4\/F4l8DeWAx7I\/s1600\/_DSC7238.JPG\" style=\"margin-left: 1em; margin-right: 1em;\"><span style=\"font-family: Arial, Helvetica, sans-serif;\"><img loading=\"lazy\" decoding=\"async\" border=\"0\" height=\"270\" src=\"http:\/\/1.bp.blogspot.com\/-uFP1HgrBW6Q\/VhhCNzrDyZI\/AAAAAAAAEI4\/F4l8DeWAx7I\/s400\/_DSC7238.JPG\" width=\"400\" \/><\/span><\/a><\/div>\n<p><span style=\"font-family: Arial, Helvetica, sans-serif;\"><br \/><\/span><\/p>\n<div style=\"clear: both; text-align: center;\"><a href=\"http:\/\/3.bp.blogspot.com\/-yil5YFslbao\/VhhCNv2__GI\/AAAAAAAAEI0\/tJTmC4zD-4I\/s1600\/_DSC7226.JPG\" style=\"margin-left: 1em; margin-right: 1em;\"><span style=\"font-family: Arial, Helvetica, sans-serif;\"><img loading=\"lazy\" decoding=\"async\" border=\"0\" height=\"266\" src=\"http:\/\/3.bp.blogspot.com\/-yil5YFslbao\/VhhCNv2__GI\/AAAAAAAAEI0\/tJTmC4zD-4I\/s400\/_DSC7226.JPG\" width=\"400\" \/><\/span><\/a><\/div>\n<p><span style=\"font-family: Arial, Helvetica, sans-serif;\"><br \/><\/span><span style=\"font-family: Arial, Helvetica, sans-serif;\"><br \/><\/span><\/p>\n<div style=\"clear: both; text-align: center;\"><a href=\"http:\/\/4.bp.blogspot.com\/-tCHkD3weFSg\/VhhCMlcy-sI\/AAAAAAAAEIg\/5dsc0Hlp4us\/s1600\/DSCN2142.JPG\" style=\"margin-left: 1em; margin-right: 1em;\"><span style=\"font-family: Arial, Helvetica, sans-serif;\"><img loading=\"lazy\" decoding=\"async\" border=\"0\" height=\"300\" src=\"http:\/\/4.bp.blogspot.com\/-tCHkD3weFSg\/VhhCMlcy-sI\/AAAAAAAAEIg\/5dsc0Hlp4us\/s400\/DSCN2142.JPG\" width=\"400\" \/><\/span><\/a><\/div>\n<p><span style=\"font-family: Arial, Helvetica, sans-serif;\"><br \/><\/span><\/p>\n<div style=\"clear: both; text-align: center;\"><a href=\"http:\/\/3.bp.blogspot.com\/-KGRlXfzJX9g\/VhhCMhJ3AxI\/AAAAAAAAEIs\/NB8JnQ8dCQs\/s1600\/DSCN2123.JPG\" style=\"margin-left: 1em; margin-right: 1em;\"><span style=\"font-family: Arial, Helvetica, sans-serif;\"><img loading=\"lazy\" decoding=\"async\" border=\"0\" height=\"300\" src=\"http:\/\/3.bp.blogspot.com\/-KGRlXfzJX9g\/VhhCMhJ3AxI\/AAAAAAAAEIs\/NB8JnQ8dCQs\/s400\/DSCN2123.JPG\" width=\"400\" \/><\/span><\/a><\/div>\n<p><span style=\"font-family: Arial, Helvetica, sans-serif;\"><br \/><\/span><\/p>\n<div style=\"clear: both; text-align: center;\"><a href=\"http:\/\/3.bp.blogspot.com\/-iGN9-ZL6pHs\/VhhCoyMn4AI\/AAAAAAAAEJM\/PtbSTJtYH98\/s1600\/_DSC7297.jpg\" style=\"margin-left: 1em; margin-right: 1em;\"><span style=\"font-family: Arial, Helvetica, sans-serif;\"><img loading=\"lazy\" decoding=\"async\" border=\"0\" height=\"267\" src=\"http:\/\/3.bp.blogspot.com\/-iGN9-ZL6pHs\/VhhCoyMn4AI\/AAAAAAAAEJM\/PtbSTJtYH98\/s400\/_DSC7297.jpg\" width=\"400\" \/><\/span><\/a><\/div>\n<p><span style=\"font-family: Arial, Helvetica, sans-serif;\"><br \/><\/span><\/p>\n<div style=\"clear: both; text-align: center;\"><\/div>\n<p><span style=\"font-family: Arial, Helvetica, sans-serif;\"><br \/><\/span><\/p>\n<div style=\"clear: both; text-align: center;\"><a href=\"http:\/\/1.bp.blogspot.com\/-I1rAZ_RsMrs\/VhhCoxmublI\/AAAAAAAAEJU\/8YUjdLyvqZE\/s1600\/_DSC7326.jpg\" style=\"margin-left: 1em; margin-right: 1em;\"><span style=\"font-family: Arial, Helvetica, sans-serif;\"><img loading=\"lazy\" decoding=\"async\" border=\"0\" height=\"267\" src=\"http:\/\/1.bp.blogspot.com\/-I1rAZ_RsMrs\/VhhCoxmublI\/AAAAAAAAEJU\/8YUjdLyvqZE\/s400\/_DSC7326.jpg\" width=\"400\" \/><\/span><\/a><\/div>\n<p><span style=\"font-family: &quot;Times New Roman&quot;,&quot;serif&quot;; font-size: 12.0pt; line-height: 150%;\"><br \/><\/span><\/div>\n<div style=\"line-height: 150%; text-align: justify;\"><\/div>\n","protected":false},"excerpt":{"rendered":"<p>A Semana de Ci\u00eancias Sociais Aplicadas (CSA) da Universidade de Sorocaba (Uniso) reuniu alunos, ex-alunos, professores e profissionais das \u00e1reas<\/p>\n","protected":false},"author":1,"featured_media":0,"comment_status":"open","ping_status":"open","sticky":false,"template":"","format":"standard","meta":{"colormag_page_container_layout":"default_layout","colormag_page_sidebar_layout":"default_layout","footnotes":""},"categories":[1],"tags":[],"class_list":["post-529","post","type-post","status-publish","format-standard","hentry","category-uncategorized"],"featured_image_urls":{"full":"","thumbnail":"","medium":"","medium_large":"","large":"","1536x1536":"","2048x2048":"","colormag-highlighted-post":"","colormag-featured-post-medium":"","colormag-featured-post-small":"","colormag-featured-image":"","colormag-default-news":"","colormag-featured-image-large":""},"author_info":{"info":["focas"]},"category_info":"<a href=\"https:\/\/focas.uniso.br\/index.php\/category\/uncategorized\/\" rel=\"category tag\">Uncategorized<\/a>","tag_info":"Uncategorized","comment_count":"0","_links":{"self":[{"href":"https:\/\/focas.uniso.br\/index.php\/wp-json\/wp\/v2\/posts\/529","targetHints":{"allow":["GET"]}}],"collection":[{"href":"https:\/\/focas.uniso.br\/index.php\/wp-json\/wp\/v2\/posts"}],"about":[{"href":"https:\/\/focas.uniso.br\/index.php\/wp-json\/wp\/v2\/types\/post"}],"author":[{"embeddable":true,"href":"https:\/\/focas.uniso.br\/index.php\/wp-json\/wp\/v2\/users\/1"}],"replies":[{"embeddable":true,"href":"https:\/\/focas.uniso.br\/index.php\/wp-json\/wp\/v2\/comments?post=529"}],"version-history":[{"count":0,"href":"https:\/\/focas.uniso.br\/index.php\/wp-json\/wp\/v2\/posts\/529\/revisions"}],"wp:attachment":[{"href":"https:\/\/focas.uniso.br\/index.php\/wp-json\/wp\/v2\/media?parent=529"}],"wp:term":[{"taxonomy":"category","embeddable":true,"href":"https:\/\/focas.uniso.br\/index.php\/wp-json\/wp\/v2\/categories?post=529"},{"taxonomy":"post_tag","embeddable":true,"href":"https:\/\/focas.uniso.br\/index.php\/wp-json\/wp\/v2\/tags?post=529"}],"curies":[{"name":"wp","href":"https:\/\/api.w.org\/{rel}","templated":true}]}}