{"id":5294,"date":"2026-03-13T14:29:01","date_gmt":"2026-03-13T17:29:01","guid":{"rendered":"https:\/\/focas.uniso.br\/?p=5294"},"modified":"2026-03-13T14:29:29","modified_gmt":"2026-03-13T17:29:29","slug":"comunidade-academica-da-uniso-destina-doacoes-as-familias-que-sofreram-com-a-enchente","status":"publish","type":"post","link":"https:\/\/focas.uniso.br\/index.php\/2026\/03\/13\/comunidade-academica-da-uniso-destina-doacoes-as-familias-que-sofreram-com-a-enchente\/","title":{"rendered":"Comunidade acad\u00eamica da Uniso destina doa\u00e7\u00f5es \u00e0s fam\u00edlias que sofreram com a enchente"},"content":{"rendered":"\n<p><em>A a\u00e7\u00e3o solid\u00e1ria foi idealizada e coordenada por alunos dos cursos de Comunica\u00e7\u00e3o e envolveu professores, familiares e toda comunidade universit\u00e1ria\u00a0<\/em><\/p>\n\n\n\n<p>Por Nathi\u00e9ly Dias e Paola Ferreira (Ag\u00eancia Focas \u2013 Jornalismo Uniso)\u00a0<\/p>\n\n\n\n<div class=\"wp-block-group is-nowrap is-layout-flex wp-container-core-group-is-layout-6c531013 wp-block-group-is-layout-flex\">\n<figure class=\"wp-block-image size-large\"><img loading=\"lazy\" decoding=\"async\" width=\"768\" height=\"1024\" src=\"https:\/\/focas.uniso.br\/wp-content\/uploads\/2026\/03\/nota-768x1024.jpeg\" alt=\"\" class=\"wp-image-5295\" srcset=\"https:\/\/focas.uniso.br\/wp-content\/uploads\/2026\/03\/nota-768x1024.jpeg 768w, https:\/\/focas.uniso.br\/wp-content\/uploads\/2026\/03\/nota-225x300.jpeg 225w, https:\/\/focas.uniso.br\/wp-content\/uploads\/2026\/03\/nota.jpeg 960w\" sizes=\"auto, (max-width: 768px) 100vw, 768px\" \/><\/figure>\n\n\n\n<figure class=\"wp-block-image size-large\"><img loading=\"lazy\" decoding=\"async\" width=\"768\" height=\"1024\" src=\"https:\/\/focas.uniso.br\/wp-content\/uploads\/2026\/03\/nota2-768x1024.jpeg\" alt=\"\" class=\"wp-image-5296\" srcset=\"https:\/\/focas.uniso.br\/wp-content\/uploads\/2026\/03\/nota2-768x1024.jpeg 768w, https:\/\/focas.uniso.br\/wp-content\/uploads\/2026\/03\/nota2-225x300.jpeg 225w, https:\/\/focas.uniso.br\/wp-content\/uploads\/2026\/03\/nota2.jpeg 960w\" sizes=\"auto, (max-width: 768px) 100vw, 768px\" \/><\/figure>\n\n\n\n<figure class=\"wp-block-image size-large\"><img loading=\"lazy\" decoding=\"async\" width=\"768\" height=\"1024\" src=\"https:\/\/focas.uniso.br\/wp-content\/uploads\/2026\/03\/nota1-768x1024.jpeg\" alt=\"\" class=\"wp-image-5297\" srcset=\"https:\/\/focas.uniso.br\/wp-content\/uploads\/2026\/03\/nota1-768x1024.jpeg 768w, https:\/\/focas.uniso.br\/wp-content\/uploads\/2026\/03\/nota1-225x300.jpeg 225w, https:\/\/focas.uniso.br\/wp-content\/uploads\/2026\/03\/nota1.jpeg 960w\" sizes=\"auto, (max-width: 768px) 100vw, 768px\" \/><\/figure>\n<\/div>\n\n\n\n<p class=\"has-text-align-center\"><sub>Alunos da Universidade de Sorocaba arrecadam itens essenciais para doar \u00e0s pessoas afetadas pela chuva | Cr\u00e9dito: Labcom<\/sub><\/p>\n\n\n\n<p>Alunos de Comunica\u00e7\u00e3o da Uniso estiveram mobilizados ao longo da semana para ajudar pessoas afetadas pelas enchentes em Sorocaba. A campanha foi encerrada nesta sexta-feira (13), com os alunos de Jornalismo, Rela\u00e7\u00f5es P\u00fablicas e Publicidade e Propaganda reunindo os produtos arrecadados para serem entregues ao Fundo Social de Solidariedade Sorocaba.<\/p>\n\n\n\n<p>Ap\u00f3s v\u00e1rias fam\u00edlias sofrerem graves preju\u00edzos e perderem praticamente tudo devido \u00e0s fortes chuvas, que causaram alagamento em v\u00e1rios locais de Sorocaba, os estudantes iniciaram a a\u00e7\u00e3o. Na ter\u00e7a-feira (10), foi realizada a divulga\u00e7\u00e3o da campanha pelas redes sociais do Laborat\u00f3rio de Comunica\u00e7\u00e3o da Universidade de Sorocaba (@labcomuniso), da Ag\u00eancia Experimental de Rela\u00e7\u00f5es P\u00fablicas (@agentenoinsta) da Universidade de Sorocaba (@unisooficial) e da Ag\u00eancia Experimental de Jornalismo (@focasnarede). A arrecada\u00e7\u00e3o das doa\u00e7\u00f5es foi iniciada na quarta-feira (11).&nbsp;<\/p>\n\n\n\n<p>Foram arrecadados mais de 20 quilos de alimentos, tr\u00eas cestas b\u00e1sicas e 34 sacolas com roupas e sapatos. Tamb\u00e9m foram coletados itens de utilidades dom\u00e9sticas, al\u00e9m de cobertores, toalhas e outros materiais fundamentais para as fam\u00edlias atingidas.<\/p>\n\n\n\n<figure class=\"wp-block-gallery has-nested-images columns-default is-cropped wp-block-gallery-1 is-layout-flex wp-block-gallery-is-layout-flex\">\n<figure class=\"wp-block-image size-large\"><img loading=\"lazy\" decoding=\"async\" width=\"1024\" height=\"576\" data-id=\"5299\" src=\"https:\/\/focas.uniso.br\/wp-content\/uploads\/2026\/03\/nota3-1024x576.jpeg\" alt=\"\" class=\"wp-image-5299\" srcset=\"https:\/\/focas.uniso.br\/wp-content\/uploads\/2026\/03\/nota3-1024x576.jpeg 1024w, https:\/\/focas.uniso.br\/wp-content\/uploads\/2026\/03\/nota3-300x169.jpeg 300w, https:\/\/focas.uniso.br\/wp-content\/uploads\/2026\/03\/nota3-768x432.jpeg 768w, https:\/\/focas.uniso.br\/wp-content\/uploads\/2026\/03\/nota3-1536x864.jpeg 1536w, https:\/\/focas.uniso.br\/wp-content\/uploads\/2026\/03\/nota3.jpeg 1600w\" sizes=\"auto, (max-width: 1024px) 100vw, 1024px\" \/><figcaption class=\"wp-element-caption\">Cr\u00e9dito: Labcom<\/figcaption><\/figure>\n\n\n\n<figure class=\"wp-block-image size-large\"><img loading=\"lazy\" decoding=\"async\" width=\"1024\" height=\"576\" data-id=\"5298\" src=\"https:\/\/focas.uniso.br\/wp-content\/uploads\/2026\/03\/nota4-1024x576.jpeg\" alt=\"\" class=\"wp-image-5298\" srcset=\"https:\/\/focas.uniso.br\/wp-content\/uploads\/2026\/03\/nota4-1024x576.jpeg 1024w, https:\/\/focas.uniso.br\/wp-content\/uploads\/2026\/03\/nota4-300x169.jpeg 300w, https:\/\/focas.uniso.br\/wp-content\/uploads\/2026\/03\/nota4-768x432.jpeg 768w, https:\/\/focas.uniso.br\/wp-content\/uploads\/2026\/03\/nota4-1536x864.jpeg 1536w, https:\/\/focas.uniso.br\/wp-content\/uploads\/2026\/03\/nota4.jpeg 1600w\" sizes=\"auto, (max-width: 1024px) 100vw, 1024px\" \/><figcaption class=\"wp-element-caption\">Cr\u00e9dito: Labcom<\/figcaption><\/figure>\n<\/figure>\n","protected":false},"excerpt":{"rendered":"<p>A a\u00e7\u00e3o solid\u00e1ria foi idealizada e coordenada por alunos dos cursos de Comunica\u00e7\u00e3o e envolveu professores, familiares e toda comunidade<\/p>\n","protected":false},"author":1,"featured_media":0,"comment_status":"open","ping_status":"open","sticky":false,"template":"","format":"standard","meta":{"colormag_page_container_layout":"default_layout","colormag_page_sidebar_layout":"default_layout","footnotes":""},"categories":[15,16,9,37,14],"tags":[41,29,28],"class_list":["post-5294","post","type-post","status-publish","format-standard","hentry","category-jornalismo","category-jornalismo-digital","category-jornalismo-online","category-sorocaba","category-uniso","tag-focas-na-rede","tag-jornalismo","tag-uniso"],"featured_image_urls":{"full":"","thumbnail":"","medium":"","medium_large":"","large":"","1536x1536":"","2048x2048":"","colormag-highlighted-post":"","colormag-featured-post-medium":"","colormag-featured-post-small":"","colormag-featured-image":"","colormag-default-news":"","colormag-featured-image-large":""},"author_info":{"info":["focas"]},"category_info":"<a href=\"https:\/\/focas.uniso.br\/index.php\/category\/jornalismo\/\" rel=\"category tag\">Jornalismo<\/a> <a href=\"https:\/\/focas.uniso.br\/index.php\/category\/jornalismo-digital\/\" rel=\"category tag\">jornalismo digital<\/a> <a href=\"https:\/\/focas.uniso.br\/index.php\/category\/jornalismo-online\/\" rel=\"category tag\">jornalismo online<\/a> <a href=\"https:\/\/focas.uniso.br\/index.php\/category\/sorocaba\/\" rel=\"category tag\">Sorocaba<\/a> <a href=\"https:\/\/focas.uniso.br\/index.php\/category\/uniso\/\" rel=\"category tag\">Uniso<\/a>","tag_info":"Uniso","comment_count":"0","_links":{"self":[{"href":"https:\/\/focas.uniso.br\/index.php\/wp-json\/wp\/v2\/posts\/5294","targetHints":{"allow":["GET"]}}],"collection":[{"href":"https:\/\/focas.uniso.br\/index.php\/wp-json\/wp\/v2\/posts"}],"about":[{"href":"https:\/\/focas.uniso.br\/index.php\/wp-json\/wp\/v2\/types\/post"}],"author":[{"embeddable":true,"href":"https:\/\/focas.uniso.br\/index.php\/wp-json\/wp\/v2\/users\/1"}],"replies":[{"embeddable":true,"href":"https:\/\/focas.uniso.br\/index.php\/wp-json\/wp\/v2\/comments?post=5294"}],"version-history":[{"count":1,"href":"https:\/\/focas.uniso.br\/index.php\/wp-json\/wp\/v2\/posts\/5294\/revisions"}],"predecessor-version":[{"id":5300,"href":"https:\/\/focas.uniso.br\/index.php\/wp-json\/wp\/v2\/posts\/5294\/revisions\/5300"}],"wp:attachment":[{"href":"https:\/\/focas.uniso.br\/index.php\/wp-json\/wp\/v2\/media?parent=5294"}],"wp:term":[{"taxonomy":"category","embeddable":true,"href":"https:\/\/focas.uniso.br\/index.php\/wp-json\/wp\/v2\/categories?post=5294"},{"taxonomy":"post_tag","embeddable":true,"href":"https:\/\/focas.uniso.br\/index.php\/wp-json\/wp\/v2\/tags?post=5294"}],"curies":[{"name":"wp","href":"https:\/\/api.w.org\/{rel}","templated":true}]}}