{"id":530,"date":"2015-10-09T23:10:00","date_gmt":"2015-10-09T23:10:00","guid":{"rendered":"http:\/\/focas.uniso.br\/index.php\/2015\/10\/09\/mesa-redonda-debate-o-bom-professor-no-programa-de-extensao-univer-cidade\/"},"modified":"2015-10-09T23:10:00","modified_gmt":"2015-10-09T23:10:00","slug":"mesa-redonda-debate-o-bom-professor-no-programa-de-extensao-univer-cidade","status":"publish","type":"post","link":"https:\/\/focas.uniso.br\/index.php\/2015\/10\/09\/mesa-redonda-debate-o-bom-professor-no-programa-de-extensao-univer-cidade\/","title":{"rendered":"Mesa redonda debate \u201cO Bom Professor\u201d no  Programa de Extens\u00e3o Univer-Cidade"},"content":{"rendered":"<div style=\"text-align: justify; text-indent: 35.45pt;\"><\/div>\n<div style=\"line-height: 150%; text-align: justify; text-indent: 35.45pt;\"><span style=\"font-family: &quot;Times New Roman&quot;,&quot;serif&quot;; font-size: 12.0pt; line-height: 150%;\">O que os alunos pensam dos professores? Essa foi a quest\u00e3o levantada pela professora Carla Lechugo em pesquisas realizadas durante o doutorado no Programa de P\u00f3s-Gradua\u00e7\u00e3o em Educa\u00e7\u00e3o da Universidade de Sorocaba (Uniso). Com o t\u00edtulo \u201cFale bem dos professores\u201d e \u201cReclame dos professores\u201d, o trabalho envolveu 157 estudantes de uma Faculdade de Tecnologia do interior paulista. Os resultados e as reflex\u00f5es sobre o trabalho foram tema de uma mesa-redonda realizada no dia 29 de setembro pelo Programa de Extens\u00e3o \u201cUniver-Cidade: uma aproxima\u00e7\u00e3o necess\u00e1ria\u201d. <o:p><\/o:p><\/span><\/div>\n<div style=\"line-height: 150%; text-align: justify; text-indent: 35.45pt;\"><span style=\"font-family: &quot;Times New Roman&quot;,&quot;serif&quot;; font-size: 12.0pt; line-height: 150%;\">O encontro ocorreu no Sal\u00e3o Verde do C\u00e2mpus Semin\u00e1rio e foi conduzido pela professora Maria Alzira Pimenta, contando, ainda, com a participa\u00e7\u00e3o dos professores Waldemar Marques, ambos do PPGE, e Juliana Augusta Verona, diretora da Fatec Itu. O evento teve como finalidade mostrar aos professores da rede p\u00fablica de ensino como eles s\u00e3o vistos pelos alunos. <o:p><\/o:p><\/span><\/div>\n<div style=\"line-height: 150%; text-align: justify; text-indent: 35.45pt;\"><span style=\"font-family: &quot;Times New Roman&quot;,&quot;serif&quot;; font-size: 12.0pt; line-height: 150%;\">De acordo com os estudantes, o grau de conhecimento dos professores e o bom relacionamento entre eles s\u00e3o fundamentais para melhor compreens\u00e3o da mat\u00e9ria apresentada. O envolvimento com os projetos acad\u00eamicos e o apoio dado a eles al\u00e9m das aulas tamb\u00e9m foram elogiados. As reclama\u00e7\u00f5es ficaram por conta da desatualiza\u00e7\u00e3o dos materiais apresentados em sala de aula, a preocupa\u00e7\u00e3o de alguns professores em somente cumprirem o cronograma, e a motiva\u00e7\u00e3o e capacidade de lecionar pelo sistema de avalia\u00e7\u00e3o, definido pelos alunos como ineficiente e inadequado. <o:p><\/o:p><\/span><\/div>\n<div style=\"line-height: 150%; text-align: justify; text-indent: 35.45pt;\"><span style=\"font-family: &quot;Times New Roman&quot;,&quot;serif&quot;; font-size: 12.0pt; line-height: 150%;\">Segundo Carla, os resultados dessa pesquisa servem para \u201campliar os debates acerca do papel do professor, do aluno e de todos os envolvidos nas institui\u00e7\u00f5es escolares\u201d. Ela diz ainda que o motivo de ter realizado essa pesquisa foi para ouvir e compreender os alunos, j\u00e1 que s\u00e3o poucos os momentos em que eles s\u00e3o efetivamente ouvidos. \u201cAcredito que deixar de ouvi-los \u00e9 assumir o risco do fim da profiss\u00e3o docente\u201d, conclui. <o:p><\/o:p><\/span><\/div>\n<div style=\"line-height: 150%; text-align: justify; text-indent: 35.45pt;\"><span style=\"font-family: &quot;Times New Roman&quot;,&quot;serif&quot;; font-size: 12.0pt; line-height: 150%;\">O pr\u00f3ximo evento do Programa de Extens\u00e3o \u201cUniver-Cidade\u201d ser\u00e1 realizado no dia 27 de outubro no Audit\u00f3rio do Col\u00e9gio Polit\u00e9cnico (Rua Bar\u00e3o de Cotegipe, n\u00b0 400) \u00e0s 19h, abordando o tema \u201cEduca\u00e7\u00e3o Profissional e as novas formas de trabalho e produ\u00e7\u00e3o\u201d, e ser\u00e1 ministrado pelo professor Jefferson Carriello do Carmo. A atividade \u00e9 aberta a todos os interessados, sem a necessidade de inscri\u00e7\u00e3o antecipada. Mais informa\u00e7\u00f5es sobre o programa e a agenda de eventos previstos at\u00e9 o segundo semestre de 2016 est\u00e3o dispon\u00edveis no blog <a href=\"https:\/\/univercidade.wordpress.com\/\">univercidade.wordpress.com<\/a> ou na p\u00e1gina <a href=\"https:\/\/www.facebook.com\/PPGEUniso\">PPGEUniso<\/a> no Facebook.<o:p><\/o:p><\/span><\/div>\n<div align=\"right\" style=\"text-align: right; text-indent: 35.45pt;\"><\/div>\n<div align=\"right\" style=\"text-align: right; text-indent: 35.45pt;\"><b><span style=\"font-family: &quot;Times New Roman&quot;,&quot;serif&quot;;\">Ag\u00eanciaJor\/Uniso<\/span><\/b><span style=\"font-family: &quot;Times New Roman&quot;,&quot;serif&quot;;\"><o:p><\/o:p><\/span><\/div>\n","protected":false},"excerpt":{"rendered":"<p>O que os alunos pensam dos professores? Essa foi a quest\u00e3o levantada pela professora Carla Lechugo em pesquisas realizadas durante<\/p>\n","protected":false},"author":1,"featured_media":0,"comment_status":"open","ping_status":"open","sticky":false,"template":"","format":"standard","meta":{"colormag_page_container_layout":"default_layout","colormag_page_sidebar_layout":"default_layout","footnotes":""},"categories":[1],"tags":[],"class_list":["post-530","post","type-post","status-publish","format-standard","hentry","category-uncategorized"],"featured_image_urls":{"full":"","thumbnail":"","medium":"","medium_large":"","large":"","1536x1536":"","2048x2048":"","colormag-highlighted-post":"","colormag-featured-post-medium":"","colormag-featured-post-small":"","colormag-featured-image":"","colormag-default-news":"","colormag-featured-image-large":""},"author_info":{"info":["focas"]},"category_info":"<a href=\"https:\/\/focas.uniso.br\/index.php\/category\/uncategorized\/\" rel=\"category tag\">Uncategorized<\/a>","tag_info":"Uncategorized","comment_count":"0","_links":{"self":[{"href":"https:\/\/focas.uniso.br\/index.php\/wp-json\/wp\/v2\/posts\/530","targetHints":{"allow":["GET"]}}],"collection":[{"href":"https:\/\/focas.uniso.br\/index.php\/wp-json\/wp\/v2\/posts"}],"about":[{"href":"https:\/\/focas.uniso.br\/index.php\/wp-json\/wp\/v2\/types\/post"}],"author":[{"embeddable":true,"href":"https:\/\/focas.uniso.br\/index.php\/wp-json\/wp\/v2\/users\/1"}],"replies":[{"embeddable":true,"href":"https:\/\/focas.uniso.br\/index.php\/wp-json\/wp\/v2\/comments?post=530"}],"version-history":[{"count":0,"href":"https:\/\/focas.uniso.br\/index.php\/wp-json\/wp\/v2\/posts\/530\/revisions"}],"wp:attachment":[{"href":"https:\/\/focas.uniso.br\/index.php\/wp-json\/wp\/v2\/media?parent=530"}],"wp:term":[{"taxonomy":"category","embeddable":true,"href":"https:\/\/focas.uniso.br\/index.php\/wp-json\/wp\/v2\/categories?post=530"},{"taxonomy":"post_tag","embeddable":true,"href":"https:\/\/focas.uniso.br\/index.php\/wp-json\/wp\/v2\/tags?post=530"}],"curies":[{"name":"wp","href":"https:\/\/api.w.org\/{rel}","templated":true}]}}