{"id":5301,"date":"2026-03-16T09:45:27","date_gmt":"2026-03-16T12:45:27","guid":{"rendered":"https:\/\/focas.uniso.br\/?p=5301"},"modified":"2026-04-01T09:26:34","modified_gmt":"2026-04-01T12:26:34","slug":"nos-bastidores-da-uniso-mulheres-que-fazem-a-universidade-acontecer","status":"publish","type":"post","link":"https:\/\/focas.uniso.br\/index.php\/2026\/03\/16\/nos-bastidores-da-uniso-mulheres-que-fazem-a-universidade-acontecer\/","title":{"rendered":"Nos bastidores da Uniso: mulheres que fazem a universidade acontecer"},"content":{"rendered":"\n<p><em>[S\u00e9rie M\u00eas das Mulheres] A hist\u00f3ria de tr\u00eas mulheres que trabalham na Universidade de Sorocaba e ajudam a garantir o funcionamento da institui\u00e7\u00e3o por meio de sua atua\u00e7\u00e3o profissional.<\/em><\/p>\n\n\n\n<p>Por Sophia Ruivo Pompeu (Ag\u00eancia Focas \u2013 Jornalismo Uniso)<\/p>\n\n\n\n<figure class=\"wp-block-image aligncenter size-large\"><img loading=\"lazy\" decoding=\"async\" width=\"1024\" height=\"768\" src=\"https:\/\/focas.uniso.br\/wp-content\/uploads\/2026\/03\/16.03.26-1024x768.jpeg\" alt=\"\" class=\"wp-image-5304\" srcset=\"https:\/\/focas.uniso.br\/wp-content\/uploads\/2026\/03\/16.03.26-1024x768.jpeg 1024w, https:\/\/focas.uniso.br\/wp-content\/uploads\/2026\/03\/16.03.26-300x225.jpeg 300w, https:\/\/focas.uniso.br\/wp-content\/uploads\/2026\/03\/16.03.26-768x576.jpeg 768w, https:\/\/focas.uniso.br\/wp-content\/uploads\/2026\/03\/16.03.26-1536x1152.jpeg 1536w, https:\/\/focas.uniso.br\/wp-content\/uploads\/2026\/03\/16.03.26.jpeg 1600w\" sizes=\"auto, (max-width: 1024px) 100vw, 1024px\" \/><\/figure>\n\n\n\n<p class=\"has-text-align-center\"><sub>Eliana de Barros, t\u00e9cnica do laborat\u00f3rio de alimentos, e sua amiga Graziela Rodrigues de Souza, auxiliar administrativo, no laborat\u00f3rio de Bar | Cr\u00e9dito: Sophia Ruivo<\/sub><\/p>\n\n\n\n<p>O som de passos apressados e conversas cruzadas ecoa pelos corredores do campus Cidade Universit\u00e1ria Professor Aldo Vannucchi da Universidade de Sorocaba (Uniso). Estudantes ansiosos por seu futuro, professores esperando compartilhar seus conhecimentos e colaboradores de todas as \u00e1reas dando o seu melhor para manter a rotina funcionando.<\/p>\n\n\n\n<p>N\u00e3o \u00e9 incomum olhar ao redor e sem prestar aten\u00e7\u00e3o nas equipes dos bastidores; no m\u00e1ximo, vemos t\u00e9cnicos ou pessoas do apoio. Mas algu\u00e9m realmente conhece as mulheres que trabalham na Uniso?<\/p>\n\n\n\n<p>Al\u00e9m de professores e coordenadores, h\u00e1 profissionais que atuam nos bastidores da rotina universit\u00e1ria. Entre eles est\u00e3o Emily Schiav, Eliana de Barros e Milena Marques, mulheres que, de formas diferentes, ajudam a transformar o cotidiano de quem passa pela universidade diariamente.<\/p>\n\n\n\n<p><strong>Entre jalecos brancos<\/strong><\/p>\n\n\n\n<p>Ao entrar no apoio de anatomia, estudantes andam de um lado para o outro, procurando jalecos e equipamentos para entrar no laborat\u00f3rio. No meio dessa movimenta\u00e7\u00e3o toda, h\u00e1 uma garota simp\u00e1tica e prestativa que trabalha para ajudar os alunos. Essa \u00e9 Emily Schiav, de 21 anos, estagi\u00e1ria de apoio t\u00e9cnico de laborat\u00f3rio.<\/p>\n\n\n\n<figure class=\"wp-block-image aligncenter size-large\"><img loading=\"lazy\" decoding=\"async\" width=\"576\" height=\"1024\" src=\"https:\/\/focas.uniso.br\/wp-content\/uploads\/2026\/03\/16-576x1024.jpeg\" alt=\"\" class=\"wp-image-5302\" srcset=\"https:\/\/focas.uniso.br\/wp-content\/uploads\/2026\/03\/16-576x1024.jpeg 576w, https:\/\/focas.uniso.br\/wp-content\/uploads\/2026\/03\/16-169x300.jpeg 169w, https:\/\/focas.uniso.br\/wp-content\/uploads\/2026\/03\/16-768x1365.jpeg 768w, https:\/\/focas.uniso.br\/wp-content\/uploads\/2026\/03\/16-864x1536.jpeg 864w, https:\/\/focas.uniso.br\/wp-content\/uploads\/2026\/03\/16.jpeg 900w\" sizes=\"auto, (max-width: 576px) 100vw, 576px\" \/><\/figure>\n\n\n\n<p class=\"has-text-align-center\"><sub>Emily Schiav, estagi\u00e1ria do Laborat\u00f3rio de Anatomia | Arquivo pessoal<\/sub><\/p>\n\n\n\n<p>No dia a dia, Emily atua auxiliando os professores nas aulas. Ela cataloga materiais do laborat\u00f3rio, participa do Uniso Tour \u2013 um servi\u00e7o que apresenta o campus para visitantes externos ou pessoas em in\u00edcio de curso \u2013 e ajuda alunos que precisam de orienta\u00e7\u00e3o ou apoio, sempre com ar prestativo e simpatia.<\/p>\n\n\n\n<p>Mesmo estando na fun\u00e7\u00e3o h\u00e1 apenas tr\u00eas meses e meio, ela explica que seu trabalho tamb\u00e9m representa a imagem da universidade para quem chega. \u201cA gente sabe que somos a cara da faculdade, n\u00e9? A gente tem que ser bem cordial, bem receptivo.\u201d<\/p>\n\n\n\n<p>Em sua sala, seu trabalho pode parecer singelo, mas \u00e9 essencial para o funcionamento das aulas e para a vida de futuros estudantes. Muitas vezes, o que convence um estudante de que aquele pode ser o seu futuro \u00e9 justamente ser recebido com um sorriso, gentileza e disposi\u00e7\u00e3o para ajudar.<\/p>\n\n\n\n<p>Para Emily, uma das a\u00e7\u00f5es mais gratificantes do trabalho \u00e9 poder contribuir com quem precisa. \u201cQuando voc\u00ea vai em algum lugar que a pessoa \u00e9 mais receptiva com a gente, nos sentimos melhor.\u201d Esse sentimento tamb\u00e9m pode ser carregado ao longo de uma carreira, como conta outra t\u00e9cnica que j\u00e1 tem 18 anos na Uniso.<\/p>\n\n\n\n<p><strong>Uma funcion\u00e1ria homenageada por alunos<\/strong><\/p>\n\n\n\n<p>No bloco E, ao lado do bar iluminado \u2013 que \u00e9 um do laborat\u00f3rio do curso de Gastronomia \u2013 com garrafas decorando prateleiras e quadros decorativos de bebidas e utens\u00edlios de culin\u00e1ria, h\u00e1 uma sala administrativa, onde encontramos Eliana de Barros, de 54 anos. Ela \u00e9 t\u00e9cnica do laborat\u00f3rio de alimentos, mas j\u00e1 passou por diferentes fun\u00e7\u00f5es na universidade. Come\u00e7ou na limpeza, quando o servi\u00e7o ainda era terceirizado, depois trabalhou na copa e atualmente atua nos laborat\u00f3rios de alimentos e no bar experimental utilizado em aulas. \u201cEu gosto muito do que eu fa\u00e7o; \u00e9 bem satisfat\u00f3rio, eu amo. [&#8230;] A gente trabalha junto, conversa, ri de um lado, vai na sala do outro. \u00c9 muito bom aqui. \u00c9 bem gostoso.\u201d<\/p>\n\n\n\n<p>Em alguns momentos, o reconhecimento dos alunos aparece de formas inesperadas. Eliana lembra de um epis\u00f3dio que aconteceu quando uma turma de nutri\u00e7\u00e3o estava se formando. \u201cA gente sente, sim. \u00c0s vezes at\u00e9 somos homenageadas. Eu mesma j\u00e1 fui v\u00e1rias vezes, inclusive como melhor funcion\u00e1ria. Quando tem apresenta\u00e7\u00e3o, formatura ou cola\u00e7\u00e3o de grau, eles sempre falam coisas bem legais para n\u00f3s. Uma vez, quando as meninas de nutri\u00e7\u00e3o estavam se formando, fizeram at\u00e9 uma musiquinha para mim e para a Grazi.\u201d A Grazi \u00e9 a Graziela Rodrigues de Souza que tamb\u00e9m trabalha na Uniso como auxiliar administrativo.<\/p>\n\n\n\n<p>Saindo dos laborat\u00f3rios e indo para o hor\u00e1rio do intervalo, a fila para comprar comida pode ser notada de longe, o cheiro de salgados atrai estudantes e professores que usam esse curto per\u00edodo para relaxar e se preparar para mais um per\u00edodo de reflex\u00f5es e descobertas.<\/p>\n\n\n\n<p><strong>Na fila da cantina<\/strong><\/p>\n\n\n\n<p>Assim como Emily e Eliana, Milena Marques, de 22 anos, tamb\u00e9m participa da rotina universit\u00e1ria como colaboradora. Estudante de Odontologia, ela trabalha h\u00e1 dois anos no Sabor do Saber, cantina localizada no bloco F.<\/p>\n\n\n\n<figure class=\"wp-block-image aligncenter size-large\"><img loading=\"lazy\" decoding=\"async\" width=\"576\" height=\"1024\" src=\"https:\/\/focas.uniso.br\/wp-content\/uploads\/2026\/03\/16.03-576x1024.jpeg\" alt=\"\" class=\"wp-image-5303\" srcset=\"https:\/\/focas.uniso.br\/wp-content\/uploads\/2026\/03\/16.03-576x1024.jpeg 576w, https:\/\/focas.uniso.br\/wp-content\/uploads\/2026\/03\/16.03-169x300.jpeg 169w, https:\/\/focas.uniso.br\/wp-content\/uploads\/2026\/03\/16.03.jpeg 720w\" sizes=\"auto, (max-width: 576px) 100vw, 576px\" \/><\/figure>\n\n\n\n<p class=\"has-text-align-center\"><sub>Milena Marques, colaboradora do Sabor do Saber | Arquivo pessoal<\/sub><\/p>\n\n\n\n<p>Dividindo o dia entre as aulas pela manh\u00e3 e o trabalho \u00e0 noite, Milena afirma que o ambiente da universidade \u00e9 um dos aspectos mais marcantes da experi\u00eancia acad\u00eamica. \u201cOs professores s\u00e3o super pr\u00f3ximos, d\u00e3o aten\u00e7\u00e3o a tudo.\u201d<\/p>\n\n\n\n<p>Em seu trabalho, ela percebe a import\u00e2ncia e a responsabilidade de oferecer um bom servi\u00e7o na cantina. \u201cEu acho muito importante a responsabilidade que a gente tem de oferecer algo bom e com um custo acess\u00edvel, tanto para mim quanto para eles. Muita gente chega aqui, principalmente \u00e0 noite, morrendo de fome depois de trabalhar o dia inteiro e querendo um jantar ou alguma coisa r\u00e1pida, at\u00e9 porque a gente sabe que entre as aulas o intervalo \u00e9 curto. Ent\u00e3o eu sinto necessidade de garantir que todo mundo coma bem e consiga passar pelas aulas com tranquilidade.\u201d<\/p>\n\n\n\n<p>Para Milena, o clima entre as pessoas no atendimento ao p\u00fablico faz diferen\u00e7a no cotidiano. \u201cTodo dia eu penso que eu gosto de estar aqui, porque o ambiente \u00e9 legal, o clima \u00e9 legal. As pessoas s\u00e3o muito simp\u00e1ticas. Mesmo quando voc\u00ea n\u00e3o est\u00e1 bem, as pessoas continuam super simp\u00e1ticas.\u201d<\/p>\n\n\n\n<p>No meio da correria do dia a dia universit\u00e1rio, essas e muitas outras profissionais seguem trabalhando para manter a rotina da institui\u00e7\u00e3o em funcionamento. Muitas vezes longe da aten\u00e7\u00e3o de quem passa pelos corredores, s\u00e3o elas que ajudam a garantir que aulas, laborat\u00f3rios e servi\u00e7os continuem acontecendo todos os dias.<\/p>\n\n\n\n<p><\/p>\n","protected":false},"excerpt":{"rendered":"<p>[S\u00e9rie M\u00eas das Mulheres] A hist\u00f3ria de tr\u00eas mulheres que trabalham na Universidade de Sorocaba e ajudam a garantir o<\/p>\n","protected":false},"author":1,"featured_media":0,"comment_status":"open","ping_status":"open","sticky":false,"template":"","format":"standard","meta":{"colormag_page_container_layout":"default_layout","colormag_page_sidebar_layout":"default_layout","footnotes":""},"categories":[15,16,9,7,14],"tags":[41,29,28],"class_list":["post-5301","post","type-post","status-publish","format-standard","hentry","category-jornalismo","category-jornalismo-digital","category-jornalismo-online","category-reportagens-especiais","category-uniso","tag-focas-na-rede","tag-jornalismo","tag-uniso"],"featured_image_urls":{"full":"","thumbnail":"","medium":"","medium_large":"","large":"","1536x1536":"","2048x2048":"","colormag-highlighted-post":"","colormag-featured-post-medium":"","colormag-featured-post-small":"","colormag-featured-image":"","colormag-default-news":"","colormag-featured-image-large":""},"author_info":{"info":["focas"]},"category_info":"<a href=\"https:\/\/focas.uniso.br\/index.php\/category\/jornalismo\/\" rel=\"category tag\">Jornalismo<\/a> <a href=\"https:\/\/focas.uniso.br\/index.php\/category\/jornalismo-digital\/\" rel=\"category tag\">jornalismo digital<\/a> <a href=\"https:\/\/focas.uniso.br\/index.php\/category\/jornalismo-online\/\" rel=\"category tag\">jornalismo online<\/a> <a href=\"https:\/\/focas.uniso.br\/index.php\/category\/reportagens-especiais\/\" rel=\"category tag\">Reportagens Especiais<\/a> <a href=\"https:\/\/focas.uniso.br\/index.php\/category\/uniso\/\" rel=\"category tag\">Uniso<\/a>","tag_info":"Uniso","comment_count":"0","_links":{"self":[{"href":"https:\/\/focas.uniso.br\/index.php\/wp-json\/wp\/v2\/posts\/5301","targetHints":{"allow":["GET"]}}],"collection":[{"href":"https:\/\/focas.uniso.br\/index.php\/wp-json\/wp\/v2\/posts"}],"about":[{"href":"https:\/\/focas.uniso.br\/index.php\/wp-json\/wp\/v2\/types\/post"}],"author":[{"embeddable":true,"href":"https:\/\/focas.uniso.br\/index.php\/wp-json\/wp\/v2\/users\/1"}],"replies":[{"embeddable":true,"href":"https:\/\/focas.uniso.br\/index.php\/wp-json\/wp\/v2\/comments?post=5301"}],"version-history":[{"count":2,"href":"https:\/\/focas.uniso.br\/index.php\/wp-json\/wp\/v2\/posts\/5301\/revisions"}],"predecessor-version":[{"id":5306,"href":"https:\/\/focas.uniso.br\/index.php\/wp-json\/wp\/v2\/posts\/5301\/revisions\/5306"}],"wp:attachment":[{"href":"https:\/\/focas.uniso.br\/index.php\/wp-json\/wp\/v2\/media?parent=5301"}],"wp:term":[{"taxonomy":"category","embeddable":true,"href":"https:\/\/focas.uniso.br\/index.php\/wp-json\/wp\/v2\/categories?post=5301"},{"taxonomy":"post_tag","embeddable":true,"href":"https:\/\/focas.uniso.br\/index.php\/wp-json\/wp\/v2\/tags?post=5301"}],"curies":[{"name":"wp","href":"https:\/\/api.w.org\/{rel}","templated":true}]}}