{"id":5307,"date":"2026-03-16T10:35:04","date_gmt":"2026-03-16T13:35:04","guid":{"rendered":"https:\/\/focas.uniso.br\/?p=5307"},"modified":"2026-03-16T10:35:04","modified_gmt":"2026-03-16T13:35:04","slug":"alem-de-melhor-filme-internacional-veja-5-participacoes-brasileiras-no-oscar-ao-longo-da-historia","status":"publish","type":"post","link":"https:\/\/focas.uniso.br\/index.php\/2026\/03\/16\/alem-de-melhor-filme-internacional-veja-5-participacoes-brasileiras-no-oscar-ao-longo-da-historia\/","title":{"rendered":"Al\u00e9m de Melhor Filme Internacional: veja 5 participa\u00e7\u00f5es brasileiras no Oscar ao longo da hist\u00f3ria"},"content":{"rendered":"\n<p><em>Brasil j\u00e1 foi indicado em outras categorias da premia\u00e7\u00e3o, realizada no \u00faltimo domingo<\/em><\/p>\n\n\n\n<p>Por Gustavo Guebert e Mar Carrasco (Ag\u00eancia Focas \u2013 Jornalismo Uniso)<\/p>\n\n\n\n<figure class=\"wp-block-image aligncenter size-large\"><img loading=\"lazy\" decoding=\"async\" width=\"1024\" height=\"538\" src=\"https:\/\/focas.uniso.br\/wp-content\/uploads\/2026\/03\/3a0ee0e9a86fe3ca573d398e5d45d249-1024x538.jpg\" alt=\"\" class=\"wp-image-5308\" srcset=\"https:\/\/focas.uniso.br\/wp-content\/uploads\/2026\/03\/3a0ee0e9a86fe3ca573d398e5d45d249-1024x538.jpg 1024w, https:\/\/focas.uniso.br\/wp-content\/uploads\/2026\/03\/3a0ee0e9a86fe3ca573d398e5d45d249-300x158.jpg 300w, https:\/\/focas.uniso.br\/wp-content\/uploads\/2026\/03\/3a0ee0e9a86fe3ca573d398e5d45d249-768x403.jpg 768w, https:\/\/focas.uniso.br\/wp-content\/uploads\/2026\/03\/3a0ee0e9a86fe3ca573d398e5d45d249-1536x806.jpg 1536w, https:\/\/focas.uniso.br\/wp-content\/uploads\/2026\/03\/3a0ee0e9a86fe3ca573d398e5d45d249-390x205.jpg 390w, https:\/\/focas.uniso.br\/wp-content\/uploads\/2026\/03\/3a0ee0e9a86fe3ca573d398e5d45d249.jpg 1920w\" sizes=\"auto, (max-width: 1024px) 100vw, 1024px\" \/><\/figure>\n\n\n\n<p>A premia\u00e7\u00e3o do Oscar 2026 foi realizada na noite de domingo, dia 15, e o Brasil, pelo segundo ano consecutivo, foi indicado na principal categoria da noite, a de Melhor Filme. No ano passado, o longa <em>Ainda Estou Aqui<\/em>, dirigido por Walter Salles, fez hist\u00f3ria ao ser indicado em tr\u00eas categorias: Melhor Filme, Melhor Atriz pela atua\u00e7\u00e3o de Fernanda Torres e Melhor Filme Internacional, vencendo esta \u00faltima.<\/p>\n\n\n\n<p>Neste ano, concorremos com o longa <em>O Agente Secreto<\/em>, dirigido por Kleber Mendon\u00e7a Filho. O filme foi indicado em quatro categorias: Melhor Filme, Melhor Filme Internacional, Melhor Ator, para Wagner Moura, e Melhor Elenco, por\u00e9m n\u00e3o levou nenhuma estatueta para casa.<\/p>\n\n\n\n<p>O Brasil j\u00e1 concorreu \u00e0 categoria de Melhor Filme Internacional, antes chamada Melhor Filme em L\u00edngua Estrangeira, outras quatro vezes: em 1963, por <em>O Pagador de Promessas<\/em>, em 1996, por <em>O Quatrilho<\/em>, em 1998, por <em>O Que \u00e9 Isso, Companheiro?<\/em>, e em 1999, por <em>Central do Brasil<\/em>, por\u00e9m n\u00e3o levou a estatueta nenhuma das vezes.<\/p>\n\n\n\n<p>Mas o Brasil j\u00e1 foi indicado a outras categorias do Oscar, e aqui vai uma lista de cinco vezes em que a Academia de Artes e Ci\u00eancias Cinematogr\u00e1ficas reconheceu talentos brasileiros:<\/p>\n\n\n\n<ul class=\"wp-block-list\">\n<li><strong><em>O Beijo da Mulher-Aranha<\/em><\/strong><strong> (1986)<\/strong><\/li>\n<\/ul>\n\n\n\n<p>O filme, coprodu\u00e7\u00e3o estadunidense e brasileira, foi nomeado a quatro categorias na premia\u00e7\u00e3o de 1986: Melhor Filme, Melhor Diretor, para o argentino naturalizado brasileiro Hector Babenco, Melhor Ator, para o estadunidense William Hurt, e Melhor Roteiro Adaptado, para o tamb\u00e9m estadunidense Leonard Schrader.<\/p>\n\n\n\n<p>O longa, que conta a hist\u00f3ria de dois presidi\u00e1rios durante a ditadura militar no Brasil, venceu apenas na categoria de Melhor Ator, e foi respons\u00e1vel por introduzir a atriz brasileira S\u00f4nia Braga no cinema internacional. Ela posteriormente faria carreira em Hollywood, participando de filmes e s\u00e9ries de sucesso, como <em>Sex and the City<\/em> e <em>A Primeira Profecia<\/em>.<\/p>\n\n\n\n<ul class=\"wp-block-list\">\n<li><strong><em>Cidade de Deus<\/em><\/strong><strong> (2004)<\/strong><\/li>\n<\/ul>\n\n\n\n<p>Este \u00e9 um caso curioso, onde um filme brasileiro foi nomeado pela Academia em categorias importantes, mas n\u00e3o na ent\u00e3o chamada Melhor Filme em L\u00edngua Estrangeira. O longa, que se passa na Cidade de Deus e trata do crime organizado, recebeu quatro indica\u00e7\u00f5es: Melhor Diretor, para Fernando Meirelles, Melhor Roteiro Adaptado, para Br\u00e1ulio Mantovani, Melhor Edi\u00e7\u00e3o, para Daniel Rezende, e Melhor Fotografia, para C\u00e9sar Charlone.<\/p>\n\n\n\n<p>O filme n\u00e3o levou nenhuma estatueta, mas ajudou a divulgar o trabalho do cineasta brasileiro Fernando Meirelles, que fez grandes filmes nos EUA, como <em>O Jardineiro Fiel<\/em>, <em>Ensaio sobre a Cegueira<\/em> e <em>Dois Papas<\/em>.<\/p>\n\n\n\n<ul class=\"wp-block-list\">\n<li><strong><em>O Menino e o Mundo<\/em><\/strong><strong> (2016)<\/strong><\/li>\n<\/ul>\n\n\n\n<p>A anima\u00e7\u00e3o brasileira foi reconhecida em 2016 com uma nomea\u00e7\u00e3o na categoria de Melhor Filme de Anima\u00e7\u00e3o. O longa, dirigido por Al\u00ea Abreu, tem estilo de anima\u00e7\u00e3o inventivo e hist\u00f3ria tocante, e foi aclamado pela cr\u00edtica, vencendo premia\u00e7\u00f5es na Fran\u00e7a e no Egito. Por\u00e9m, o filme n\u00e3o levou o Oscar.<\/p>\n\n\n\n<ul class=\"wp-block-list\">\n<li><strong><em>O Sal da Terra<\/em><\/strong><strong> (2015)<\/strong><\/li>\n<\/ul>\n\n\n\n<p>O filme, coprodu\u00e7\u00e3o francesa, italiana e brasileira, concorreu na categoria de Melhor Document\u00e1rio, e conta com a dire\u00e7\u00e3o do alem\u00e3o Wim Wenders e do brasileiro Juliano Salgado, filho do fot\u00f3grafo brasileiro Sebasti\u00e3o Salgado, cuja vida e obra s\u00e3o o tema do longa. O document\u00e1rio n\u00e3o levou o pr\u00eamio, mas fez homenagem ao brasileiro que \u00e9 considerado um dos maiores fot\u00f3grafos do mundo.<\/p>\n\n\n\n<ul class=\"wp-block-list\">\n<li><strong><em>Democracia em Vertigem<\/em><\/strong><strong> (2020)<\/strong><\/li>\n<\/ul>\n\n\n\n<p>Novamente na categoria de Melhor Document\u00e1rio, o longa Democracia em Vertigem, dirigido por Petra Costa, figurou entre os indicados em 2020. O filme trata do impeachment da presidenta Dilma Rousseff, que foi tirada do cargo em 2016, e tra\u00e7a uma linha do tempo do Brasil que sucedeu os protestos de 2013 at\u00e9 a elei\u00e7\u00e3o de Jair Bolsonaro para a presid\u00eancia em 2018. O filme tamb\u00e9m n\u00e3o levou o pr\u00eamio, e sua indica\u00e7\u00e3o, bem como seu tema, foi polarizante, com a direita criticando o longa e sua nomea\u00e7\u00e3o e a esquerda os louvando.<\/p>\n\n\n\n<p><strong>Um filme franc\u00eas brasileiro?<\/strong><\/p>\n\n\n\n<p>Tamb\u00e9m vale a pena mencionar o caso do longa <em>Orfeu Negro<\/em>, vencedor do Oscar de Melhor Filme em L\u00edngua Estrangeira em 1960. O filme, coprodu\u00e7\u00e3o italiana, francesa e brasileira, se passa no Brasil e \u00e9 falado em portugu\u00eas, e tem seu enredo baseado numa obra de Vin\u00edcius de Moraes. Por\u00e9m, o longa representou a Fran\u00e7a naquele ano, e n\u00e3o o Brasil, ent\u00e3o sua vit\u00f3ria \u00e9 creditada como francesa, e n\u00e3o brasileira.<\/p>\n\n\n\n<p><\/p>\n","protected":false},"excerpt":{"rendered":"<p>Brasil j\u00e1 foi indicado em outras categorias da premia\u00e7\u00e3o, realizada no \u00faltimo domingo Por Gustavo Guebert e Mar Carrasco (Ag\u00eancia<\/p>\n","protected":false},"author":1,"featured_media":0,"comment_status":"open","ping_status":"open","sticky":false,"template":"","format":"standard","meta":{"colormag_page_container_layout":"default_layout","colormag_page_sidebar_layout":"default_layout","footnotes":""},"categories":[15,16,9,14],"tags":[41,29,28],"class_list":["post-5307","post","type-post","status-publish","format-standard","hentry","category-jornalismo","category-jornalismo-digital","category-jornalismo-online","category-uniso","tag-focas-na-rede","tag-jornalismo","tag-uniso"],"featured_image_urls":{"full":"","thumbnail":"","medium":"","medium_large":"","large":"","1536x1536":"","2048x2048":"","colormag-highlighted-post":"","colormag-featured-post-medium":"","colormag-featured-post-small":"","colormag-featured-image":"","colormag-default-news":"","colormag-featured-image-large":""},"author_info":{"info":["focas"]},"category_info":"<a href=\"https:\/\/focas.uniso.br\/index.php\/category\/jornalismo\/\" rel=\"category tag\">Jornalismo<\/a> <a href=\"https:\/\/focas.uniso.br\/index.php\/category\/jornalismo-digital\/\" rel=\"category tag\">jornalismo digital<\/a> <a href=\"https:\/\/focas.uniso.br\/index.php\/category\/jornalismo-online\/\" rel=\"category tag\">jornalismo online<\/a> <a href=\"https:\/\/focas.uniso.br\/index.php\/category\/uniso\/\" rel=\"category tag\">Uniso<\/a>","tag_info":"Uniso","comment_count":"0","_links":{"self":[{"href":"https:\/\/focas.uniso.br\/index.php\/wp-json\/wp\/v2\/posts\/5307","targetHints":{"allow":["GET"]}}],"collection":[{"href":"https:\/\/focas.uniso.br\/index.php\/wp-json\/wp\/v2\/posts"}],"about":[{"href":"https:\/\/focas.uniso.br\/index.php\/wp-json\/wp\/v2\/types\/post"}],"author":[{"embeddable":true,"href":"https:\/\/focas.uniso.br\/index.php\/wp-json\/wp\/v2\/users\/1"}],"replies":[{"embeddable":true,"href":"https:\/\/focas.uniso.br\/index.php\/wp-json\/wp\/v2\/comments?post=5307"}],"version-history":[{"count":1,"href":"https:\/\/focas.uniso.br\/index.php\/wp-json\/wp\/v2\/posts\/5307\/revisions"}],"predecessor-version":[{"id":5309,"href":"https:\/\/focas.uniso.br\/index.php\/wp-json\/wp\/v2\/posts\/5307\/revisions\/5309"}],"wp:attachment":[{"href":"https:\/\/focas.uniso.br\/index.php\/wp-json\/wp\/v2\/media?parent=5307"}],"wp:term":[{"taxonomy":"category","embeddable":true,"href":"https:\/\/focas.uniso.br\/index.php\/wp-json\/wp\/v2\/categories?post=5307"},{"taxonomy":"post_tag","embeddable":true,"href":"https:\/\/focas.uniso.br\/index.php\/wp-json\/wp\/v2\/tags?post=5307"}],"curies":[{"name":"wp","href":"https:\/\/api.w.org\/{rel}","templated":true}]}}