{"id":531,"date":"2015-10-02T22:30:00","date_gmt":"2015-10-02T22:30:00","guid":{"rendered":"http:\/\/focas.uniso.br\/index.php\/2015\/10\/02\/ex-alunos-compartilham-experiencias-em-evento-de-relacoes-publicas-na-uniso\/"},"modified":"2015-10-02T22:30:00","modified_gmt":"2015-10-02T22:30:00","slug":"ex-alunos-compartilham-experiencias-em-evento-de-relacoes-publicas-na-uniso","status":"publish","type":"post","link":"https:\/\/focas.uniso.br\/index.php\/2015\/10\/02\/ex-alunos-compartilham-experiencias-em-evento-de-relacoes-publicas-na-uniso\/","title":{"rendered":"Ex-alunos compartilham experi\u00eancias em evento de Rela\u00e7\u00f5es P\u00fablicas na Uniso"},"content":{"rendered":"<div style=\"text-align: justify;\"><span style=\"font-family: &quot;Times New Roman&quot;,&quot;serif&quot;; font-size: 12.0pt; line-height: 115%;\">O 5\u00ba Encontro de Rela\u00e7\u00f5es P\u00fablicas reuniu alunos e ex-alunos do curso de Rela\u00e7\u00f5es P\u00fablicas da Universidade de Sorocaba (Uniso) e de outras institui\u00e7\u00f5es, para promover a intera\u00e7\u00e3o entre estudantes e profissionais da \u00e1rea, na ter\u00e7a-feira, 29\/09, no Audit\u00f3rio da Biblioteca da Cidade Universit\u00e1ria Professor Aldo Vannucchi.<o:p><\/o:p><\/span><\/div>\n<div style=\"text-align: justify;\"><span style=\"font-family: &quot;Times New Roman&quot;,&quot;serif&quot;; font-size: 12.0pt; line-height: 115%;\"><br \/><\/span><\/div>\n<table cellpadding=\"0\" cellspacing=\"0\" style=\"float: left; margin-right: 1em; text-align: left;\">\n<tbody>\n<tr>\n<td style=\"text-align: center;\"><a href=\"http:\/\/1.bp.blogspot.com\/-JID97yXEP7A\/Vg8DBVdW1UI\/AAAAAAAAEHY\/TgJs5XOhulI\/s1600\/4.JPG\" style=\"clear: left; margin-bottom: 1em; margin-left: auto; margin-right: auto;\"><img loading=\"lazy\" decoding=\"async\" border=\"0\" height=\"267\" src=\"http:\/\/1.bp.blogspot.com\/-JID97yXEP7A\/Vg8DBVdW1UI\/AAAAAAAAEHY\/TgJs5XOhulI\/s400\/4.JPG\" width=\"400\" \/><\/a><\/td>\n<\/tr>\n<tr>\n<td style=\"text-align: center;\">Daniella Maranh\u00e3o explica as fun\u00e7\u00f5es que executa na ONG<br \/>Liga Solid\u00e1ria, em S\u00e3o Paulo (SP)<\/td>\n<\/tr>\n<\/tbody>\n<\/table>\n<div style=\"text-align: justify;\"><span style=\"font-family: &quot;Times New Roman&quot;,&quot;serif&quot;; font-size: 12.0pt; line-height: 115%;\">O evento teve como objetivo o compartilhamento de experi\u00eancias e o debate sobre o futuro da profiss\u00e3o e contou com a presen\u00e7a de quatro profissionais de rela\u00e7\u00f5es p\u00fablicas, atuantes no mercado de Sorocaba e regi\u00e3o. O aluno William Bezerra \u00e9 fot\u00f3grafo e montou, especialmente para o evento, a exposi\u00e7\u00e3o \u201cFlores de Outubro\u201d, em alus\u00e3o \u00e0 campanha Outubro Rosa, conhecida em todo o pa\u00eds por disseminar a import\u00e2ncia da preven\u00e7\u00e3o ao c\u00e2ncer de mama, por meio do auto-exame.<o:p><\/o:p><\/span><\/div>\n<div style=\"text-align: justify;\"><span style=\"font-family: &quot;Times New Roman&quot;,&quot;serif&quot;; font-size: 12.0pt; line-height: 115%;\"><br \/><\/span><\/div>\n<div style=\"text-align: justify;\"><span style=\"font-family: &quot;Times New Roman&quot;,&quot;serif&quot;; font-size: 12.0pt; line-height: 115%;\">Dentre os profissionais est\u00e1 Daniella de Albuquerque Maranh\u00e3o, respons\u00e1vel pelo marketing social e pela capta\u00e7\u00e3o de recursos da ONG Liga Solid\u00e1ria, de S\u00e3o Paulo (SP). Segundo Daniella, esse encontro entre profissionais \u00e9 importante para \u201cinspirar os alunos a seguirem um determinado campo de atua\u00e7\u00e3o da profiss\u00e3o\u201d. \u201cAprendi muito com os alunos tamb\u00e9m, pois sempre h\u00e1 o que aprender\u201d, completou.<o:p><\/o:p><\/span><\/div>\n<div style=\"text-align: justify;\"><span style=\"font-family: &quot;Times New Roman&quot;,&quot;serif&quot;; font-size: 12.0pt; line-height: 115%;\"><br \/><\/span><\/div>\n<div style=\"text-align: justify;\"><span style=\"font-family: &quot;Times New Roman&quot;,&quot;serif&quot;; font-size: 12.0pt; line-height: 115%;\">Para a estudante B\u00e1rbara Aparecida Santos Puletti, do 4\u00ba semestre, o evento foi importante para a escolha do segmento. \u201cFoi interessante, pois ajudou a me preparar para o mercado de trabalho. Considerei o evento como uma \u2018quase\u2019 troca de experi\u00eancias, j\u00e1 que os alunos aprenderam muito mais do que ensinaram\u201d, disse.<o:p><\/o:p><\/span><\/div>\n<div style=\"text-align: justify;\"><span style=\"font-family: &quot;Times New Roman&quot;,&quot;serif&quot;; font-size: 12.0pt; line-height: 115%;\"><\/span><br \/><span style=\"font-family: &quot;Times New Roman&quot;,&quot;serif&quot;; font-size: 12.0pt; line-height: 115%;\"><\/span><\/div>\n<div style=\"clear: both; text-align: center;\"><\/div>\n<table cellpadding=\"0\" cellspacing=\"0\" style=\"margin-left: auto; margin-right: auto; text-align: center;\">\n<tbody>\n<tr>\n<td style=\"text-align: center;\"><a href=\"http:\/\/4.bp.blogspot.com\/-dvfTcQ2MjU4\/Vg8FJCYrexI\/AAAAAAAAEHs\/u6Ljjr_tff4\/s1600\/2.JPG\" style=\"clear: right; margin-bottom: 1em; margin-left: auto; margin-right: auto;\"><img loading=\"lazy\" decoding=\"async\" border=\"0\" height=\"146\" src=\"http:\/\/4.bp.blogspot.com\/-dvfTcQ2MjU4\/Vg8FJCYrexI\/AAAAAAAAEHs\/u6Ljjr_tff4\/s400\/2.JPG\" width=\"400\" \/><\/a><\/td>\n<\/tr>\n<tr>\n<td style=\"text-align: center;\">Exposi\u00e7\u00e3o &#8220;Flores de Outubro&#8221;, do fot\u00f3grafo William Bezerra, faz&nbsp;alus\u00e3o<br \/>\u00e0 campanha Outubro Rosa, refer\u00eancia na luta contra o c\u00e2ncer de mama<\/td>\n<\/tr>\n<\/tbody>\n<\/table>\n<div style=\"text-align: justify;\"><span style=\"font-family: &quot;Times New Roman&quot;,&quot;serif&quot;; font-size: 12.0pt; line-height: 115%;\">Patr\u00edcia Gon\u00e7alves de Oliveira tem 23 anos e se formou em Rela\u00e7\u00f5es P\u00fablicas em 2013, pela Uniso. Ela considerou o evento produtivo e disse que quando era aluna participou de um evento assim. \u201cPercebi que o curso mudou bastante, mas a qualidade dos alunos ainda \u00e9 a mesma. Vim ao evento com o objetivo de conhecer outros aspectos do mercado de rela\u00e7\u00f5es p\u00fablicas na regi\u00e3o\u201d, explicou.<o:p><\/o:p><\/span><\/div>\n<div style=\"text-align: justify;\"><span style=\"font-family: &quot;Times New Roman&quot;,&quot;serif&quot;; font-size: 12.0pt; line-height: 115%;\"><br \/><\/span><\/div>\n<div style=\"text-align: justify;\"><span style=\"font-family: &quot;Times New Roman&quot;,&quot;serif&quot;; font-size: 12.0pt; line-height: 115%;\">Para a coordenadora do curso, professora M\u00e9rcia Segala Bruns, o principal objetivo do evento foi a troca de experi\u00eancias entre alunos da Uniso e de outras institui\u00e7\u00f5es da regi\u00e3o e profissionais j\u00e1 atuantes no mercado de trabalho. \u201cOs alunos conheceram v\u00e1rios nichos da profiss\u00e3o em que \u00e9 poss\u00edvel trabalhar\u201d, avaliou.<o:p><\/o:p><\/span><\/div>\n<div style=\"text-align: justify;\"><span style=\"font-family: &quot;Times New Roman&quot;,&quot;serif&quot;; font-size: 12.0pt; line-height: 115%;\"><br \/><\/span><\/div>\n<div align=\"right\" style=\"text-align: right;\"><\/div>\n<p><\/p>\n<div align=\"right\" style=\"text-align: right;\"><i><span style=\"font-family: &quot;Times New Roman&quot;,&quot;serif&quot;; font-size: 12.0pt; line-height: 115%;\">Henrique Belquior \u2013 Ag\u00eancia Jor Uniso<o:p><\/o:p><\/span><\/i><\/div>\n","protected":false},"excerpt":{"rendered":"<p>O 5\u00ba Encontro de Rela\u00e7\u00f5es P\u00fablicas reuniu alunos e ex-alunos do curso de Rela\u00e7\u00f5es P\u00fablicas da Universidade de Sorocaba (Uniso)<\/p>\n","protected":false},"author":1,"featured_media":0,"comment_status":"open","ping_status":"open","sticky":false,"template":"","format":"standard","meta":{"colormag_page_container_layout":"default_layout","colormag_page_sidebar_layout":"default_layout","footnotes":""},"categories":[1],"tags":[],"class_list":["post-531","post","type-post","status-publish","format-standard","hentry","category-uncategorized"],"featured_image_urls":{"full":"","thumbnail":"","medium":"","medium_large":"","large":"","1536x1536":"","2048x2048":"","colormag-highlighted-post":"","colormag-featured-post-medium":"","colormag-featured-post-small":"","colormag-featured-image":"","colormag-default-news":"","colormag-featured-image-large":""},"author_info":{"info":["focas"]},"category_info":"<a href=\"https:\/\/focas.uniso.br\/index.php\/category\/uncategorized\/\" rel=\"category tag\">Uncategorized<\/a>","tag_info":"Uncategorized","comment_count":"0","_links":{"self":[{"href":"https:\/\/focas.uniso.br\/index.php\/wp-json\/wp\/v2\/posts\/531","targetHints":{"allow":["GET"]}}],"collection":[{"href":"https:\/\/focas.uniso.br\/index.php\/wp-json\/wp\/v2\/posts"}],"about":[{"href":"https:\/\/focas.uniso.br\/index.php\/wp-json\/wp\/v2\/types\/post"}],"author":[{"embeddable":true,"href":"https:\/\/focas.uniso.br\/index.php\/wp-json\/wp\/v2\/users\/1"}],"replies":[{"embeddable":true,"href":"https:\/\/focas.uniso.br\/index.php\/wp-json\/wp\/v2\/comments?post=531"}],"version-history":[{"count":0,"href":"https:\/\/focas.uniso.br\/index.php\/wp-json\/wp\/v2\/posts\/531\/revisions"}],"wp:attachment":[{"href":"https:\/\/focas.uniso.br\/index.php\/wp-json\/wp\/v2\/media?parent=531"}],"wp:term":[{"taxonomy":"category","embeddable":true,"href":"https:\/\/focas.uniso.br\/index.php\/wp-json\/wp\/v2\/categories?post=531"},{"taxonomy":"post_tag","embeddable":true,"href":"https:\/\/focas.uniso.br\/index.php\/wp-json\/wp\/v2\/tags?post=531"}],"curies":[{"name":"wp","href":"https:\/\/api.w.org\/{rel}","templated":true}]}}