{"id":532,"date":"2015-10-02T14:48:00","date_gmt":"2015-10-02T14:48:00","guid":{"rendered":"http:\/\/focas.uniso.br\/index.php\/2015\/10\/02\/uniso-firma-convenio-com-a-tv-legislativa\/"},"modified":"2015-10-02T14:48:00","modified_gmt":"2015-10-02T14:48:00","slug":"uniso-firma-convenio-com-a-tv-legislativa","status":"publish","type":"post","link":"https:\/\/focas.uniso.br\/index.php\/2015\/10\/02\/uniso-firma-convenio-com-a-tv-legislativa\/","title":{"rendered":"Uniso firma conv\u00eanio com a TV Legislativa"},"content":{"rendered":"<div style=\"text-align: center;\"><\/div>\n<div style=\"clear: both; text-align: center;\"><\/div>\n<div style=\"clear: both; text-align: center;\"><a href=\"http:\/\/3.bp.blogspot.com\/-OeQ-Kynt0ng\/Vg6Yw2hPy9I\/AAAAAAAAEHA\/FznmLNT2-K0\/s1600\/assinatura%2Bdo%2Bconv%25C3%25AAnio%2Bno%2Best%25C3%25BAdio.JPG\" style=\"clear: right; float: right; margin-bottom: 1em; margin-left: 1em;\"><img loading=\"lazy\" decoding=\"async\" border=\"0\" height=\"262\" src=\"http:\/\/3.bp.blogspot.com\/-OeQ-Kynt0ng\/Vg6Yw2hPy9I\/AAAAAAAAEHA\/FznmLNT2-K0\/s400\/assinatura%2Bdo%2Bconv%25C3%25AAnio%2Bno%2Best%25C3%25BAdio.JPG\" width=\"400\" \/><\/a><\/div>\n<div style=\"text-align: center;\">\n<div style=\"text-align: justify;\">A Universidade de Sorocaba e a C\u00e2mara Municipal firmaram nessa sexta-feira (02) uma parceria para veicula\u00e7\u00e3o de dois programas produzidos na Uniso em canal aberto de televis\u00e3o. Entre as produ\u00e7\u00f5es que ser\u00e3o exibidas, a partir de novembro pela TV Legislativa (canal 61.0), est\u00e1 o Uniso Comunidade, gravado semanalmente nos est\u00fadios de jornalismo.<\/div>\n<\/div>\n<div style=\"text-align: justify;\"><\/div>\n<div style=\"text-align: justify;\">A iniciativa, que partiu da C\u00e2mara, tem como finalidade apresentar o que \u00e9 produzido pelos alunos de Jornalismo dentro da universidade. Cl\u00e1udio do Sorocaba I, presidente do Legislativo, comenta da import\u00e2ncia desse acordo para a sociedade. \u201c\u00c9 importante mostrar o que os alunos fazem e aprendem dentro da universidade. \u00c9 um incentivo a mais no aprendizado\u201d. <\/div>\n<div style=\"text-align: justify;\"><\/div>\n<div style=\"clear: both; text-align: center;\"><a href=\"http:\/\/3.bp.blogspot.com\/-0_m2SWTsGxQ\/Vg6ZI08g4RI\/AAAAAAAAEHI\/kZPalmqEIbk\/s1600\/alunos%2Bdo%2Bsegundo%2Bper%25C3%25ADodo%2Bjornalismo.JPG\" style=\"clear: left; float: left; margin-bottom: 1em; margin-right: 1em;\"><img loading=\"lazy\" decoding=\"async\" border=\"0\" height=\"212\" src=\"http:\/\/3.bp.blogspot.com\/-0_m2SWTsGxQ\/Vg6ZI08g4RI\/AAAAAAAAEHI\/kZPalmqEIbk\/s320\/alunos%2Bdo%2Bsegundo%2Bper%25C3%25ADodo%2Bjornalismo.JPG\" width=\"320\" \/><\/a><\/div>\n<div style=\"text-align: justify;\">A assinatura do documento que formalizou a parceria ocorreu durante a grava\u00e7\u00e3o do programa comandado pelo professor Fernando Negr\u00e3o. O reitor da Uniso Fernando de S\u00e1 Del Fiol e o professor Aldo Vannucchi, assessor especial da reitoria, estiveram presentes na assinatura do conv\u00eanio. \u201cSer\u00e1 fundamental para a divulga\u00e7\u00e3o do que os alunos produzem, al\u00e9m de poder mostrar para a comunidade o que n\u00f3s temos aqui\u201d, diz Del Fiol. A a\u00e7\u00e3o tamb\u00e9m foi acompanhada por estudantes do segundo per\u00edodo de Jornalismo e a equipe da TV Legislativa e assessores da C\u00e2mara Municipal.&nbsp;<\/div>\n<div>\n<div style=\"text-align: justify;\"><\/div>\n<\/div>\n<div>\n<div style=\"text-align: justify;\">Professora Andrea Sanhudo, coordenadora do curso, acredita que essa parceria firma os la\u00e7os entre a C\u00e2mara e a Uniso, al\u00e9m de apresentar para a sociedade o que \u00e9 realizado pelos estudantes. \u201cO aluno se sente gratificado, sem contar que a Universidade se torna uma grande vitrine para que possamos exibir para o mercado de trabalho as compet\u00eancias e habilidades que oferecemos\u201d.<\/div>\n<div style=\"text-align: justify;\"><\/div>\n<div style=\"text-align: justify;\"><a href=\"http:\/\/1.bp.blogspot.com\/-H46BZTKfiXc\/Vg6YuhUICUI\/AAAAAAAAEG8\/kuaLXDOkl7M\/s1600\/equipe%2Bda%2Bc%25C3%25A2mara%2Be%2BUniso.JPG\" style=\"clear: right; float: right; margin-bottom: 1em; margin-left: 1em;\"><img loading=\"lazy\" decoding=\"async\" border=\"0\" height=\"210\" src=\"http:\/\/1.bp.blogspot.com\/-H46BZTKfiXc\/Vg6YuhUICUI\/AAAAAAAAEG8\/kuaLXDOkl7M\/s320\/equipe%2Bda%2Bc%25C3%25A2mara%2Be%2BUniso.JPG\" width=\"320\" \/><\/a>\u201cN\u00f3s somos a universidade comunit\u00e1ria de Sorocaba, ent\u00e3o temos a obriga\u00e7\u00e3o e o dever de mostrar o que \u00e9 realizado em prol da comunidade\u201d, diz Fernando Negr\u00e3o, professor e apresentador do Uniso Comunidade, que atualmente \u00e9 veiculado pela TVCom de Sorocaba, TV Votorantim e no Youtube. \u201cTamb\u00e9m poderemos mostrar a produ\u00e7\u00e3o dos estudantes atrav\u00e9s dos trabalhos de conclus\u00e3o de curso (TCCs), e o que isso significa e altera no cotidiano das pessoas\u201d.&nbsp;<\/div>\n<\/div>\n<div>\n<div style=\"text-align: justify;\"><\/div>\n<\/div>\n<div>\n<div style=\"text-align: right;\"><i>Giulia Vasovino<\/i>\/Ag\u00eanciaJor-Uniso <\/div>\n<p><\/div>\n","protected":false},"excerpt":{"rendered":"<p>A Universidade de Sorocaba e a C\u00e2mara Municipal firmaram nessa sexta-feira (02) uma parceria para veicula\u00e7\u00e3o de dois programas produzidos<\/p>\n","protected":false},"author":1,"featured_media":0,"comment_status":"open","ping_status":"open","sticky":false,"template":"","format":"standard","meta":{"colormag_page_container_layout":"default_layout","colormag_page_sidebar_layout":"default_layout","footnotes":""},"categories":[1],"tags":[],"class_list":["post-532","post","type-post","status-publish","format-standard","hentry","category-uncategorized"],"featured_image_urls":{"full":"","thumbnail":"","medium":"","medium_large":"","large":"","1536x1536":"","2048x2048":"","colormag-highlighted-post":"","colormag-featured-post-medium":"","colormag-featured-post-small":"","colormag-featured-image":"","colormag-default-news":"","colormag-featured-image-large":""},"author_info":{"info":["focas"]},"category_info":"<a href=\"https:\/\/focas.uniso.br\/index.php\/category\/uncategorized\/\" rel=\"category tag\">Uncategorized<\/a>","tag_info":"Uncategorized","comment_count":"0","_links":{"self":[{"href":"https:\/\/focas.uniso.br\/index.php\/wp-json\/wp\/v2\/posts\/532","targetHints":{"allow":["GET"]}}],"collection":[{"href":"https:\/\/focas.uniso.br\/index.php\/wp-json\/wp\/v2\/posts"}],"about":[{"href":"https:\/\/focas.uniso.br\/index.php\/wp-json\/wp\/v2\/types\/post"}],"author":[{"embeddable":true,"href":"https:\/\/focas.uniso.br\/index.php\/wp-json\/wp\/v2\/users\/1"}],"replies":[{"embeddable":true,"href":"https:\/\/focas.uniso.br\/index.php\/wp-json\/wp\/v2\/comments?post=532"}],"version-history":[{"count":0,"href":"https:\/\/focas.uniso.br\/index.php\/wp-json\/wp\/v2\/posts\/532\/revisions"}],"wp:attachment":[{"href":"https:\/\/focas.uniso.br\/index.php\/wp-json\/wp\/v2\/media?parent=532"}],"wp:term":[{"taxonomy":"category","embeddable":true,"href":"https:\/\/focas.uniso.br\/index.php\/wp-json\/wp\/v2\/categories?post=532"},{"taxonomy":"post_tag","embeddable":true,"href":"https:\/\/focas.uniso.br\/index.php\/wp-json\/wp\/v2\/tags?post=532"}],"curies":[{"name":"wp","href":"https:\/\/api.w.org\/{rel}","templated":true}]}}