{"id":548,"date":"2015-05-20T21:39:00","date_gmt":"2015-05-20T21:39:00","guid":{"rendered":"http:\/\/focas.uniso.br\/index.php\/2015\/05\/20\/reconhecimento\/"},"modified":"2015-05-20T21:39:00","modified_gmt":"2015-05-20T21:39:00","slug":"reconhecimento","status":"publish","type":"post","link":"https:\/\/focas.uniso.br\/index.php\/2015\/05\/20\/reconhecimento\/","title":{"rendered":"Reconhecimento"},"content":{"rendered":"<div style=\"text-align: center;\"><b><span style=\"font-size: large;\">R\u00e1dio Jornal Inclus\u00e3o \u00e9 homenageado na C\u00e2mara de Sorocaba<\/span><\/b><\/div>\n<div>\n<div style=\"text-align: justify;\"><\/div>\n<div style=\"text-align: justify;\"><\/div>\n<div style=\"text-align: justify;\">O R\u00e1dio Jornal Inclus\u00e3o completou dois anos no \u00faltimo dia 1\u00ba de maio e o anivers\u00e1rio serviu de incentivo para uma homenagem na C\u00e2mara de Sorocaba. A iniciativa foi do vereador Cl\u00e1udio do Sorocaba I (PR), presidente da Casa de Leis, que, durante a sess\u00e3o ordin\u00e1ria do dia 14 de maio, fez a entrega de placas comemorativas ao professor da Uniso e jornalista respons\u00e1vel pelo projeto, Fernando Negr\u00e3o Duarte, \u00e0 estudante de jornalismo Nat\u00e1lia Ponse e \u00e0 fisioterapeuta e editora do Jornal Inclus\u00e3o, Dariene Rodrigues.&nbsp;<\/div>\n<div style=\"text-align: justify;\"><\/div>\n<div style=\"text-align: justify;\">A princ\u00edpio o Jornal Inclus\u00e3o teve origem no impresso onde tinha o objetivo de trazer mat\u00e9rias para os portadores de necessidades especiais e terceira idade. Por\u00e9m, os deficientes visuais n\u00e3o tinham acesso \u00e0 leitura deste ve\u00edculo. Sob orienta\u00e7\u00e3o do jornalista Fernando Negr\u00e3o Duarte e volunt\u00e1rios dos cursos de pedagogia, jornalismo e publicidade, foi decidido que era necess\u00e1rio fazer um projeto de leitura do jornal.&nbsp;<\/div>\n<div style=\"text-align: justify;\">\n<table align=\"center\" cellpadding=\"0\" cellspacing=\"0\" style=\"margin-left: auto; margin-right: auto; text-align: right;\">\n<tbody>\n<tr>\n<td style=\"text-align: center;\"><a href=\"http:\/\/4.bp.blogspot.com\/-_5bYM7SXGnk\/VVz9FQXlJFI\/AAAAAAAAD44\/Q6N3PnKfa78\/s1600\/11281564_983303405014262_998821372_o.jpg\" style=\"clear: right; margin-bottom: 1em; margin-left: auto; margin-right: auto;\"><img loading=\"lazy\" decoding=\"async\" border=\"0\" height=\"176\" src=\"http:\/\/4.bp.blogspot.com\/-_5bYM7SXGnk\/VVz9FQXlJFI\/AAAAAAAAD44\/Q6N3PnKfa78\/s320\/11281564_983303405014262_998821372_o.jpg\" style=\"cursor: move;\" width=\"320\" \/><\/a><\/td>\n<\/tr>\n<tr>\n<td style=\"text-align: center;\"><span style=\"background-color: #f6f7f8; color: #373e4d; font-family: helvetica, arial, 'lucida grande', sans-serif; line-height: 15.3599996566772px; text-align: left; white-space: pre-wrap;\"><span style=\"font-size: xx-small;\">Presidente da C\u00e2mara de Vereadores Cl\u00e1udio Gervino, professor  Fernando Negr\u00e3o e a aluna de jornalismo Nat\u00e1lia Ponse.<\/span><\/span><\/td>\n<\/tr>\n<\/tbody>\n<\/table>\n<p><\/div>\n<div style=\"text-align: justify;\">A leitura do jornal era disponibilizada em CD para ficar com a ASAC (Associa\u00e7\u00e3o Sorocabana de Atividades para Deficientes Visuais). De acordo com Fernando Negr\u00e3o, as not\u00edcias ficavam velhas e por isso o projeto passou por mudan\u00e7as. \u201cN\u00f3s percebemos que eles poderiam ter acesso a fatos mais atualizados pelo r\u00e1dio. Ent\u00e3o criamos o projeto do r\u00e1dio jornal onde as not\u00edcias s\u00e3o atualizadas e gravadas uma vez por semana\u201d, afirma.&nbsp;<\/div>\n<div style=\"text-align: justify;\"><\/div>\n<div style=\"text-align: justify;\">Dentre os assuntos que completam a programa\u00e7\u00e3o, est\u00e3o os fatos que aconteceram durante a semana ou not\u00edcias que ainda v\u00e3o acontecer, como divulga\u00e7\u00e3o de cursos, eventos e temas ligados \u00e0 sa\u00fade.&nbsp;<\/div>\n<div style=\"text-align: justify;\"><\/div>\n<div style=\"text-align: justify;\">\u201cAl\u00e9m de ser importante para esse p\u00fablico alvo da terceira idade e portadores de necessidades especiais, \u00e9 por outro lado, de interesse de um p\u00fablico geral. Se a pessoa n\u00e3o \u00e9 da terceira idade ela tem algu\u00e9m da sua fam\u00edlia que \u00e9 da terceira idade, se n\u00e3o \u00e9 portadora de necessidades especiais, conhece algu\u00e9m que \u00e9 deficiente\u201d, conclui Fernando.&nbsp;<\/div>\n<div style=\"text-align: justify;\"><\/div>\n<table cellpadding=\"0\" cellspacing=\"0\" style=\"float: right; margin-left: 1em; text-align: right;\">\n<tbody>\n<tr>\n<td style=\"text-align: center;\"><a href=\"http:\/\/1.bp.blogspot.com\/-uYR8RvhNcgc\/VVz-XXSfIBI\/AAAAAAAAD5A\/dFmEFIQfNTU\/s1600\/11287138_983304631680806_207008271_n.jpg\" style=\"clear: right; margin-bottom: 1em; margin-left: auto; margin-right: auto;\"><img loading=\"lazy\" decoding=\"async\" border=\"0\" height=\"213\" src=\"http:\/\/1.bp.blogspot.com\/-uYR8RvhNcgc\/VVz-XXSfIBI\/AAAAAAAAD5A\/dFmEFIQfNTU\/s320\/11287138_983304631680806_207008271_n.jpg\" width=\"320\" \/><\/a><\/td>\n<\/tr>\n<tr>\n<td style=\"text-align: center;\">Fernando e Nat\u00e1lia receberam placas comemorativas em <br \/>homenagem ao Jornal Inclus\u00e3o<\/td>\n<\/tr>\n<\/tbody>\n<\/table>\n<div style=\"text-align: justify;\">O objetivo do programa \u00e9 estimular a inclus\u00e3o social e digital por meio da divulga\u00e7\u00e3o de reportagens sobre produtos e servi\u00e7os que contribuam para a vida das pessoas com defici\u00eancia, mobilidade reduzida e da terceira idade. O projeto de extens\u00e3o universit\u00e1ria da pr\u00f3-reitoria acad\u00eamica da Universidade de Sorocaba \u00e9 produzido, gravado e editado no Laborat\u00f3rio de Comunica\u00e7\u00e3o da Cidade Universit\u00e1ria Professor Aldo Vannucchi. A r\u00e1dio Cruzeiro FM transmite o R\u00e1dio Jornal Inclus\u00e3o de segunda a sexta-feira, \u00e0s 6h15 da manh\u00e3, logo antes do Jornal da Cruzeiro 1\u00aa edi\u00e7\u00e3o.<\/div>\n<div style=\"text-align: justify;\"><\/div>\n<div style=\"text-align: justify;\"><\/div>\n<div style=\"text-align: justify;\"><b>Nat\u00e1lia Ponse e Larissa Cirineo (Ag\u00eancia\/Jor)&nbsp;<\/b><\/div>\n<div style=\"text-align: justify;\"><\/div>\n<div style=\"text-align: justify;\"><\/div>\n<div style=\"text-align: justify;\"><\/div>\n<div style=\"text-align: justify;\"><\/div>\n<\/div>\n","protected":false},"excerpt":{"rendered":"<p>R\u00e1dio Jornal Inclus\u00e3o \u00e9 homenageado na C\u00e2mara de Sorocaba O R\u00e1dio Jornal Inclus\u00e3o completou dois anos no \u00faltimo dia 1\u00ba<\/p>\n","protected":false},"author":1,"featured_media":0,"comment_status":"open","ping_status":"open","sticky":false,"template":"","format":"standard","meta":{"colormag_page_container_layout":"default_layout","colormag_page_sidebar_layout":"default_layout","footnotes":""},"categories":[1],"tags":[],"class_list":["post-548","post","type-post","status-publish","format-standard","hentry","category-uncategorized"],"featured_image_urls":{"full":"","thumbnail":"","medium":"","medium_large":"","large":"","1536x1536":"","2048x2048":"","colormag-highlighted-post":"","colormag-featured-post-medium":"","colormag-featured-post-small":"","colormag-featured-image":"","colormag-default-news":"","colormag-featured-image-large":""},"author_info":{"info":["focas"]},"category_info":"<a href=\"https:\/\/focas.uniso.br\/index.php\/category\/uncategorized\/\" rel=\"category tag\">Uncategorized<\/a>","tag_info":"Uncategorized","comment_count":"0","_links":{"self":[{"href":"https:\/\/focas.uniso.br\/index.php\/wp-json\/wp\/v2\/posts\/548","targetHints":{"allow":["GET"]}}],"collection":[{"href":"https:\/\/focas.uniso.br\/index.php\/wp-json\/wp\/v2\/posts"}],"about":[{"href":"https:\/\/focas.uniso.br\/index.php\/wp-json\/wp\/v2\/types\/post"}],"author":[{"embeddable":true,"href":"https:\/\/focas.uniso.br\/index.php\/wp-json\/wp\/v2\/users\/1"}],"replies":[{"embeddable":true,"href":"https:\/\/focas.uniso.br\/index.php\/wp-json\/wp\/v2\/comments?post=548"}],"version-history":[{"count":0,"href":"https:\/\/focas.uniso.br\/index.php\/wp-json\/wp\/v2\/posts\/548\/revisions"}],"wp:attachment":[{"href":"https:\/\/focas.uniso.br\/index.php\/wp-json\/wp\/v2\/media?parent=548"}],"wp:term":[{"taxonomy":"category","embeddable":true,"href":"https:\/\/focas.uniso.br\/index.php\/wp-json\/wp\/v2\/categories?post=548"},{"taxonomy":"post_tag","embeddable":true,"href":"https:\/\/focas.uniso.br\/index.php\/wp-json\/wp\/v2\/tags?post=548"}],"curies":[{"name":"wp","href":"https:\/\/api.w.org\/{rel}","templated":true}]}}