{"id":551,"date":"2015-05-14T17:36:00","date_gmt":"2015-05-14T17:36:00","guid":{"rendered":"http:\/\/focas.uniso.br\/index.php\/2015\/05\/14\/jornalismo\/"},"modified":"2015-05-14T17:36:00","modified_gmt":"2015-05-14T17:36:00","slug":"jornalismo","status":"publish","type":"post","link":"https:\/\/focas.uniso.br\/index.php\/2015\/05\/14\/jornalismo\/","title":{"rendered":"Jornalismo"},"content":{"rendered":"<div style=\"text-align: justify;\"><\/div>\n<div style=\"text-align: justify;\"><span style=\"background-color: white; color: #222222; font-family: arial, sans-serif; font-size: 12.8000001907349px; text-align: start;\"><b>Professoras participam de workshop sobre Grande Pequena Imprensa<\/b><\/span><\/div>\n<div style=\"text-align: justify;\"><\/div>\n<div style=\"text-align: justify;\">As professoras Andrea Sanhudo, coordenadora do curso de Jornalismo, e Evenize Batista participam, neste s\u00e1bado, 16, do 2\u00ba Workshop Grande Pequena Imprensa de Inova\u00e7\u00e3o Digital, na sede do Google, em S\u00e3o Paulo. O evento \u00e9 uma iniciativa do Instituto para o Desenvolvimento do Jornalismo (Projor), e conta com 11 cursos de Jornalismo do Estado de S\u00e3o Paulo e representantes da imprensa do Interior.&nbsp;<\/div>\n<div style=\"text-align: justify;\"><\/div>\n<div style=\"text-align: justify;\"><a href=\"http:\/\/1.bp.blogspot.com\/-Ac9BXA9RFiQ\/VVTc99SpTbI\/AAAAAAAAD20\/257efl-qAkc\/s1600\/novo-escritorio-google.jpg\" style=\"clear: left; float: left; margin-bottom: 1em; margin-right: 1em;\"><img loading=\"lazy\" decoding=\"async\" border=\"0\" height=\"139\" src=\"http:\/\/1.bp.blogspot.com\/-Ac9BXA9RFiQ\/VVTc99SpTbI\/AAAAAAAAD20\/257efl-qAkc\/s200\/novo-escritorio-google.jpg\" width=\"200\" \/><\/a>Cinco alunos do 5\u00ba per\u00edodo de Jornalismo acompanham as professoras para participarem do curso \u201cDesafio para Cria\u00e7\u00e3o de Aplicativos M\u00f3veis para Jornais Regionais\u201d. A equipe ter\u00e1 o apoio de dois consultores, do Google e do Projor, que por meio de hangouts dar\u00e3o orienta\u00e7\u00f5es e responder\u00e3o a d\u00favidas relativas ao desenvolvimento dos projetos, que devem ser desenvolvidos entre junho e setembro. Os tr\u00eas melhores projetos de apps ser\u00e3o premiados no evento de encerramento do programa, no final de novembro.&nbsp;<\/div>\n<div style=\"text-align: justify;\"><\/div>\n<div style=\"text-align: justify;\">Mapa da M\u00eddia- No evento, a professora Andrea Sanhudo, a convite do Projor, apresenta ainda o Projeto \u201cMapa da M\u00eddia\u201d, que vem sendo desenvolvido junto aos alunos de Jornalismo e Publicidade e Propaganda, com coorienta\u00e7\u00e3o da professora Thifani Postali.&nbsp;<\/div>\n<div style=\"text-align: justify;\"><\/div>\n<div style=\"text-align: justify;\">O Mapa da M\u00eddia da Regi\u00e3o Metropolitana de Sorocaba visa compor um anu\u00e1rio sobre os meios de comunica\u00e7\u00e3o e ag\u00eancias de publicidade e propaganda que atuam em Sorocaba e Regi\u00e3o, e ser\u00e1 distribu\u00eddo gratuitamente a partir de agosto atrav\u00e9s de um portal online e e-book.&nbsp;<\/div>\n<div style=\"text-align: justify;\"><\/div>\n","protected":false},"excerpt":{"rendered":"<p>Professoras participam de workshop sobre Grande Pequena Imprensa As professoras Andrea Sanhudo, coordenadora do curso de Jornalismo, e Evenize Batista<\/p>\n","protected":false},"author":1,"featured_media":0,"comment_status":"open","ping_status":"open","sticky":false,"template":"","format":"standard","meta":{"colormag_page_container_layout":"default_layout","colormag_page_sidebar_layout":"default_layout","footnotes":""},"categories":[1],"tags":[],"class_list":["post-551","post","type-post","status-publish","format-standard","hentry","category-uncategorized"],"featured_image_urls":{"full":"","thumbnail":"","medium":"","medium_large":"","large":"","1536x1536":"","2048x2048":"","colormag-highlighted-post":"","colormag-featured-post-medium":"","colormag-featured-post-small":"","colormag-featured-image":"","colormag-default-news":"","colormag-featured-image-large":""},"author_info":{"info":["focas"]},"category_info":"<a href=\"https:\/\/focas.uniso.br\/index.php\/category\/uncategorized\/\" rel=\"category tag\">Uncategorized<\/a>","tag_info":"Uncategorized","comment_count":"0","_links":{"self":[{"href":"https:\/\/focas.uniso.br\/index.php\/wp-json\/wp\/v2\/posts\/551","targetHints":{"allow":["GET"]}}],"collection":[{"href":"https:\/\/focas.uniso.br\/index.php\/wp-json\/wp\/v2\/posts"}],"about":[{"href":"https:\/\/focas.uniso.br\/index.php\/wp-json\/wp\/v2\/types\/post"}],"author":[{"embeddable":true,"href":"https:\/\/focas.uniso.br\/index.php\/wp-json\/wp\/v2\/users\/1"}],"replies":[{"embeddable":true,"href":"https:\/\/focas.uniso.br\/index.php\/wp-json\/wp\/v2\/comments?post=551"}],"version-history":[{"count":0,"href":"https:\/\/focas.uniso.br\/index.php\/wp-json\/wp\/v2\/posts\/551\/revisions"}],"wp:attachment":[{"href":"https:\/\/focas.uniso.br\/index.php\/wp-json\/wp\/v2\/media?parent=551"}],"wp:term":[{"taxonomy":"category","embeddable":true,"href":"https:\/\/focas.uniso.br\/index.php\/wp-json\/wp\/v2\/categories?post=551"},{"taxonomy":"post_tag","embeddable":true,"href":"https:\/\/focas.uniso.br\/index.php\/wp-json\/wp\/v2\/tags?post=551"}],"curies":[{"name":"wp","href":"https:\/\/api.w.org\/{rel}","templated":true}]}}