{"id":5555,"date":"2026-04-27T09:09:44","date_gmt":"2026-04-27T12:09:44","guid":{"rendered":"https:\/\/focas.uniso.br\/?p=5555"},"modified":"2026-04-27T09:09:44","modified_gmt":"2026-04-27T12:09:44","slug":"alunos-de-jornalismo-da-uniso-participam-de-bate-papo-sobre-filmes-independentes-no-somoscinema","status":"publish","type":"post","link":"https:\/\/focas.uniso.br\/index.php\/2026\/04\/27\/alunos-de-jornalismo-da-uniso-participam-de-bate-papo-sobre-filmes-independentes-no-somoscinema\/","title":{"rendered":"Alunos de jornalismo da Uniso participam de bate-papo sobre filmes independentes no Somos+Cinema"},"content":{"rendered":"\n<p>Por Victor Matheus Bezerra da Silva (Ag\u00eancia Focas \u2013 Jornalismo Uniso)<\/p>\n\n\n\n<figure class=\"wp-block-image size-large\"><img loading=\"lazy\" decoding=\"async\" width=\"1024\" height=\"768\" src=\"https:\/\/focas.uniso.br\/wp-content\/uploads\/2026\/04\/2-1024x768.jpeg\" alt=\"\" class=\"wp-image-5556\" srcset=\"https:\/\/focas.uniso.br\/wp-content\/uploads\/2026\/04\/2-1024x768.jpeg 1024w, https:\/\/focas.uniso.br\/wp-content\/uploads\/2026\/04\/2-300x225.jpeg 300w, https:\/\/focas.uniso.br\/wp-content\/uploads\/2026\/04\/2-768x576.jpeg 768w, https:\/\/focas.uniso.br\/wp-content\/uploads\/2026\/04\/2-1536x1152.jpeg 1536w, https:\/\/focas.uniso.br\/wp-content\/uploads\/2026\/04\/2.jpeg 1600w\" sizes=\"auto, (max-width: 1024px) 100vw, 1024px\" \/><\/figure>\n\n\n\n<p class=\"has-text-align-center\"><sub>Foto por Victor Matheus Bezerra da Silva<\/sub><\/p>\n\n\n\n<p>Na quinta-feira (16\/4), os alunos de jornalismo da Universidade de Sorocaba foram convidados a participar de uma edi\u00e7\u00e3o do cineclube Somos+Cinema, realizado pelo Sindicato dos Metal\u00fargicos de Sorocaba e Regi\u00e3o. O projeto oferece o audit\u00f3rio da organiza\u00e7\u00e3o para exibi\u00e7\u00e3o gratuita de filmes regionais independentes, com a inten\u00e7\u00e3o de democratizar o cinema nacional.<\/p>\n\n\n\n<p>Ap\u00f3s a exibi\u00e7\u00e3o das duas produ\u00e7\u00f5es audiovisuais da regi\u00e3o, houve um bate-papo com os colaboradores de cada filme. Participaram Paulo Aranha e Maria de Oliveira, representando a produ\u00e7\u00e3o de <strong>Maria de Oliveira: o cinema brasileiro passou por Itu,<\/strong> e o grupo de egressos do curso de Jornalismo da Uniso, Laura Brighenti, Thamires Vict\u00f3ria, Julio Ribeiro e Bruna Franco, que produziu a videoreportagem <strong>Cine interiorano: vozes independentes<\/strong>, como TCC. A conversa foi mediada por Renata Rocha, produtora cultural do Somos +Cinema.<\/p>\n\n\n\n<p><strong>Cine interiorano: vozes independentes<\/strong><\/p>\n\n\n\n<p>Produzido como trabalho de conclus\u00e3o de curso de alunos de jornalismo. O produto buscava, segundo Thamires Vict\u00f3ria, valorizar um tema que n\u00e3o era devidamente reconhecido: o cinema independente do interior. Para Laura Briguenti, revisitar este trabalho traz a sensa\u00e7\u00e3o de dever cumprido e a possibilidade de inspirar outros alunos que far\u00e3o seus TCCs.<\/p>\n\n\n\n<p><strong>Maria de Oliveira: o cinema brasileiro passou por Itu<\/strong><\/p>\n\n\n\n<p>Em seguida, foi exibido o document\u00e1rio sobre Maria de Oliveira. O filme aborda a hist\u00f3ria de vida da mulher que deixou seu cotidiano na fazenda para ser continu\u00edsta de cinema, fun\u00e7\u00e3o que precisava garantir a sensa\u00e7\u00e3o de continuidade em cenas que duram segundos, mas que precisaram de dias para serem gravadas. O document\u00e1rio foi produzido com 20 mil reais arrecadados por meio de leis de incentivo. Para Paulo Aranha, \u201cfalar de cinema n\u00e3o \u00e9 s\u00f3 falar como refer\u00eancia audiovisual, mas como mem\u00f3ria viva das pessoas. \u00c9 a quest\u00e3o do cineclubismo como uma forma de discuss\u00e3o, de viv\u00eancia, a gente t\u00e1 colocando o cinema em prol de outras pessoas conhecerem novos trabalhos.\u201d<\/p>\n\n\n\n<figure class=\"wp-block-gallery has-nested-images columns-default is-cropped wp-block-gallery-1 is-layout-flex wp-block-gallery-is-layout-flex\">\n<figure class=\"wp-block-image size-large\"><img loading=\"lazy\" decoding=\"async\" width=\"1024\" height=\"768\" data-id=\"5557\" src=\"https:\/\/focas.uniso.br\/wp-content\/uploads\/2026\/04\/1-1024x768.jpeg\" alt=\"\" class=\"wp-image-5557\" srcset=\"https:\/\/focas.uniso.br\/wp-content\/uploads\/2026\/04\/1-1024x768.jpeg 1024w, https:\/\/focas.uniso.br\/wp-content\/uploads\/2026\/04\/1-300x225.jpeg 300w, https:\/\/focas.uniso.br\/wp-content\/uploads\/2026\/04\/1-768x576.jpeg 768w, https:\/\/focas.uniso.br\/wp-content\/uploads\/2026\/04\/1-1536x1152.jpeg 1536w, https:\/\/focas.uniso.br\/wp-content\/uploads\/2026\/04\/1.jpeg 1600w\" sizes=\"auto, (max-width: 1024px) 100vw, 1024px\" \/><figcaption class=\"wp-element-caption\"><sub>Foto por Victor Matheus Bezerra da Silva<\/sub><\/figcaption><\/figure>\n\n\n\n<figure class=\"wp-block-image size-large\"><img loading=\"lazy\" decoding=\"async\" width=\"1024\" height=\"768\" data-id=\"5558\" src=\"https:\/\/focas.uniso.br\/wp-content\/uploads\/2026\/04\/3-1024x768.jpeg\" alt=\"\" class=\"wp-image-5558\" srcset=\"https:\/\/focas.uniso.br\/wp-content\/uploads\/2026\/04\/3-1024x768.jpeg 1024w, https:\/\/focas.uniso.br\/wp-content\/uploads\/2026\/04\/3-300x225.jpeg 300w, https:\/\/focas.uniso.br\/wp-content\/uploads\/2026\/04\/3-768x576.jpeg 768w, https:\/\/focas.uniso.br\/wp-content\/uploads\/2026\/04\/3-1536x1152.jpeg 1536w, https:\/\/focas.uniso.br\/wp-content\/uploads\/2026\/04\/3.jpeg 1600w\" sizes=\"auto, (max-width: 1024px) 100vw, 1024px\" \/><figcaption class=\"wp-element-caption\"><sub>Foto por Victor Matheus Bezerra da Silva<\/sub><\/figcaption><\/figure>\n<\/figure>\n","protected":false},"excerpt":{"rendered":"<p>Por Victor Matheus Bezerra da Silva (Ag\u00eancia Focas \u2013 Jornalismo Uniso) Foto por Victor Matheus Bezerra da Silva Na quinta-feira<\/p>\n","protected":false},"author":1,"featured_media":0,"comment_status":"open","ping_status":"open","sticky":false,"template":"","format":"standard","meta":{"colormag_page_container_layout":"default_layout","colormag_page_sidebar_layout":"default_layout","footnotes":""},"categories":[15,16,9,37,14],"tags":[41,29,28],"class_list":["post-5555","post","type-post","status-publish","format-standard","hentry","category-jornalismo","category-jornalismo-digital","category-jornalismo-online","category-sorocaba","category-uniso","tag-focas-na-rede","tag-jornalismo","tag-uniso"],"featured_image_urls":{"full":"","thumbnail":"","medium":"","medium_large":"","large":"","1536x1536":"","2048x2048":"","colormag-highlighted-post":"","colormag-featured-post-medium":"","colormag-featured-post-small":"","colormag-featured-image":"","colormag-default-news":"","colormag-featured-image-large":""},"author_info":{"info":["focas"]},"category_info":"<a href=\"https:\/\/focas.uniso.br\/index.php\/category\/jornalismo\/\" rel=\"category tag\">Jornalismo<\/a> <a href=\"https:\/\/focas.uniso.br\/index.php\/category\/jornalismo-digital\/\" rel=\"category tag\">jornalismo digital<\/a> <a href=\"https:\/\/focas.uniso.br\/index.php\/category\/jornalismo-online\/\" rel=\"category tag\">jornalismo online<\/a> <a href=\"https:\/\/focas.uniso.br\/index.php\/category\/sorocaba\/\" rel=\"category tag\">Sorocaba<\/a> <a href=\"https:\/\/focas.uniso.br\/index.php\/category\/uniso\/\" rel=\"category tag\">Uniso<\/a>","tag_info":"Uniso","comment_count":"0","_links":{"self":[{"href":"https:\/\/focas.uniso.br\/index.php\/wp-json\/wp\/v2\/posts\/5555","targetHints":{"allow":["GET"]}}],"collection":[{"href":"https:\/\/focas.uniso.br\/index.php\/wp-json\/wp\/v2\/posts"}],"about":[{"href":"https:\/\/focas.uniso.br\/index.php\/wp-json\/wp\/v2\/types\/post"}],"author":[{"embeddable":true,"href":"https:\/\/focas.uniso.br\/index.php\/wp-json\/wp\/v2\/users\/1"}],"replies":[{"embeddable":true,"href":"https:\/\/focas.uniso.br\/index.php\/wp-json\/wp\/v2\/comments?post=5555"}],"version-history":[{"count":1,"href":"https:\/\/focas.uniso.br\/index.php\/wp-json\/wp\/v2\/posts\/5555\/revisions"}],"predecessor-version":[{"id":5559,"href":"https:\/\/focas.uniso.br\/index.php\/wp-json\/wp\/v2\/posts\/5555\/revisions\/5559"}],"wp:attachment":[{"href":"https:\/\/focas.uniso.br\/index.php\/wp-json\/wp\/v2\/media?parent=5555"}],"wp:term":[{"taxonomy":"category","embeddable":true,"href":"https:\/\/focas.uniso.br\/index.php\/wp-json\/wp\/v2\/categories?post=5555"},{"taxonomy":"post_tag","embeddable":true,"href":"https:\/\/focas.uniso.br\/index.php\/wp-json\/wp\/v2\/tags?post=5555"}],"curies":[{"name":"wp","href":"https:\/\/api.w.org\/{rel}","templated":true}]}}