{"id":556,"date":"2015-05-04T17:36:00","date_gmt":"2015-05-04T17:36:00","guid":{"rendered":"http:\/\/focas.uniso.br\/index.php\/2015\/05\/04\/semana-asi-3\/"},"modified":"2015-05-04T17:36:00","modified_gmt":"2015-05-04T17:36:00","slug":"semana-asi-3","status":"publish","type":"post","link":"https:\/\/focas.uniso.br\/index.php\/2015\/05\/04\/semana-asi-3\/","title":{"rendered":"Semana ASI"},"content":{"rendered":"<div style=\"text-align: justify;\"><\/div>\n<div style=\"text-align: center;\"><b>Semana ASI de Jornalismo recebe assessora de pessoas p\u00fablicas<\/b><\/div>\n<div style=\"clear: both; text-align: center;\"><\/div>\n<div style=\"clear: both; text-align: center;\"><\/div>\n<div style=\"clear: both; text-align: center;\"><a href=\"http:\/\/3.bp.blogspot.com\/-o3Cals_8mA4\/VUuj-IxFHAI\/AAAAAAAADzM\/0kXK7jbBK6Y\/s1600\/DSCN7411%2B2.jpg\" style=\"margin-left: 1em; margin-right: 1em;\"><img loading=\"lazy\" decoding=\"async\" border=\"0\" height=\"240\" src=\"http:\/\/3.bp.blogspot.com\/-o3Cals_8mA4\/VUuj-IxFHAI\/AAAAAAAADzM\/0kXK7jbBK6Y\/s320\/DSCN7411%2B2.jpg\" width=\"320\" \/><\/a><\/div>\n<p><\/p>\n<div style=\"text-align: justify;\">Para dar continuidade \u00e0 17\u00ba edi\u00e7\u00e3o da Semana ASI de Jornalismo, os alunos de comunica\u00e7\u00e3o receberam nesta quarta-feira (29) a profissional C\u00edntia Araium, jornalista  que hoje assessora pessoas p\u00fablicas como os apresentadores Marcos Mion, Eliana e Ticiane Pinheiro. A trajet\u00f3ria profissional de C\u00edntia come\u00e7ou ainda enquanto frequentava a Faculdade C\u00e1sper L\u00edbero, em S\u00e3o Paulo. Ela foi rep\u00f3rter de r\u00e1dio na Gazeta AM, trabalhou no jornal O Estado de S. Paulo, na revista Caras e foi editora da revista Viver Bem antes de se dedicar \u00e0 assessoria de imprensa.<\/div>\n<div style=\"text-align: justify;\"><\/div>\n<div style=\"text-align: justify;\">Segundo C\u00edntia, a principal caracter\u00edstica do assessor de pessoas p\u00fablicas \u00e9 a proximidade. \u00c9 preciso acompanhar muito, ter uma confian\u00e7a com o cliente e pensar junto com ele, n\u00e3o \u00e9 como fazer o planejamento de um produto para uma empresa. \u201cEstamos falando da vida da pessoa, seja ela pessoal ou profissional\u201d, afirma ela.<\/div>\n<div style=\"clear: both; text-align: center;\"><\/div>\n<table align=\"center\" cellpadding=\"0\" cellspacing=\"0\" style=\"margin-left: auto; margin-right: auto; text-align: center;\">\n<tbody>\n<tr>\n<td style=\"text-align: center;\"><a href=\"http:\/\/1.bp.blogspot.com\/-Xm49KiOIlHE\/VUetUSYnG_I\/AAAAAAAADyM\/GEKSE55zXuQ\/s1600\/DSCN7432.JPG\" style=\"margin-left: auto; margin-right: auto;\"><img loading=\"lazy\" decoding=\"async\" border=\"0\" height=\"240\" src=\"http:\/\/1.bp.blogspot.com\/-Xm49KiOIlHE\/VUetUSYnG_I\/AAAAAAAADyM\/GEKSE55zXuQ\/s320\/DSCN7432.JPG\" width=\"320\" \/><\/a><\/td>\n<\/tr>\n<tr>\n<td style=\"text-align: center;\">Os estudantes tiveram a oportunidade de tirar suas d\u00favidas<\/td>\n<\/tr>\n<\/tbody>\n<\/table>\n<div style=\"text-align: justify;\">Como dica para quem est\u00e1 se preparando para exercer o jornalismo, a assessora destaca que  \u00e9 importante participar da sele\u00e7\u00e3o dos cursos que os grandes meios de comunica\u00e7\u00e3o disponibilizam para os estudantes. Ela considera que, antes de ser assessor, todo estudante de comunica\u00e7\u00e3o deve passar por uma reda\u00e7\u00e3o e os cursos da Abril e do Estad\u00e3o oferecem esta oportunidade, \u201cIsso te d\u00e1 um conhecimento logo no in\u00edcio da profiss\u00e3o, conhecimento este, que voc\u00ea demoraria anos para ter\u201d.<\/div>\n<div style=\"text-align: justify;\"><\/div>\n<div style=\"text-align: justify;\">Durante a palestra C\u00edntia tamb\u00e9m disse que nesta \u00faltima d\u00e9cada, a rela\u00e7\u00e3o da m\u00eddia e assessoria mudou completamente pois, antes o assessor era algu\u00e9m que queria produzir conte\u00fado que normalmente era considerado desinteressante. \u201cAtualmente, pelo fato de haver menos gente nas reda\u00e7\u00f5es, temos excelentes profissionais indo para assessoria. Agora, maus profissionais na imprensa ou na assessoria sempre ir\u00e3o existir, mas como tem pouca vaga em tudo, que fiquem os melhores\u201d.<\/div>\n<div style=\"text-align: justify;\"><\/div>\n<div style=\"text-align: justify;\">Larissa Cirineo Rodrigues Ag\u00eancia\/Jor<\/div>\n","protected":false},"excerpt":{"rendered":"<p>Semana ASI de Jornalismo recebe assessora de pessoas p\u00fablicas Para dar continuidade \u00e0 17\u00ba edi\u00e7\u00e3o da Semana ASI de Jornalismo,<\/p>\n","protected":false},"author":1,"featured_media":0,"comment_status":"open","ping_status":"open","sticky":false,"template":"","format":"standard","meta":{"colormag_page_container_layout":"default_layout","colormag_page_sidebar_layout":"default_layout","footnotes":""},"categories":[1],"tags":[],"class_list":["post-556","post","type-post","status-publish","format-standard","hentry","category-uncategorized"],"featured_image_urls":{"full":"","thumbnail":"","medium":"","medium_large":"","large":"","1536x1536":"","2048x2048":"","colormag-highlighted-post":"","colormag-featured-post-medium":"","colormag-featured-post-small":"","colormag-featured-image":"","colormag-default-news":"","colormag-featured-image-large":""},"author_info":{"info":["focas"]},"category_info":"<a href=\"https:\/\/focas.uniso.br\/index.php\/category\/uncategorized\/\" rel=\"category tag\">Uncategorized<\/a>","tag_info":"Uncategorized","comment_count":"0","_links":{"self":[{"href":"https:\/\/focas.uniso.br\/index.php\/wp-json\/wp\/v2\/posts\/556","targetHints":{"allow":["GET"]}}],"collection":[{"href":"https:\/\/focas.uniso.br\/index.php\/wp-json\/wp\/v2\/posts"}],"about":[{"href":"https:\/\/focas.uniso.br\/index.php\/wp-json\/wp\/v2\/types\/post"}],"author":[{"embeddable":true,"href":"https:\/\/focas.uniso.br\/index.php\/wp-json\/wp\/v2\/users\/1"}],"replies":[{"embeddable":true,"href":"https:\/\/focas.uniso.br\/index.php\/wp-json\/wp\/v2\/comments?post=556"}],"version-history":[{"count":0,"href":"https:\/\/focas.uniso.br\/index.php\/wp-json\/wp\/v2\/posts\/556\/revisions"}],"wp:attachment":[{"href":"https:\/\/focas.uniso.br\/index.php\/wp-json\/wp\/v2\/media?parent=556"}],"wp:term":[{"taxonomy":"category","embeddable":true,"href":"https:\/\/focas.uniso.br\/index.php\/wp-json\/wp\/v2\/categories?post=556"},{"taxonomy":"post_tag","embeddable":true,"href":"https:\/\/focas.uniso.br\/index.php\/wp-json\/wp\/v2\/tags?post=556"}],"curies":[{"name":"wp","href":"https:\/\/api.w.org\/{rel}","templated":true}]}}