{"id":5562,"date":"2026-04-29T09:07:23","date_gmt":"2026-04-29T12:07:23","guid":{"rendered":"https:\/\/focas.uniso.br\/?p=5562"},"modified":"2026-04-29T09:07:23","modified_gmt":"2026-04-29T12:07:23","slug":"feira-beco-do-inferno-celebra-cultura-e-arte-ha-10-anos","status":"publish","type":"post","link":"https:\/\/focas.uniso.br\/index.php\/2026\/04\/29\/feira-beco-do-inferno-celebra-cultura-e-arte-ha-10-anos\/","title":{"rendered":"Feira Beco do Inferno celebra cultura e arte h\u00e1 10 anos"},"content":{"rendered":"\n<p><em>Artistas independentes exp\u00f5em seus trabalhos a c\u00e9u aberto e agitam a Pra\u00e7a Frei Bara\u00fana.<\/em><\/p>\n\n\n\n<p>Por Ana Clara dos Santos Cavalheri e Nataly Zucarello Leite (Ag\u00eancia Focas \u2013 Jornalismo Uniso)<\/p>\n\n\n\n<p>A Feira Beco do Inferno, que est\u00e1 no d\u00e9cimo ano, em sua 34\u00aa edi\u00e7\u00e3o, \u00e9 realizada no centro de Sorocaba, trazendo arte e cultura para a popula\u00e7\u00e3o sorocabana. A organiza\u00e7\u00e3o da feira preza por artistas independentes e traz visibilidade para a cena local, com participantes de todas as idades, sendo 16 anos a idade m\u00ednima, desde que estejam acompanhados de um respons\u00e1vel. A terceira idade tamb\u00e9m exp\u00f5e seus trabalhos, e s\u00e3o in\u00fameras as express\u00f5es art\u00edsticas exibidas, como pinturas, m\u00fasica e dan\u00e7a.<\/p>\n\n\n\n<figure class=\"wp-block-image aligncenter size-full is-resized\"><img loading=\"lazy\" decoding=\"async\" width=\"709\" height=\"538\" src=\"https:\/\/focas.uniso.br\/wp-content\/uploads\/2026\/04\/image-8.jpeg\" alt=\"\" class=\"wp-image-5563\" style=\"width:760px;height:auto\" srcset=\"https:\/\/focas.uniso.br\/wp-content\/uploads\/2026\/04\/image-8.jpeg 709w, https:\/\/focas.uniso.br\/wp-content\/uploads\/2026\/04\/image-8-300x228.jpeg 300w\" sizes=\"auto, (max-width: 709px) 100vw, 709px\" \/><\/figure>\n\n\n\n<p class=\"has-text-align-center\"><sub>Foto por Nataly Zucarello<\/sub><\/p>\n\n\n\n<p>Expositores com trabalhos manuais destacam que a divulga\u00e7\u00e3o e o apoio que a organiza\u00e7\u00e3o oferece aos artistas fazem toda a diferen\u00e7a para algu\u00e9m que est\u00e1 come\u00e7ando. O artista Viktor Magalh\u00e3es, que exp\u00f5e pinturas autorais feitas em aquarela, conta que busca inspira\u00e7\u00e3o para seus quadros em mulheres negras importantes. \u201cNa Sorocaba em que vivemos, de perfil mais conservador, a feira \u00e9 important\u00edssima para esses artistas que vivem de arte. \u00c9 um pico de esperan\u00e7a que n\u00f3s temos\u201d, diz Viktor, que considera o evento revolucion\u00e1rio.<\/p>\n\n\n\n<p>Uma das organizadoras do evento, Fl\u00e1via Antunes Aguilera, explica que o Beco do Inferno surgiu exatamente por essa necessidade de os artistas independentes terem um lugar para mostrar e comercializar seus trabalhos. Atualmente, a feira j\u00e1 ganhou notoriedade e legitimidade. \u201c\u00c9 um lugar que acolhe todo mundo, todas as idades, todos os estilos, todas as religi\u00f5es. Todo mundo que est\u00e1 em paz e que tem como objetivo mostrar o trabalho e conhecer os artistas da cidade. Ent\u00e3o, acho que \u00e9 bem diverso\u201d, conclui Fl\u00e1via.<\/p>\n\n\n\n<figure class=\"wp-block-image aligncenter size-full is-resized\"><img loading=\"lazy\" decoding=\"async\" width=\"709\" height=\"680\" src=\"https:\/\/focas.uniso.br\/wp-content\/uploads\/2026\/04\/image-9.jpeg\" alt=\"\" class=\"wp-image-5564\" style=\"width:760px;height:auto\" srcset=\"https:\/\/focas.uniso.br\/wp-content\/uploads\/2026\/04\/image-9.jpeg 709w, https:\/\/focas.uniso.br\/wp-content\/uploads\/2026\/04\/image-9-300x288.jpeg 300w\" sizes=\"auto, (max-width: 709px) 100vw, 709px\" \/><\/figure>\n\n\n\n<p class=\"has-text-align-center\"><sub>Foto por Nataly Zucarello<\/sub><\/p>\n\n\n\n<p>A Feira Beco do Inferno se consolida como um importante espa\u00e7o de valoriza\u00e7\u00e3o da cultura local, dando voz a artistas que muitas vezes n\u00e3o encontram espa\u00e7o nos circuitos tradicionais. Em meio \u00e0s cores, sons e express\u00f5es, o evento transforma a pra\u00e7a em um verdadeiro palco de resist\u00eancia cultural, onde a arte pulsa, conecta pessoas e reafirma sua import\u00e2ncia na constru\u00e7\u00e3o de uma sociedade mais diversa, sens\u00edvel e consciente.<\/p>\n\n\n\n<p><em>[Texto desenvolvido na disciplina de Jornalismo especializado, ministrada pela professora Georgia de Mattos]<\/em><\/p>\n\n\n\n<p><\/p>\n","protected":false},"excerpt":{"rendered":"<p>Artistas independentes exp\u00f5em seus trabalhos a c\u00e9u aberto e agitam a Pra\u00e7a Frei Bara\u00fana. Por Ana Clara dos Santos Cavalheri<\/p>\n","protected":false},"author":1,"featured_media":0,"comment_status":"open","ping_status":"open","sticky":false,"template":"","format":"standard","meta":{"colormag_page_container_layout":"default_layout","colormag_page_sidebar_layout":"default_layout","footnotes":""},"categories":[17,11,15,16,9,37,14],"tags":[41,29,28],"class_list":["post-5562","post","type-post","status-publish","format-standard","hentry","category-criatividade","category-diversidade","category-jornalismo","category-jornalismo-digital","category-jornalismo-online","category-sorocaba","category-uniso","tag-focas-na-rede","tag-jornalismo","tag-uniso"],"featured_image_urls":{"full":"","thumbnail":"","medium":"","medium_large":"","large":"","1536x1536":"","2048x2048":"","colormag-highlighted-post":"","colormag-featured-post-medium":"","colormag-featured-post-small":"","colormag-featured-image":"","colormag-default-news":"","colormag-featured-image-large":""},"author_info":{"info":["focas"]},"category_info":"<a href=\"https:\/\/focas.uniso.br\/index.php\/category\/criatividade\/\" rel=\"category tag\">criatividade<\/a> <a href=\"https:\/\/focas.uniso.br\/index.php\/category\/diversidade\/\" rel=\"category tag\">diversidade<\/a> <a href=\"https:\/\/focas.uniso.br\/index.php\/category\/jornalismo\/\" rel=\"category tag\">Jornalismo<\/a> <a href=\"https:\/\/focas.uniso.br\/index.php\/category\/jornalismo-digital\/\" rel=\"category tag\">jornalismo digital<\/a> <a href=\"https:\/\/focas.uniso.br\/index.php\/category\/jornalismo-online\/\" rel=\"category tag\">jornalismo online<\/a> <a href=\"https:\/\/focas.uniso.br\/index.php\/category\/sorocaba\/\" rel=\"category tag\">Sorocaba<\/a> <a href=\"https:\/\/focas.uniso.br\/index.php\/category\/uniso\/\" rel=\"category tag\">Uniso<\/a>","tag_info":"Uniso","comment_count":"0","_links":{"self":[{"href":"https:\/\/focas.uniso.br\/index.php\/wp-json\/wp\/v2\/posts\/5562","targetHints":{"allow":["GET"]}}],"collection":[{"href":"https:\/\/focas.uniso.br\/index.php\/wp-json\/wp\/v2\/posts"}],"about":[{"href":"https:\/\/focas.uniso.br\/index.php\/wp-json\/wp\/v2\/types\/post"}],"author":[{"embeddable":true,"href":"https:\/\/focas.uniso.br\/index.php\/wp-json\/wp\/v2\/users\/1"}],"replies":[{"embeddable":true,"href":"https:\/\/focas.uniso.br\/index.php\/wp-json\/wp\/v2\/comments?post=5562"}],"version-history":[{"count":1,"href":"https:\/\/focas.uniso.br\/index.php\/wp-json\/wp\/v2\/posts\/5562\/revisions"}],"predecessor-version":[{"id":5565,"href":"https:\/\/focas.uniso.br\/index.php\/wp-json\/wp\/v2\/posts\/5562\/revisions\/5565"}],"wp:attachment":[{"href":"https:\/\/focas.uniso.br\/index.php\/wp-json\/wp\/v2\/media?parent=5562"}],"wp:term":[{"taxonomy":"category","embeddable":true,"href":"https:\/\/focas.uniso.br\/index.php\/wp-json\/wp\/v2\/categories?post=5562"},{"taxonomy":"post_tag","embeddable":true,"href":"https:\/\/focas.uniso.br\/index.php\/wp-json\/wp\/v2\/tags?post=5562"}],"curies":[{"name":"wp","href":"https:\/\/api.w.org\/{rel}","templated":true}]}}