{"id":5566,"date":"2026-04-29T13:44:14","date_gmt":"2026-04-29T16:44:14","guid":{"rendered":"https:\/\/focas.uniso.br\/?p=5566"},"modified":"2026-04-29T13:44:14","modified_gmt":"2026-04-29T16:44:14","slug":"novo-quadro-do-labcom-aproxima-universitarios-da-musica-brasileira","status":"publish","type":"post","link":"https:\/\/focas.uniso.br\/index.php\/2026\/04\/29\/novo-quadro-do-labcom-aproxima-universitarios-da-musica-brasileira\/","title":{"rendered":"Novo quadro do LabCom aproxima universit\u00e1rios da m\u00fasica brasileira"},"content":{"rendered":"\n<p>(Ag\u00eancia Focas \u2013 Jornalismo Uniso)<\/p>\n\n\n\n<figure class=\"wp-block-image aligncenter size-full\"><img loading=\"lazy\" decoding=\"async\" width=\"768\" height=\"953\" src=\"https:\/\/focas.uniso.br\/wp-content\/uploads\/2026\/04\/WhatsApp-Image-2026-04-29-at-12.45.26.jpeg\" alt=\"\" class=\"wp-image-5567\" srcset=\"https:\/\/focas.uniso.br\/wp-content\/uploads\/2026\/04\/WhatsApp-Image-2026-04-29-at-12.45.26.jpeg 768w, https:\/\/focas.uniso.br\/wp-content\/uploads\/2026\/04\/WhatsApp-Image-2026-04-29-at-12.45.26-242x300.jpeg 242w\" sizes=\"auto, (max-width: 768px) 100vw, 768px\" \/><\/figure>\n\n\n\n<p class=\"has-text-align-center\"><sub>Reprodu\u00e7\u00e3o<\/sub><\/p>\n\n\n\n<p>O Laborat\u00f3rio de Comunica\u00e7\u00e3o (LabCom) lan\u00e7a o LabCULT, quadro dedicado \u00e0 cultura. O projeto estreia no Instagram do @labcomuniso com o #ConviteMPB, que prop\u00f5e aproximar o p\u00fablico universit\u00e1rio dos grandes nomes da m\u00fasica brasileira.<\/p>\n\n\n\n<p>O formato \u00e9 direto: a cada epis\u00f3dio, um artista consagrado \u00e9 apresentado por meio de cinco can\u00e7\u00f5es que contam a hist\u00f3ria de uma carreira, um legado. Para abrir, a escolha foi Ney Matogrosso, voz inconfund\u00edvel, performance que ainda provoca e uma trajet\u00f3ria que vai do Secos &amp; Molhados \u00e0 consolida\u00e7\u00e3o como um dos maiores int\u00e9rpretes do pa\u00eds.<\/p>\n\n\n\n<p>O quadro foi idealizado pelo estudante de jornalismo Mar Carrasco e reflete o car\u00e1ter experimental e colaborativo do laborat\u00f3rio, pois, estudantes de jornalismo interessados podem participar da produ\u00e7\u00e3o e apresenta\u00e7\u00e3o dos pr\u00f3ximos epis\u00f3dios. Em breve, o LabCULT tamb\u00e9m deve ganhar um quadro dedicado ao cinema.<\/p>\n","protected":false},"excerpt":{"rendered":"<p>(Ag\u00eancia Focas \u2013 Jornalismo Uniso) Reprodu\u00e7\u00e3o O Laborat\u00f3rio de Comunica\u00e7\u00e3o (LabCom) lan\u00e7a o LabCULT, quadro dedicado \u00e0 cultura. O projeto<\/p>\n","protected":false},"author":1,"featured_media":0,"comment_status":"open","ping_status":"open","sticky":false,"template":"","format":"standard","meta":{"colormag_page_container_layout":"default_layout","colormag_page_sidebar_layout":"default_layout","footnotes":""},"categories":[36,17,15,16,9,37,14],"tags":[41,29,54,28],"class_list":["post-5566","post","type-post","status-publish","format-standard","hentry","category-comunicacao","category-criatividade","category-jornalismo","category-jornalismo-digital","category-jornalismo-online","category-sorocaba","category-uniso","tag-focas-na-rede","tag-jornalismo","tag-labcom","tag-uniso"],"featured_image_urls":{"full":"","thumbnail":"","medium":"","medium_large":"","large":"","1536x1536":"","2048x2048":"","colormag-highlighted-post":"","colormag-featured-post-medium":"","colormag-featured-post-small":"","colormag-featured-image":"","colormag-default-news":"","colormag-featured-image-large":""},"author_info":{"info":["focas"]},"category_info":"<a href=\"https:\/\/focas.uniso.br\/index.php\/category\/comunicacao\/\" rel=\"category tag\">Comunica\u00e7\u00e3o<\/a> <a href=\"https:\/\/focas.uniso.br\/index.php\/category\/criatividade\/\" rel=\"category tag\">criatividade<\/a> <a href=\"https:\/\/focas.uniso.br\/index.php\/category\/jornalismo\/\" rel=\"category tag\">Jornalismo<\/a> <a href=\"https:\/\/focas.uniso.br\/index.php\/category\/jornalismo-digital\/\" rel=\"category tag\">jornalismo digital<\/a> <a href=\"https:\/\/focas.uniso.br\/index.php\/category\/jornalismo-online\/\" rel=\"category tag\">jornalismo online<\/a> <a href=\"https:\/\/focas.uniso.br\/index.php\/category\/sorocaba\/\" rel=\"category tag\">Sorocaba<\/a> <a href=\"https:\/\/focas.uniso.br\/index.php\/category\/uniso\/\" rel=\"category tag\">Uniso<\/a>","tag_info":"Uniso","comment_count":"0","_links":{"self":[{"href":"https:\/\/focas.uniso.br\/index.php\/wp-json\/wp\/v2\/posts\/5566","targetHints":{"allow":["GET"]}}],"collection":[{"href":"https:\/\/focas.uniso.br\/index.php\/wp-json\/wp\/v2\/posts"}],"about":[{"href":"https:\/\/focas.uniso.br\/index.php\/wp-json\/wp\/v2\/types\/post"}],"author":[{"embeddable":true,"href":"https:\/\/focas.uniso.br\/index.php\/wp-json\/wp\/v2\/users\/1"}],"replies":[{"embeddable":true,"href":"https:\/\/focas.uniso.br\/index.php\/wp-json\/wp\/v2\/comments?post=5566"}],"version-history":[{"count":1,"href":"https:\/\/focas.uniso.br\/index.php\/wp-json\/wp\/v2\/posts\/5566\/revisions"}],"predecessor-version":[{"id":5568,"href":"https:\/\/focas.uniso.br\/index.php\/wp-json\/wp\/v2\/posts\/5566\/revisions\/5568"}],"wp:attachment":[{"href":"https:\/\/focas.uniso.br\/index.php\/wp-json\/wp\/v2\/media?parent=5566"}],"wp:term":[{"taxonomy":"category","embeddable":true,"href":"https:\/\/focas.uniso.br\/index.php\/wp-json\/wp\/v2\/categories?post=5566"},{"taxonomy":"post_tag","embeddable":true,"href":"https:\/\/focas.uniso.br\/index.php\/wp-json\/wp\/v2\/tags?post=5566"}],"curies":[{"name":"wp","href":"https:\/\/api.w.org\/{rel}","templated":true}]}}