{"id":5569,"date":"2026-04-30T09:07:35","date_gmt":"2026-04-30T12:07:35","guid":{"rendered":"https:\/\/focas.uniso.br\/?p=5569"},"modified":"2026-04-30T09:07:35","modified_gmt":"2026-04-30T12:07:35","slug":"assessoria-de-imprensa-para-nichos-orienta-estudantes-sobre-carreira-e-mercado-em-palestra-na-uniso","status":"publish","type":"post","link":"https:\/\/focas.uniso.br\/index.php\/2026\/04\/30\/assessoria-de-imprensa-para-nichos-orienta-estudantes-sobre-carreira-e-mercado-em-palestra-na-uniso\/","title":{"rendered":"Assessoria de imprensa para nichos orienta estudantes sobre carreira e mercado em palestra na Uniso"},"content":{"rendered":"\n<p><em>Jornalista defendeu repert\u00f3rio amplo e atua\u00e7\u00e3o estrat\u00e9gica para dar visibilidade a artistas independentes em um mercado cada vez mais competitivo<\/em>.<\/p>\n\n\n\n<p>Por Rayane Luana Azevedo (Ag\u00eancia Focas \u2013 Jornalismo Uniso) <em><\/em><\/p>\n\n\n\n<figure class=\"wp-block-image aligncenter size-full is-resized\"><img loading=\"lazy\" decoding=\"async\" width=\"752\" height=\"347\" src=\"https:\/\/focas.uniso.br\/wp-content\/uploads\/2026\/04\/image-10.jpeg\" alt=\"\" class=\"wp-image-5571\" style=\"width:760px;height:auto\" srcset=\"https:\/\/focas.uniso.br\/wp-content\/uploads\/2026\/04\/image-10.jpeg 752w, https:\/\/focas.uniso.br\/wp-content\/uploads\/2026\/04\/image-10-300x138.jpeg 300w\" sizes=\"auto, (max-width: 752px) 100vw, 752px\" \/><\/figure>\n\n\n\n<p class=\"has-text-align-center\"><sub>Alunos do 5\u00ba semestre de Jornalismo da Uniso ao lado de Felipe Shikama e da professora M\u00f4nica Cristina Ribeiro Gomes | Foto: Gabri\u00e9la Bandeira Santos<\/sub><\/p>\n\n\n\n<p>O jornalista Felipe Shikama, em palestra sobre assessoria de imprensa para nichos, apresentou aos estudantes do 5\u00ba semestre de Jornalismo da Universidade de Sorocaba (Uniso) caminhos poss\u00edveis de atua\u00e7\u00e3o profissional e reflex\u00f5es sobre carreira na \u00e1rea. O encontro foi realizado na \u00faltima segunda-feira (27), durante a disciplina ministrada pela professora M\u00f4nica Cristina Ribeiro Gomes.<\/p>\n\n\n\n<p>Intitulada \u201cAssessoria de Imprensa para nicho (ou o que eu gostaria que tivessem me contado quando decidi ser jornalista)\u201d, a palestra reuniu experi\u00eancias pr\u00e1ticas e conceitos sobre mercado, empreendedorismo e constru\u00e7\u00e3o profissional.<\/p>\n\n\n\n<p>Sorocabano, Shikama tem 40 anos e acumula experi\u00eancias em diferentes \u00e1reas da comunica\u00e7\u00e3o. Formado em Jornalismo pela Uniso, possui especializa\u00e7\u00e3o em Jornalismo Social pela PUC e tamb\u00e9m forma\u00e7\u00e3o complementar em document\u00e1rio e pol\u00edticas p\u00fablicas. Ao longo da carreira, atuou como rep\u00f3rter, redator, profissional de marketing e, atualmente, trabalha com assessoria de imprensa voltada a nichos culturais, al\u00e9m de manter uma atua\u00e7\u00e3o paralela como m\u00fasico e curador.<\/p>\n\n\n\n<p><\/p>\n\n\n\n<p><strong>Carreira e trajet\u00f3ria<\/strong><\/p>\n\n\n\n<p>Durante a palestra, o jornalista destacou que a constru\u00e7\u00e3o da carreira n\u00e3o segue um caminho linear. \u201cCarreira n\u00e3o \u00e9 fazer a mesma coisa a vida toda. \u00c9 fazer escolhas que levem a uma dire\u00e7\u00e3o\u201d, afirmou Felipe.<\/p>\n\n\n\n<p>Ele ressaltou ainda que cada experi\u00eancia contribui para o desenvolvimento de habilidades diferentes. A atua\u00e7\u00e3o no r\u00e1dio, por exemplo, favoreceu a comunica\u00e7\u00e3o oral e a organiza\u00e7\u00e3o do pensamento em tempo real. J\u00e1 o trabalho com cultura ampliou a sensibilidade art\u00edstica, enquanto a publicidade trouxe uma vis\u00e3o estrat\u00e9gica sobre mercado e gera\u00e7\u00e3o de valor. De acordo com Shikama, dois fatores s\u00e3o essenciais nesse processo: experi\u00eancia e networking.<\/p>\n\n\n\n<p>Um dos conceitos centrais abordados foi o de \u201ctransfer\u00eancia de dom\u00ednio\u201d, que consiste em aplicar aprendizados de diferentes \u00e1reas em novos contextos. Para o palestrante, esse repert\u00f3rio acumulado permite desenvolver estrat\u00e9gias mais criativas e eficientes.<\/p>\n\n\n\n<p>Nesse sentido, ele destacou que o pensamento de rep\u00f3rter pode ser aplicado na constru\u00e7\u00e3o de estrat\u00e9gias de comunica\u00e7\u00e3o, enquanto o repert\u00f3rio cultural contribui para a cria\u00e7\u00e3o de narrativas e a publicidade auxilia na venda de servi\u00e7os: \u201ccada experi\u00eancia me deu habilidades diferentes\u201d, pontuou.<\/p>\n\n\n\n<p>\u201cCarreira n\u00e3o \u00e9 linha ascendente. \u00c9 ac\u00famulo de experi\u00eancias\u201d, refor\u00e7ou. Segundo ele, ao longo desse processo, o profissional passa a identificar o que chama sua aten\u00e7\u00e3o e quais caminhos deseja seguir. \u201cVale o esfor\u00e7o, porque quando voc\u00ea descobre, h\u00e1 um desbloqueio para ampliar seus gostos\u201d, completou.<\/p>\n\n\n\n<figure class=\"wp-block-image aligncenter size-full is-resized\"><img loading=\"lazy\" decoding=\"async\" width=\"506\" height=\"377\" src=\"https:\/\/focas.uniso.br\/wp-content\/uploads\/2026\/04\/image-11.jpeg\" alt=\"\" class=\"wp-image-5570\" style=\"width:760px;height:auto\" srcset=\"https:\/\/focas.uniso.br\/wp-content\/uploads\/2026\/04\/image-11.jpeg 506w, https:\/\/focas.uniso.br\/wp-content\/uploads\/2026\/04\/image-11-300x224.jpeg 300w\" sizes=\"auto, (max-width: 506px) 100vw, 506px\" \/><\/figure>\n\n\n\n<p class=\"has-text-align-center\"><sub>Felipe Shikama durante palestra para alunos de Jornalismo da Uniso | Foto: Rayane Azevedo<\/sub><\/p>\n\n\n\n<p><\/p>\n\n\n\n<p><strong>Pr\u00e1tica da assessoria e mercado de trabalho<\/strong><\/p>\n\n\n\n<p>O assessor tamb\u00e9m falou sobre sua atua\u00e7\u00e3o atual, voltada a artistas independentes e projetos culturais, e destacou que a assessoria de imprensa vai al\u00e9m da divulga\u00e7\u00e3o. \u201cN\u00e3o \u00e9 s\u00f3 assessoria, \u00e9 ajudar a construir o artista como produto\u201d, explicou Felipe.<\/p>\n\n\n\n<p>Ao abordar a rotina da profiss\u00e3o, destacou a import\u00e2ncia de identificar o valor-not\u00edcia e mapear oportunidades de visibilidade. Quando isso n\u00e3o ocorre, o assessor deve orientar o cliente no amadurecimento do trabalho.<\/p>\n\n\n\n<p>Em outro momento, durante a intera\u00e7\u00e3o com os alunos, o jornalista respondeu a questionamentos sobre o mercado e as oportunidades de trabalho. Ele explicou que o direcionamento dos releases costuma ser feito para ve\u00edculos especializados, j\u00e1 que o acesso \u00e0 grande m\u00eddia \u00e9 mais restrito e frequentemente condicionado a interesses comerciais.<\/p>\n\n\n\n<p>As redes sociais, segundo ele, funcionam como aliadas para ampliar o alcance dos artistas e romper a limita\u00e7\u00e3o do p\u00fablico j\u00e1 consolidado, podendo inclusive se tornar um servi\u00e7o complementar dentro da assessoria.<\/p>\n\n\n\n<p>Ao comentar sobre o papel do profissional, o jornalista chamou a aten\u00e7\u00e3o para a constru\u00e7\u00e3o da informa\u00e7\u00e3o: \u201ca grande not\u00edcia n\u00e3o chega por e-mail, mas \u00e9 buscada e constru\u00edda pelo rep\u00f3rter\u201d. Ao final, ap\u00f3s outra pergunta, Felipe falou sobre precifica\u00e7\u00e3o e orientou que o trabalho deve ser visto como investimento: \u201c\u00e9 preciso pensar no valor que voc\u00ea gera e no valor do seu tempo\u201d, concluiu.<\/p>\n","protected":false},"excerpt":{"rendered":"<p>Jornalista defendeu repert\u00f3rio amplo e atua\u00e7\u00e3o estrat\u00e9gica para dar visibilidade a artistas independentes em um mercado cada vez mais competitivo.<\/p>\n","protected":false},"author":1,"featured_media":0,"comment_status":"open","ping_status":"open","sticky":false,"template":"","format":"standard","meta":{"colormag_page_container_layout":"default_layout","colormag_page_sidebar_layout":"default_layout","footnotes":""},"categories":[15,16,9,37,14],"tags":[41,29,28],"class_list":["post-5569","post","type-post","status-publish","format-standard","hentry","category-jornalismo","category-jornalismo-digital","category-jornalismo-online","category-sorocaba","category-uniso","tag-focas-na-rede","tag-jornalismo","tag-uniso"],"featured_image_urls":{"full":"","thumbnail":"","medium":"","medium_large":"","large":"","1536x1536":"","2048x2048":"","colormag-highlighted-post":"","colormag-featured-post-medium":"","colormag-featured-post-small":"","colormag-featured-image":"","colormag-default-news":"","colormag-featured-image-large":""},"author_info":{"info":["focas"]},"category_info":"<a href=\"https:\/\/focas.uniso.br\/index.php\/category\/jornalismo\/\" rel=\"category tag\">Jornalismo<\/a> <a href=\"https:\/\/focas.uniso.br\/index.php\/category\/jornalismo-digital\/\" rel=\"category tag\">jornalismo digital<\/a> <a href=\"https:\/\/focas.uniso.br\/index.php\/category\/jornalismo-online\/\" rel=\"category tag\">jornalismo online<\/a> <a href=\"https:\/\/focas.uniso.br\/index.php\/category\/sorocaba\/\" rel=\"category tag\">Sorocaba<\/a> <a href=\"https:\/\/focas.uniso.br\/index.php\/category\/uniso\/\" rel=\"category tag\">Uniso<\/a>","tag_info":"Uniso","comment_count":"0","_links":{"self":[{"href":"https:\/\/focas.uniso.br\/index.php\/wp-json\/wp\/v2\/posts\/5569","targetHints":{"allow":["GET"]}}],"collection":[{"href":"https:\/\/focas.uniso.br\/index.php\/wp-json\/wp\/v2\/posts"}],"about":[{"href":"https:\/\/focas.uniso.br\/index.php\/wp-json\/wp\/v2\/types\/post"}],"author":[{"embeddable":true,"href":"https:\/\/focas.uniso.br\/index.php\/wp-json\/wp\/v2\/users\/1"}],"replies":[{"embeddable":true,"href":"https:\/\/focas.uniso.br\/index.php\/wp-json\/wp\/v2\/comments?post=5569"}],"version-history":[{"count":1,"href":"https:\/\/focas.uniso.br\/index.php\/wp-json\/wp\/v2\/posts\/5569\/revisions"}],"predecessor-version":[{"id":5572,"href":"https:\/\/focas.uniso.br\/index.php\/wp-json\/wp\/v2\/posts\/5569\/revisions\/5572"}],"wp:attachment":[{"href":"https:\/\/focas.uniso.br\/index.php\/wp-json\/wp\/v2\/media?parent=5569"}],"wp:term":[{"taxonomy":"category","embeddable":true,"href":"https:\/\/focas.uniso.br\/index.php\/wp-json\/wp\/v2\/categories?post=5569"},{"taxonomy":"post_tag","embeddable":true,"href":"https:\/\/focas.uniso.br\/index.php\/wp-json\/wp\/v2\/tags?post=5569"}],"curies":[{"name":"wp","href":"https:\/\/api.w.org\/{rel}","templated":true}]}}